{"id":81540,"date":"2022-09-21T01:02:36","date_gmt":"2022-09-20T21:02:36","guid":{"rendered":"https:\/\/fedai.az\/?p=81540"},"modified":"2022-09-21T01:26:44","modified_gmt":"2022-09-20T21:26:44","slug":"%c9%99rdogan-bmt-nin-yuks%c9%99k-kursusund%c9%99n-h%c9%99r-zaman-az%c9%99rbaycanli-qardaslarimizin-yanindayiq-dedi","status":"publish","type":"post","link":"https:\/\/fedai.az\/?p=81540","title":{"rendered":"\u018frdo\u011fan BMT-nin y\u00fcks\u0259k k\u00fcrs\u00fcs\u00fcnd\u0259n: H\u0259r zaman az\u0259rbaycanl\u0131 qarda\u015flar\u0131m\u0131z\u0131n yan\u0131nday\u0131q &#8212; dedi"},"content":{"rendered":"\n<p><strong>T\u00fcrkiy\u0259 Prezidenti R\u0259c\u0259b Tayyib \u018frdo\u011fan BMT-nin Ba\u015f Assambleyas\u0131nda \u00e7\u0131x\u0131\u015f edib.<\/strong><\/p>\n\n\n\n<p>O, \u00e7\u0131x\u0131\u015f\u0131 zaman\u0131&nbsp;Ukrayna, Suriya v\u0259 C\u0259nubi Qafqazdak\u0131 v\u0259ziyy\u0259td\u0259n dan\u0131\u015f\u0131b.<\/p>\n\n\n\n<p>\u018frdo\u011fan bildirib ki, Az\u0259rbaycan\u0131n i\u015f\u011fal alt\u0131nda olan torpaqlar\u0131n\u0131 azad etm\u0259si il\u0259 C\u0259nubi Qafqazda davaml\u0131 s\u00fclh v\u0259 sabitliyin t\u0259minat\u0131 \u00fc\u00e7\u00fcn tarixi f\u00fcrs\u0259t p\u0259nc\u0259r\u0259si a\u00e7\u0131l\u0131b:&nbsp;&#171;T\u00fcrkiy\u0259 olaraq \u00e7ox m\u00fch\u00fcm add\u0131mlar atd\u0131q. B\u00f6lg\u0259d\u0259 \u00f6lk\u0259mizl\u0259 s\u0131x ba\u011fl\u0131 olan n\u0259qliyyat \u0259laq\u0259l\u0259rinin a\u00e7\u0131lmas\u0131 region \u00f6lk\u0259l\u0259ri \u00fc\u00e7\u00fcn m\u00fch\u00fcm inki\u015faf olacaq&#187;.<\/p>\n\n\n\n<p>&#171;Biz T\u00fcrkiy\u0259 olaraq Az\u0259rbaycanla Erm\u0259nistan aras\u0131nda ged\u0259n prosesl\u0259ri d\u0259st\u0259kl\u0259m\u0259k \u00fc\u00e7\u00fcn add\u0131mlar atm\u0131\u015f\u0131q. Son zamanlar ba\u015f ver\u0259n m\u00fcnaqi\u015f\u0259l\u0259r bu g\u00f6z\u0259l iqlim\u0259 k\u00f6lg\u0259 salsa da, biz hesab edirik ki, \u0259n q\u0131sa zamanda iki \u00f6lk\u0259 aras\u0131nda h\u0259rt\u0259r\u0259fli s\u00fclh sazi\u015fi imzalamaq m\u00fcmk\u00fcnd\u00fcr.&nbsp;Biz Az\u0259rbaycanl\u0131 qarda\u015flar\u0131m\u0131z\u0131n h\u00fcquqlar\u0131n\u0131n v\u0259 g\u0259l\u0259c\u0259kl\u0259rinin qurulmas\u0131nda h\u0259r zaman yan\u0131nda olaca\u011f\u0131q&#187;, &#8212; \u018frdo\u011fan deyib.<\/p>\n\n\n\n<figure class=\"wp-block-embed is-type-video is-provider-youtube wp-block-embed-youtube wp-embed-aspect-16-9 wp-has-aspect-ratio\"><div class=\"wp-block-embed__wrapper\">\n<iframe loading=\"lazy\" title=\"\u275dYunanistan hukuksuz, pervas\u0131z geri itmeleriyle Ege&#039;yi m\u00fclteci mezarl\u0131\u011f\u0131na \u00e7evirmektedir\u275e\" width=\"715\" height=\"402\" src=\"https:\/\/www.youtube.com\/embed\/QkYM6MdeFD0?feature=oembed\" frameborder=\"0\" allow=\"accelerometer; autoplay; clipboard-write; encrypted-media; gyroscope; picture-in-picture\" allowfullscreen><\/iframe>\n<\/div><\/figure>\n","protected":false},"excerpt":{"rendered":"<p>T\u00fcrkiy\u0259 Prezidenti R\u0259c\u0259b Tayyib \u018frdo\u011fan BMT-nin Ba\u015f Assambleyas\u0131nda \u00e7\u0131x\u0131\u015f edib. O, \u00e7\u0131x\u0131\u015f\u0131 zaman\u0131&nbsp;Ukrayna, Suriya v\u0259 C\u0259nubi Qafqazdak\u0131 v\u0259ziyy\u0259td\u0259n dan\u0131\u015f\u0131b. \u018frdo\u011fan bildirib ki, Az\u0259rbaycan\u0131n i\u015f\u011fal<\/p>\n","protected":false},"author":2,"featured_media":81541,"comment_status":"closed","ping_status":"closed","sticky":false,"template":"","format":"standard","meta":{"footnotes":""},"categories":[1],"tags":[],"class_list":["post-81540","post","type-post","status-publish","format-standard","has-post-thumbnail","hentry","category-siyast"],"aioseo_notices":[],"_links":{"self":[{"href":"https:\/\/fedai.az\/index.php?rest_route=\/wp\/v2\/posts\/81540","targetHints":{"allow":["GET"]}}],"collection":[{"href":"https:\/\/fedai.az\/index.php?rest_route=\/wp\/v2\/posts"}],"about":[{"href":"https:\/\/fedai.az\/index.php?rest_route=\/wp\/v2\/types\/post"}],"author":[{"embeddable":true,"href":"https:\/\/fedai.az\/index.php?rest_route=\/wp\/v2\/users\/2"}],"replies":[{"embeddable":true,"href":"https:\/\/fedai.az\/index.php?rest_route=%2Fwp%2Fv2%2Fcomments&post=81540"}],"version-history":[{"count":2,"href":"https:\/\/fedai.az\/index.php?rest_route=\/wp\/v2\/posts\/81540\/revisions"}],"predecessor-version":[{"id":81544,"href":"https:\/\/fedai.az\/index.php?rest_route=\/wp\/v2\/posts\/81540\/revisions\/81544"}],"wp:featuredmedia":[{"embeddable":true,"href":"https:\/\/fedai.az\/index.php?rest_route=\/wp\/v2\/media\/81541"}],"wp:attachment":[{"href":"https:\/\/fedai.az\/index.php?rest_route=%2Fwp%2Fv2%2Fmedia&parent=81540"}],"wp:term":[{"taxonomy":"category","embeddable":true,"href":"https:\/\/fedai.az\/index.php?rest_route=%2Fwp%2Fv2%2Fcategories&post=81540"},{"taxonomy":"post_tag","embeddable":true,"href":"https:\/\/fedai.az\/index.php?rest_route=%2Fwp%2Fv2%2Ftags&post=81540"}],"curies":[{"name":"wp","href":"https:\/\/api.w.org\/{rel}","templated":true}]}}