{"id":81545,"date":"2022-09-21T01:38:41","date_gmt":"2022-09-20T21:38:41","guid":{"rendered":"https:\/\/fedai.az\/?p=81545"},"modified":"2022-09-21T01:38:45","modified_gmt":"2022-09-20T21:38:45","slug":"s%c9%99hidl%c9%99rimizin-h%c9%99yat-hekay%c9%99l%c9%99ri-s%c9%99hid-ravil-humb%c9%99tov","status":"publish","type":"post","link":"https:\/\/fedai.az\/?p=81545","title":{"rendered":"\u015e\u0259hidl\u0259rimizin\u00a0h\u0259yat hekay\u0259l\u0259ri: \u015e\u0259hid Ravil H\u00fcmb\u0259tov"},"content":{"rendered":"\n<p><strong>\u015e\u0259hid Ravil H\u00fcmb\u0259tovun bac\u0131s\u0131:\u00a0\u201cAlt\u0131 ya\u015f\u0131nda \u00e7\u0131xd\u0131\u011f\u0131 rayonumuza silahla geri qay\u0131td\u0131\u201d<\/strong><\/p>\n\n\n\n<p><strong>&#171;Qarda\u015f\u0131m deyirdi ki, ya milli q\u0259hr\u0259man olacam, ya da general. Arzusu qism\u0259t olmad\u0131\u201d.<\/strong><\/p>\n\n\n\n<p> Bu s\u00f6zl\u0259ri \u015f\u0259hid Ravil H\u00fcmb\u0259tovun bac\u0131s\u0131 Sevda Babayeva qarda\u015f\u0131n\u0131n d\u0259fn m\u0259rasimind\u0259 m\u0259tbuata a\u00e7\u0131qlamas\u0131nda demi\u015fdi.<\/p>\n\n\n\n<p>O bildirmi\u015fdi ki, qarda\u015f\u0131 bu il komando t\u0259limind\u0259 birinci yer\u0259 \u00e7\u0131xm\u0131\u015fd\u0131:<\/p>\n\n\n\n<p>&#171;Ravil sev\u0259-sev\u0259 h\u0259rb\u00e7i olmu\u015fdu. H\u0259rbi t\u0259liml\u0259r\u0259 qat\u0131l\u0131rd\u0131. X\u00fcsusi t\u0259yinatl\u0131 idi. Baxmayaraq ki, tam ba\u015fqa sah\u0259 \u00fczr\u0259 t\u0259hsil alm\u0131\u015fd\u0131 V\u0259t\u0259nini h\u0259r \u015feyd\u0259n \u00e7ox sevirdi. 44 g\u00fcnl\u00fck V\u0259t\u0259n m\u00fcharib\u0259sinin i\u015ftirak\u00e7\u0131s\u0131 olub. D\u00f6y\u00fc\u015fl\u0259rd\u0259 g\u00f6st\u0259rdiyi \u015f\u00fcca\u0259t\u0259 g\u00f6r\u0259 be\u015f medalla t\u0259ltif edilib.<\/p>\n\n\n\n<p>V\u0259t\u0259nin\u0259, mill\u0259tin\u0259 layiqli \u00f6vlad idi. Ail\u0259li idi, iki g\u00fcl balas\u0131 qald\u0131. K\u00f6rp\u0259 balas\u0131 be\u015f ayl\u0131qd\u0131, c\u0259mi \u00fc\u00e7 g\u00fcn g\u00f6rd\u00fc, balas\u0131n\u0131. Sonuncu d\u0259f\u0259 bir ay qabaq dan\u0131\u015fm\u0131\u015fd\u0131q. Qarda\u015f\u0131m C\u0259bray\u0131l\u0131n i\u015f\u011faldan azad olunmas\u0131nda i\u015ftirak edib. <strong>Alt\u0131 ya\u015f\u0131nda \u00e7\u0131xd\u0131\u011f\u0131 rayona silahla geri qay\u0131td\u0131. La\u00e7\u0131na q\u0259d\u0259r ged\u0259n d\u00f6y\u00fc\u015fl\u0259rd\u0259 vuru\u015fub.<\/strong><\/p>\n\n\n\n<p>Amma sentyabr\u0131n 12-d\u0259 Erm\u0259nistan Silahl\u0131 q\u00fcvv\u0259l\u0259rinin t\u00f6r\u0259tdiyi t\u0259xribat\u0131n qar\u015f\u0131s\u0131n\u0131 alark\u0131n \u015f\u0259hid olub. Qarda\u015f\u0131m \u015f\u0259hid olanda biz\u0259 yaralan\u0131b dedil\u0259r. <\/p>\n\n\n\n<p>T\u0259la\u015fland\u0131q, x\u0259st\u0259xana soru\u015facaqd\u0131q, bizd\u0259n ev \u00fcnvan\u0131m\u0131z\u0131 soru\u015fdular. Onda \u015f\u00fcbh\u0259l\u0259ndik ki, yaral\u0131n\u0131 ev\u0259 g\u0259tirm\u0259zl\u0259r. Allah b\u00fct\u00fcn \u015f\u0259hidl\u0259rimiz\u0259 r\u0259hm\u0259t el\u0259sin\u201d.<\/p>\n\n\n\n<figure class=\"wp-block-image size-full is-resized\"><img loading=\"lazy\" decoding=\"async\" src=\"https:\/\/fedai.az\/wp-content\/uploads\/2022\/09\/ravil.jpg\" alt=\"\" class=\"wp-image-81546\" width=\"1096\" height=\"730\" srcset=\"https:\/\/fedai.az\/wp-content\/uploads\/2022\/09\/ravil.jpg 620w, https:\/\/fedai.az\/wp-content\/uploads\/2022\/09\/ravil-300x200.jpg 300w, https:\/\/fedai.az\/wp-content\/uploads\/2022\/09\/ravil-150x100.jpg 150w\" sizes=\"auto, (max-width: 1096px) 100vw, 1096px\" \/><\/figure>\n\n\n\n<p><strong>Erm\u0259ni silahl\u0131 birl\u0259\u015fm\u0259l\u0259rinin Erm\u0259nistan-Az\u0259rbaycan s\u0259rh\u0259dind\u0259 t\u00f6r\u0259tdiyi t\u0259xribat n\u0259tic\u0259sind\u0259 \u015f\u0259hid olanlardan biri d\u0259 X\u00fcsusi T\u0259yinatl\u0131 Q\u00fcvv\u0259l\u0259rin zabiti, leytenant Ravil M\u00fcbariz o\u011flu H\u00fcmb\u0259tovdur.<\/strong><br><br>\u018fsl\u0259n C\u0259bray\u0131l\u0131n Yar\u0259hm\u0259dli k\u0259ndind\u0259n olan Ravil H\u00fcmb\u0259tov 1987-ci il oktyabr\u0131n 10-da d\u00fcnyaya g\u00f6z a\u00e7\u0131b. Ravil H\u00fcmb\u0259tov M\u0259d\u0259niyy\u0259t v\u0259 \u0130nc\u0259s\u0259n\u0259t Universitetini bitirs\u0259 d\u0259, meylini h\u0259rbi sah\u0259y\u0259 y\u00f6n\u0259ldib.<br><br>Bu ilin may\u0131nda k\u00f6n\u00fcll\u00fc olaraq \u0259m\u0259liyyat (komando) h\u0259rbi hiss\u0259l\u0259rind\u0259 m\u00fcdd\u0259td\u0259n art\u0131q h\u0259qiqi h\u0259rbi xidm\u0259t\u0259 daxil olub.<\/p>\n\n\n\n<p>&#171;\u00d6l\u00fcm\u00fcnd\u0259n bir h\u0259ft\u0259 \u0259vv\u0259l &#171;m\u0259niml\u0259 f\u0259xr ed\u0259c\u0259ks\u0259n, Milli Q\u0259hr\u0259man olaca\u011fam&#187; &#8212; dedi. D\u00fc\u015f\u00fcnd\u00fcm ki, b\u0259lk\u0259 V\u0259t\u0259n m\u00fcharib\u0259sind\u0259 d\u00f6y\u00fc\u015fd\u00fcy\u00fcn\u0259 g\u00f6r\u0259 hans\u0131sa m\u00fckafat v\u0259 ya medalla t\u0259ltif olunacaq. \u00d6z\u00fcnd\u0259n d\u0259 soru\u015fdum. &#171;G\u00f6r\u0259c\u0259ks\u0259n, soru\u015fma&#187; &#8212; dey\u0259 s\u00f6hb\u0259ti yay\u0131nd\u0131rd\u0131&#8230; S\u0259n dem\u0259 \u015f\u0259hid olaca\u011f\u0131n\u0131 n\u0259z\u0259rd\u0259 tuturmu\u015f&#8230; \u0130ndi \u015f\u0259hidin \u00f6z\u00fcnd\u0259n sonra 3 ya\u015fl\u0131 v\u0259 5 ayl\u0131q q\u0131z \u00f6vladlar\u0131 qald\u0131&#8230;&#187;<br><br>Bu s\u00f6zl\u0259ri \u00fcr\u0259k yan\u011f\u0131s\u0131 il\u0259 bizim.media-ya \u015f\u0259hidin h\u0259yat yolda\u015f\u0131 Leyla H\u00fcmb\u0259tova deyib.<\/p>\n\n\n\n<p>O, iki azya\u015fl\u0131 q\u0131zlar\u0131n\u0131n h\u0259r g\u00fcn atalar\u0131n\u0131 axtarmalar\u0131na d\u00f6z\u0259 bilm\u0259diyini dil\u0259 g\u0259tirib:<\/p>\n\n\n\n<p>&#171;\u0130kinci \u00f6vlad\u0131n\u0131 c\u0259mi 2 g\u00fcn g\u00f6r\u0259 bildi. Xidm\u0259td\u0259 oldu\u011fu d\u00f6vrd\u0259 h\u0259r g\u00fcn g\u00f6r\u00fcnt\u00fcl\u00fc dan\u0131\u015f\u0131rd\u0131q.<\/p>\n\n\n\n<p>&#171;Q\u0131zlar\u0131m\u0131 g\u00f6st\u0259r&#187; deyirdi. Onun yoxlu\u011fu \u00e7ox a\u011f\u0131rd\u0131r. \u0130ndi 3 ya\u015fl\u0131 q\u0131z\u0131m\u0131n &#171;Atam g\u0259l\u0259c\u0259k?&#187; sual\u0131na cavab ver\u0259 bilmir\u0259m. Sonuncu d\u0259f\u0259 onunla sentyabr\u0131n 12-si gec\u0259 dan\u0131\u015fd\u0131q. M\u0259n\u0259 &#171;ola bil\u0259r ki, telefonuma z\u0259ng \u00e7atmas\u0131n. S\u0259n narahat olma. \u00d6z\u00fcm siz\u0259 z\u0259ng ed\u0259c\u0259y\u0259m. El\u0259 bir yer\u0259 ged\u0259c\u0259y\u0259m ki, orada \u015f\u0259b\u0259k\u0259 olmayacaq&#187; &#8212; dedi. \u00dcr\u0259yim\u0259 \u015f\u00fcbh\u0259 d\u00fc\u015fd\u00fc. S\u0259h\u0259r 6-ya 27 d\u0259qiq\u0259 i\u015fl\u0259mi\u015f &#171;WhatsApp&#187;da oldu\u011funu g\u00f6rd\u00fcm. Tez ona yazd\u0131m ki, x\u0259b\u0259r al\u0131m. Mesaj\u0131m \u00e7atmad\u0131. Z\u0259ng etdim, \u0259laq\u0259 ba\u015f tutmad\u0131. 3 saat sonra \u015f\u0259hid x\u0259b\u0259rini ald\u0131m. B\u0259lk\u0259 d\u0259 telefonunu \u0259lin\u0259 al\u0131b ki, biz\u0259 yazs\u0131n v\u0259 n\u0259s\u0259 desin. Amma yazmay\u0131b&#8230; M\u0259lumat var ki, saat 6-7 aral\u0131\u011f\u0131nda \u015f\u0259hid olub&#187;.&nbsp;<\/p>\n\n\n\n<p>\u015e\u0259hidin h\u0259yat yolda\u015f\u0131 il\u0259 s\u00f6hb\u0259td\u0259 o da m\u0259lum oldu ki, Leyla H\u00fcmb\u0259tova 2 azya\u015fl\u0131 \u00f6vlad\u0131 il\u0259 kiray\u0259d\u0259 qal\u0131r:<\/p>\n\n\n\n<p><strong>&#171;Bir ne\u00e7\u0259 g\u00fcn \u0259vv\u0259l ev sahibi kiray\u0259 haqq\u0131n\u0131 almaq \u00fc\u00e7\u00fcn g\u0259lmi\u015fdi. M\u0259nd\u0259n soru\u015fur ki, \u00e7\u0131x\u0131rs\u0131n\u0131z, ya qal\u0131rs\u0131n\u0131z? Dedim getm\u0259y\u0259 yerimiz yoxdur, hara ged\u0259k? Bu d\u0259f\u0259 370 manat\u0131 \u00f6d\u0259dik, getdi.<\/strong><\/p>\n\n\n\n<p>\u018fvv\u0259l r\u0259qs m\u00fc\u0259llimi kimi \u00e7al\u0131\u015fm\u0131\u015fam. \u0130kinci \u00f6vlad\u0131m olandan sonra i\u015fl\u0259mir\u0259m. H\u0259l\u0259 ki he\u00e7 yerd\u0259n maddi d\u0259st\u0259yim yoxdur. \u00d6z\u00fcm d\u0259 he\u00e7 kim\u0259 v\u0259 he\u00e7 yer\u0259 m\u00fcraci\u0259t etmir\u0259m. \u0130ki q\u0131z b\u00f6y\u00fcd\u00fcr\u0259m, bilir\u0259m ki, m\u0259n\u0259 \u00e7ox \u00e7\u0259tin olacaq&#187;, &#8212; \u015f\u0259hidin h\u0259yat yolda\u015f\u0131 \u0259lav\u0259 edib.<\/p>\n\n\n\n<p>X\u00fcsusi T\u0259yinatl\u0131 Q\u00fcvv\u0259l\u0259rin zabiti, leytenant Ravil M\u00fcbariz o\u011flu H\u00fcmb\u0259tov II \u015e\u0259hidl\u0259r Xiyaban\u0131nda d\u0259fn olunub.<\/p>\n\n\n\n<p><\/p>\n","protected":false},"excerpt":{"rendered":"<p>\u015e\u0259hid Ravil H\u00fcmb\u0259tovun bac\u0131s\u0131:\u00a0\u201cAlt\u0131 ya\u015f\u0131nda \u00e7\u0131xd\u0131\u011f\u0131 rayonumuza silahla geri qay\u0131td\u0131\u201d &#171;Qarda\u015f\u0131m deyirdi ki, ya milli q\u0259hr\u0259man olacam, ya da general. Arzusu qism\u0259t olmad\u0131\u201d. Bu<\/p>\n","protected":false},"author":2,"featured_media":0,"comment_status":"closed","ping_status":"closed","sticky":false,"template":"","format":"standard","meta":{"footnotes":""},"categories":[4],"tags":[],"class_list":["post-81545","post","type-post","status-publish","format-standard","hentry","category-qarabag"],"aioseo_notices":[],"_links":{"self":[{"href":"https:\/\/fedai.az\/index.php?rest_route=\/wp\/v2\/posts\/81545","targetHints":{"allow":["GET"]}}],"collection":[{"href":"https:\/\/fedai.az\/index.php?rest_route=\/wp\/v2\/posts"}],"about":[{"href":"https:\/\/fedai.az\/index.php?rest_route=\/wp\/v2\/types\/post"}],"author":[{"embeddable":true,"href":"https:\/\/fedai.az\/index.php?rest_route=\/wp\/v2\/users\/2"}],"replies":[{"embeddable":true,"href":"https:\/\/fedai.az\/index.php?rest_route=%2Fwp%2Fv2%2Fcomments&post=81545"}],"version-history":[{"count":1,"href":"https:\/\/fedai.az\/index.php?rest_route=\/wp\/v2\/posts\/81545\/revisions"}],"predecessor-version":[{"id":81548,"href":"https:\/\/fedai.az\/index.php?rest_route=\/wp\/v2\/posts\/81545\/revisions\/81548"}],"wp:attachment":[{"href":"https:\/\/fedai.az\/index.php?rest_route=%2Fwp%2Fv2%2Fmedia&parent=81545"}],"wp:term":[{"taxonomy":"category","embeddable":true,"href":"https:\/\/fedai.az\/index.php?rest_route=%2Fwp%2Fv2%2Fcategories&post=81545"},{"taxonomy":"post_tag","embeddable":true,"href":"https:\/\/fedai.az\/index.php?rest_route=%2Fwp%2Fv2%2Ftags&post=81545"}],"curies":[{"name":"wp","href":"https:\/\/api.w.org\/{rel}","templated":true}]}}