{"id":81549,"date":"2022-09-21T01:43:05","date_gmt":"2022-09-20T21:43:05","guid":{"rendered":"https:\/\/fedai.az\/?p=81549"},"modified":"2022-09-21T23:07:12","modified_gmt":"2022-09-21T19:07:12","slug":"nusr%c9%99t-k%c9%99s%c9%99m%c9%99nlinin-n%c9%99v%c9%99si-qazi-cavidanla-teatir-direktorunun-n%c9%99-problemi-var","status":"publish","type":"post","link":"https:\/\/fedai.az\/?p=81549","title":{"rendered":"N\u00fcsr\u0259t K\u0259s\u0259m\u0259nlinin n\u0259v\u0259si, qazi Cavidanla teatr direktorunun n\u0259 problemi var?"},"content":{"rendered":"\n<p><strong>Cavidan K\u0259s\u0259m\u0259nli Az\u0259rbaycan D\u00f6vl\u0259t M\u0259d\u0259niyy\u0259t v\u0259 \u0130nc\u0259s\u0259n\u0259t Universitetinin Aktyorluq fak\u00fclt\u0259sinin bakalavr v\u0259 magistr pill\u0259l\u0259rini bitirib. Ali t\u0259hsili bitirdikd\u0259n sonra is\u0259 h\u0259qiqi h\u0259rbi xidm\u0259t\u0259 yollan\u0131b. H\u0259rbi xidm\u0259t\u0259 yolland\u0131qdan \u00fc\u00e7 ay sonra V\u0259t\u0259n m\u00fcharib\u0259si ba\u015flay\u0131b. O, m\u00fcharib\u0259y\u0259 qat\u0131l\u0131b, artilleriyada xidm\u0259t edib. C\u0259bray\u0131l v\u0259 Z\u0259ngilan\u0131n al\u0131nmas\u0131 u\u011frunda ged\u0259n d\u00f6y\u00fc\u015fl\u0259rd\u0259 Cavidan da i\u015ftirak edib. F\u00fczuli, C\u0259bray\u0131l, \u015eu\u015fa u\u011frunda ged\u0259n d\u00f6y\u00fc\u015fl\u0259r\u0259 g\u00f6r\u0259 medalla t\u0259ltif olunub.<\/strong><\/p>\n\n\n\n<p>Qazi i\u015fl\u0259 t\u0259min olunmaq \u00fc\u00e7\u00fcn G\u0259nc Tama\u015f\u00e7\u0131lar Teatr\u0131n\u0131n direktoru Naid\u0259 \u0130smay\u0131lzad\u0259y\u0259 m\u00fcraci\u0259t edib. Amma direktor Naid\u0259 xan\u0131m Cavidan K\u0259s\u0259m\u0259nlini i\u015f\u0259 g\u00f6t\u00fcrm\u0259kd\u0259n imtina edib.<\/p>\n\n\n\n<p>Cavidan K\u0259s\u0259m\u0259nli Qaynarinfo-ya m\u00fcsahib\u0259sind\u0259 i\u015fl\u0259 t\u0259min olunmamas\u0131n\u0131n arxas\u0131nda \u015f\u0259xsi maraqlar\u0131n oldu\u011funu deyib.<\/p>\n\n\n\n<p>&#8212; G\u0259nc Tama\u015fa\u00e7\u0131lar Teatr\u0131n\u0131n m\u0259n\u0259 olan m\u00fcnasib\u0259ti il\u0259 ba\u011fl\u0131 m\u0259lumat m\u0259tbuatda v\u0259 sosial \u015f\u0259b\u0259k\u0259d\u0259 geni\u015f m\u00fczakir\u0259y\u0259 s\u0259b\u0259b oldu. M\u0259s\u0259l\u0259nin bax\u0131lmamas\u0131 \u00e7ox t\u0259nqid olundu. Jurnalistl\u0259rd\u0259n biri teatr\u0131n direktoru Naid\u0259 \u0130smay\u0131lzad\u0259 il\u0259 \u0259laq\u0259 saxlay\u0131b. Hiss olunur ki, Naid\u0259 xan\u0131m m\u0259cburiyy\u0259td\u0259n cavab verib. Niy\u0259 bel\u0259 q\u0259na\u0259td\u0259y\u0259m? \u00c7\u00fcnki ona veril\u0259n sualara konkret cavab verm\u0259yib.<\/p>\n\n\n\n<p>Ona sual verilib ki, Cavidan niy\u0259 i\u015fl\u0259 t\u0259min edilm\u0259yib? Naid\u0259 xan\u0131m deyir ki, Cavidan teatra m\u00fcraci\u0259t ed\u0259nd\u0259 teatr\u0131n \u015ftat c\u0259dv\u0259linnd\u0259 bo\u015f yer olmad\u0131\u011f\u0131ndan biz onu i\u015fl\u0259 t\u0259min ed\u0259 bilm\u0259dik. Amma yer olan kimi onu d\u0259v\u0259t ed\u0259c\u0259ydik. Bu v\u0259d m\u0259n\u0259 verilib. M\u0259n bunu inkar etmir\u0259m, amma Naid\u0259 xan\u0131m bunu dem\u0259kl\u0259 m\u0259ni yola verib. Bunu a\u00e7\u0131qca deyir\u0259m, \u00e7\u00fcnki m\u0259n teatrdan bu cavab\u0131 alandan sonra Naid\u0259 xan\u0131m bir ne\u00e7\u0259 n\u0259f\u0259ri i\u015f\u0259 g\u00f6t\u00fcr\u00fcb. \u00d6z\u00fc d\u0259 bunun \u00fcst\u00fcnd\u0259n q\u0131sa zaman ke\u00e7ib. Hans\u0131 ki, onlar ya\u015fca m\u0259nd\u0259n f\u0259rql\u0259nm\u0259y\u0259n, ya\u015f\u0131d\u0131m say\u0131la bil\u0259c\u0259k \u015f\u0259xsl\u0259ri teatra i\u015f\u0259 g\u00f6t\u00fcr\u00fcb. Onu da a\u00e7\u0131qlam\u0131\u015fam ki, i\u015f\u0259 q\u0259bulumla ba\u011fl\u0131 m\u0259n\u0259 \u00fcst\u00fcnl\u00fckl\u0259r verilm\u0259lidir. \u00c7\u00fcnki h\u0259min o yolda\u015flar, teatr r\u0259hb\u0259rliyi yerind\u0259 rahat yatanda m\u0259n 44 g\u00fcn torpaqda yatm\u0131\u015fam. Y\u0259ni, bu qiym\u0259tl\u0259ndirilm\u0259li deyil? T\u0259hsilimi bir k\u0259nara qoyuram, \u0259n az\u0131ndan m\u0259nim \u0259ziyy\u0259timi qiym\u0259tl\u0259ndirm\u0259k laz\u0131md\u0131r. Naid\u0259 xan\u0131m\u0131n m\u0259niml\u0259 n\u0259 d\u00fc\u015fm\u0259n\u00e7iliyi var? M\u0259n bunu bilmir\u0259m. \u018fg\u0259r siz v\u0259t\u0259n\u0259 qiym\u0259t ver\u0259n insans\u0131n\u0131zsa, bunu, m\u0259nim \u0259m\u0259yimi d\u0259y\u0259rl\u0259ndirm\u0259liydiniz. M\u0259n\u0259 \u015fans verm\u0259liydiniz. H\u0259tta m\u0259n onlara dedim ki, bir m\u00fcdd\u0259t pulsuz da \u00e7al\u0131\u015fa bil\u0259r\u0259m, m\u0259n\u0259 \u015fans verin, \u00f6z\u00fcm\u00fc do\u011fruldum. Naid\u0259 xan\u0131m m\u0259ni saymad\u0131, buna bel\u0259 raz\u0131 olmad\u0131. \u00dcst\u00fcnd\u0259n 9 ay ke\u00e7ib. G\u00f6rd\u00fcm ki, m\u0259ni sayan yoxdur, M\u0259d\u0259niyy\u0259t Nazirliyi il\u0259 yana\u015f\u0131 bir ne\u00e7\u0259 quruma \u015fikay\u0259t m\u0259ktubu \u00fcnvanlad\u0131m. Dedim ki, m\u0259ni i\u015fl\u0259 t\u0259min edin. \u018fn az\u0131ndan d\u0259st\u0259k olsunlar. Amma M\u0259d\u0259niyy\u0259t Nazirliyind\u0259n bununla ba\u011fl\u0131 bir d\u0259n\u0259 d\u0259 olsun m\u0259n\u0259 cavab ver\u0259n olmad\u0131. Bunun s\u00fcbutlar\u0131 da var, laz\u0131m olsa, sosial \u015f\u0259b\u0259k\u0259d\u0259 payla\u015facam.<\/p>\n\n\n\n<p><strong>&#8212; G\u0259nc Tama\u015fa\u00e7\u0131lar Teatr\u0131n\u0131n r\u0259hb\u0259rliyi sizi i\u015f\u0259 g\u00f6t\u00fcrm\u0259m\u0259si il\u0259 ba\u011fl\u0131 m\u0259s\u0259l\u0259 ictimail\u0259\u015f\u0259nd\u0259n sonra M\u0259d\u0259niyy\u0259t Nazirliyind\u0259n m\u0259s\u0259l\u0259 il\u0259 maraqland\u0131lar. Bununla ba\u011fl\u0131 nazirlikd\u0259n siz\u0259 z\u0259ng olunub, quruma d\u0259v\u0259t ed\u0259n olub?<\/strong><\/p>\n\n\n\n<p>&#8212; G\u00f6zl\u0259yir\u0259m, m\u00f6vzu d\u00fcn\u0259n a\u00e7\u0131l\u0131b. M\u0259d\u0259niyy\u0259t Nazirliyind\u0259n m\u00fcsb\u0259t cavab g\u00f6zl\u0259yir\u0259m.&nbsp;<\/p>\n\n\n\n<p><strong>&#8212; G\u0259nc Tama\u015fa\u00e7\u0131lar Teatr\u0131n\u0131n sizi i\u015f\u0259 g\u00f6t\u00fcrm\u0259m\u0259sinin s\u0259b\u0259bi n\u0259 ola bil\u0259r?<\/strong><\/p>\n\n\n\n<p>&#8212; M\u0259ni i\u015f\u0259 g\u00f6t\u00fcrm\u0259m\u0259l\u0259rinin ancaq bir s\u0259b\u0259bi ola bil\u0259r, g\u00f6r\u00fcn\u00fcr, bu insan\u0131n n\u0259d\u0259s\u0259 \u015f\u0259xsi maraqlar\u0131 var. Bunu m\u0259n bilmir\u0259m. Y\u0259qin ki, bunu he\u00e7 \u00f6z\u00fc d\u0259 a\u00e7\u0131qlamayacaq. \u00c7\u00fcnki he\u00e7 k\u0259s \u00f6z i\u015find\u0259n olmaq ist\u0259m\u0259z. Amma bunun \u015f\u0259xsi maraqdan ba\u015fqa he\u00e7 bir a\u00e7\u0131qlamas\u0131 yoxdur. M\u0259d\u0259niyy\u0259t Nazirliyin\u0259 g\u0259linc\u0259, y\u0259qin ki, onlara bu m\u0259lumat \u00e7atm\u0131\u015f olar. Q\u0131sa zamanda&nbsp; M\u0259d\u0259niyy\u0259t Nazirliyind\u0259n cavab g\u00f6zl\u0259yirm.<\/p>\n\n\n\n<p><strong>Bahar R\u00fcst\u0259mli<\/strong><\/p>\n\n\n\n<figure class=\"wp-block-image\"><img decoding=\"async\" src=\"https:\/\/cdn.qaynarinfo.az\/2022-09\/bf8415716721a0e74f4add5ce0dc47b1307576298_797756514604032_5509389447312420087_n-jpg.jpg\" alt=\"\"\/><\/figure>\n\n\n\n<figure class=\"wp-block-image is-resized\"><img loading=\"lazy\" decoding=\"async\" src=\"https:\/\/cdn.qaynarinfo.az\/2022-09\/7a77714cff500fdf3040112226bf8bf2307855584_1273067720194696_8178870989374392794_n-jpg.jpg\" alt=\"\" width=\"1033\" height=\"973\"\/><\/figure>\n","protected":false},"excerpt":{"rendered":"<p>Cavidan K\u0259s\u0259m\u0259nli Az\u0259rbaycan D\u00f6vl\u0259t M\u0259d\u0259niyy\u0259t v\u0259 \u0130nc\u0259s\u0259n\u0259t Universitetinin Aktyorluq fak\u00fclt\u0259sinin bakalavr v\u0259 magistr pill\u0259l\u0259rini bitirib. Ali t\u0259hsili bitirdikd\u0259n sonra is\u0259 h\u0259qiqi h\u0259rbi xidm\u0259t\u0259 yollan\u0131b.<\/p>\n","protected":false},"author":2,"featured_media":81550,"comment_status":"closed","ping_status":"closed","sticky":false,"template":"","format":"standard","meta":{"footnotes":""},"categories":[5],"tags":[],"class_list":["post-81549","post","type-post","status-publish","format-standard","has-post-thumbnail","hentry","category-veteran"],"aioseo_notices":[],"_links":{"self":[{"href":"https:\/\/fedai.az\/index.php?rest_route=\/wp\/v2\/posts\/81549","targetHints":{"allow":["GET"]}}],"collection":[{"href":"https:\/\/fedai.az\/index.php?rest_route=\/wp\/v2\/posts"}],"about":[{"href":"https:\/\/fedai.az\/index.php?rest_route=\/wp\/v2\/types\/post"}],"author":[{"embeddable":true,"href":"https:\/\/fedai.az\/index.php?rest_route=\/wp\/v2\/users\/2"}],"replies":[{"embeddable":true,"href":"https:\/\/fedai.az\/index.php?rest_route=%2Fwp%2Fv2%2Fcomments&post=81549"}],"version-history":[{"count":2,"href":"https:\/\/fedai.az\/index.php?rest_route=\/wp\/v2\/posts\/81549\/revisions"}],"predecessor-version":[{"id":81553,"href":"https:\/\/fedai.az\/index.php?rest_route=\/wp\/v2\/posts\/81549\/revisions\/81553"}],"wp:featuredmedia":[{"embeddable":true,"href":"https:\/\/fedai.az\/index.php?rest_route=\/wp\/v2\/media\/81550"}],"wp:attachment":[{"href":"https:\/\/fedai.az\/index.php?rest_route=%2Fwp%2Fv2%2Fmedia&parent=81549"}],"wp:term":[{"taxonomy":"category","embeddable":true,"href":"https:\/\/fedai.az\/index.php?rest_route=%2Fwp%2Fv2%2Fcategories&post=81549"},{"taxonomy":"post_tag","embeddable":true,"href":"https:\/\/fedai.az\/index.php?rest_route=%2Fwp%2Fv2%2Ftags&post=81549"}],"curies":[{"name":"wp","href":"https:\/\/api.w.org\/{rel}","templated":true}]}}