{"id":81554,"date":"2022-09-21T02:17:56","date_gmt":"2022-09-20T22:17:56","guid":{"rendered":"https:\/\/fedai.az\/?p=81554"},"modified":"2022-10-04T23:36:20","modified_gmt":"2022-10-04T19:36:20","slug":"avmvib-d%c9%99-yeni-t%c9%99yinat-18","status":"publish","type":"post","link":"https:\/\/fedai.az\/?p=81554","title":{"rendered":"AVMV\u0130B-d\u0259 yeni t\u0259yinat"},"content":{"rendered":"\n<p><strong>Az\u0259rbaycan V\u0259t\u0259n M\u00fcharib\u0259si Veteranlar\u0131 \u0130ctimai Birliyinin (AVMV\u0130B) s\u0259dri F\u00fczuli Rzaquliyevin \u0259mri il\u0259 m\u00fcharib\u0259 veteran\u0131, ehtiyatda olan kapitan Vahidov Zaur \u018fls\u0259fa o\u011flu Az\u0259rbaycan V\u0259t\u0259n M\u00fcharib\u0259si&nbsp;Veteranlar\u0131 \u0130ctimai Birliyi (AVMV\u0130B) \u015eirvan \u015f\u0259h\u0259r \u015f\u00f6b\u0259sinin s\u0259dri t\u0259yin edilib.<\/strong><\/p>\n\n\n\n<p>AVMV\u0130B s\u0259dri F\u00fczuli Rzaquliyev Zaur Vahidovu t\u0259brik ed\u0259r\u0259k, g\u0259l\u0259c\u0259k f\u0259aliyy\u0259tind\u0259, x\u00fcsus\u0259n \u015eirvan rayonunda m\u00fcharib\u0259 veteranlar\u0131n\u0131n ictimai f\u0259aliyy\u0259tinin t\u0259\u015fkilind\u0259 \u00f6z bilik v\u0259 bacar\u0131\u011f\u0131ndan istifad\u0259 ed\u0259c\u0259k. Rayon \u015f\u00f6b\u0259sinin f\u0259aliyy\u0259tinin dir\u00e7\u0259lm\u0259sin\u0259 \u00f6z t\u00f6hf\u0259sini ver\u0259c\u0259k.<\/p>\n\n\n\n<p>T\u0259yinat m\u0259rasimind\u0259 Az\u0259rbaycan V\u0259t\u0259n M\u00fcharib\u0259sinin Veteranlar \u0130ctimai Birliyi (AVMV\u0130B) s\u0259drinin m\u00fcavinl\u0259ri Vahid Abdur\u0259hmanov, Salman Musayev, Natiq H\u0259s\u0259nov, NTK s\u0259dri Niyazi Quliyev v\u0259 Ming\u0259\u00e7evir&nbsp;\u015f\u0259h\u0259r&nbsp;\u015f\u00f6b\u0259si s\u0259drinin&nbsp;m\u00fcavini M\u00fcbariz&nbsp;R\u00fcst\u0259mov i\u015ftirak edibl\u0259r.<\/p>\n\n\n\n<p>M\u00fcharib\u0259 veteran\u0131 ehtiyatda kapitan Vahidov Zaur \u018fls\u0259fa o\u011flu 7. 03.1968-c\u00fc ild\u0259&nbsp;\u015eirvan&nbsp;(\u018flibayraml\u0131) \u015f\u0259h\u0259rind\u0259 anadan olub.<\/p>\n\n\n\n<figure class=\"wp-block-gallery has-nested-images columns-default is-cropped wp-block-gallery-1 is-layout-flex wp-block-gallery-is-layout-flex\">\n<figure class=\"wp-block-image size-large\"><img loading=\"lazy\" decoding=\"async\" width=\"768\" height=\"1024\" data-id=\"81555\" src=\"https:\/\/fedai.az\/wp-content\/uploads\/2022\/09\/306705423_501284065144235_7977233588798180554_n-768x1024.jpg\" alt=\"\" class=\"wp-image-81555\" srcset=\"https:\/\/fedai.az\/wp-content\/uploads\/2022\/09\/306705423_501284065144235_7977233588798180554_n-768x1024.jpg 768w, https:\/\/fedai.az\/wp-content\/uploads\/2022\/09\/306705423_501284065144235_7977233588798180554_n-225x300.jpg 225w, https:\/\/fedai.az\/wp-content\/uploads\/2022\/09\/306705423_501284065144235_7977233588798180554_n-113x150.jpg 113w, https:\/\/fedai.az\/wp-content\/uploads\/2022\/09\/306705423_501284065144235_7977233588798180554_n.jpg 960w\" sizes=\"auto, (max-width: 768px) 100vw, 768px\" \/><\/figure>\n\n\n\n<figure class=\"wp-block-image size-large\"><img loading=\"lazy\" decoding=\"async\" width=\"768\" height=\"1024\" data-id=\"81556\" src=\"https:\/\/fedai.az\/wp-content\/uploads\/2022\/09\/307885898_455572976352474_4847269529554322747_n-768x1024.jpg\" alt=\"\" class=\"wp-image-81556\" srcset=\"https:\/\/fedai.az\/wp-content\/uploads\/2022\/09\/307885898_455572976352474_4847269529554322747_n-768x1024.jpg 768w, https:\/\/fedai.az\/wp-content\/uploads\/2022\/09\/307885898_455572976352474_4847269529554322747_n-225x300.jpg 225w, https:\/\/fedai.az\/wp-content\/uploads\/2022\/09\/307885898_455572976352474_4847269529554322747_n-113x150.jpg 113w, https:\/\/fedai.az\/wp-content\/uploads\/2022\/09\/307885898_455572976352474_4847269529554322747_n.jpg 960w\" sizes=\"auto, (max-width: 768px) 100vw, 768px\" \/><\/figure>\n\n\n\n<figure class=\"wp-block-image size-large\"><img loading=\"lazy\" decoding=\"async\" width=\"768\" height=\"1024\" data-id=\"81557\" src=\"https:\/\/fedai.az\/wp-content\/uploads\/2022\/09\/307215824_617411383104784_3887287723515775177_n-768x1024.jpg\" alt=\"\" class=\"wp-image-81557\" srcset=\"https:\/\/fedai.az\/wp-content\/uploads\/2022\/09\/307215824_617411383104784_3887287723515775177_n-768x1024.jpg 768w, https:\/\/fedai.az\/wp-content\/uploads\/2022\/09\/307215824_617411383104784_3887287723515775177_n-225x300.jpg 225w, https:\/\/fedai.az\/wp-content\/uploads\/2022\/09\/307215824_617411383104784_3887287723515775177_n-113x150.jpg 113w, https:\/\/fedai.az\/wp-content\/uploads\/2022\/09\/307215824_617411383104784_3887287723515775177_n.jpg 960w\" sizes=\"auto, (max-width: 768px) 100vw, 768px\" \/><\/figure>\n<\/figure>\n\n\n\n<p>&nbsp;&nbsp;&nbsp;&nbsp;&nbsp; 1985-ci ild\u0259 \u015eirvan (\u018flbayraml\u0131) \u015f\u0259h\u0259rind\u0259 orta m\u0259kt\u0259bi, 1997- ci ild\u0259 \u015eirvan (\u018flibayraml\u0131) \u015f\u0259h\u0259r S\u0259naye Texnikomunu, 1998-ci ild\u0259 Daxili \u0130\u015fl\u0259r Nazirliyinin Daxili Qo\u015funlar\u0131n Ba\u015f \u0130dar\u0259sinin X\u0259z\u0259r rayonunda&nbsp; yerl\u0259\u015f\u0259n h\u0259rbi m\u0259kt\u0259bd\u0259 zabitl\u0259rin haz\u0131rl\u0131\u011f\u0131 kursunu bitrib. Daxili Qo\u015funlarda xidm\u0259t etdiyi ill\u0259r \u0259rzind\u0259 Daxili Qo\u015funlar\u0131n Ba\u015f \u0130dar\u0259sind\u0259 v\u0259 h\u0259rbi hiss\u0259l\u0259rind\u0259 ke\u00e7iril\u0259n bir \u00e7ox metodiki &#8212; t\u0259lim toplan\u0131\u015flarda,t\u0259liml\u0259rd\u0259, seminar v\u0259 konfranslarda i\u015ftirak edib. Zaur Vahidov h\u0259rbi t\u0259c\u00fcrb\u0259 m\u00fcbadil\u0259si \u0259ld\u0259 etm\u0259k \u00fc\u00e7\u00fcn T\u00fcrkiy\u0259y\u0259 C\u00fcmhuriyy\u0259tinin Jandarma Q\u00fcvv\u0259l\u0259rinin Ankara, \u0130stanbul v\u0259 Izmir \u015f\u0259h\u0259rl\u0259rind\u0259 yerl\u0259\u015f\u0259n h\u0259rbi hiss\u0259l\u0259rind\u0259 v\u0259 h\u0259rb\u0131 m\u0259kt\u0259bl\u0259rind\u0259 i\u015fg\u00fczar s\u0259f\u0259rd\u0259 olmu\u015fdur.<\/p>\n\n\n\n<p>&nbsp;&nbsp;&nbsp;&nbsp;&nbsp; 1986- 1988- ci ill\u0259rd\u0259 SSR\u0130 Daxili \u0130\u015fl\u0259r Nazirliyinin Daxili Qo\u015funlar\u0131n Perm \u015f\u0259h\u0259rind\u0259 yerl\u0259\u015f\u0259n h\u0259rbi hiss\u0259d\u0259 m\u00fcddd\u0259tli h\u0259qiqi h\u0259rbi xidm\u0259td\u0259 olub.<\/p>\n\n\n\n<p>&nbsp;&nbsp;&nbsp;&nbsp; 1988-1992-ci ill\u0259rd\u0259 \u015eirvan (\u018flibayraml\u0131) \u015f\u0259h\u0259rind\u0259 yerl\u0259\u015f\u0259n Cihazqay\u0131rma zavodunda m\u00fcvafiq v\u0259zif\u0259l\u0259rd\u0259 i\u015fl\u0259yib.<\/p>\n\n\n\n<p>&nbsp;&nbsp;&nbsp;&nbsp;&nbsp;&nbsp; 1992- 2012 -ci ill\u0259rd\u0259 Daxili \u0130\u015fl\u0259r Nazirliyinin Daxili Qo\u015funlar\u0131 Ba\u015f \u0130dar\u0259sinin&nbsp; \u015eirvan (\u018flibayraml\u0131), L\u0259nk\u0259ran&nbsp;&nbsp; \u015f\u0259h\u0259rl\u0259rind\u0259 v\u0259&nbsp; Hacqabul rayonunda yerl\u0259\u015f\u0259n&nbsp; \u018fm\u0259liyyat v\u0259 T\u0259dris h\u0259rbi hiss\u0259l\u0259rind\u0259 taq\u0131m&nbsp; komandiri, b\u00f6luk komandirinin m\u00fcavini v\u0259 b\u00f6luk komandiri v\u0259zif\u0259l\u0259rind\u0259 V\u0259t\u0259n\u0259 D\u00f6vl\u0259t\u0259 v\u0259 xalqa s\u0259daq\u0259tl\u0259 xidm\u0259t etmi\u015fdir.<\/p>\n\n\n\n<p>&nbsp;&nbsp;&nbsp;&nbsp; O, Daxili Qo\u015funlar\u0131nda xidm\u0259t etdiyi ill\u0259r \u0259rzind\u0259 Azerbaycan\u0131n \u0259razi b\u00fct\u00f6vl\u00fcy\u00fc u\u011frunda&nbsp; (A\u011fdam v\u0259 F\u00fczuli rayonlar\u0131 istiqam\u0259tind\u0259) ged\u0259n d\u00f6y\u00fc\u015fl\u0259rd\u0259 i\u015ftirak edib. M\u00fcharib\u0259 veteran\u0131d\u0131r.<\/p>\n\n\n\n<figure class=\"wp-block-image size-large is-resized\"><img loading=\"lazy\" decoding=\"async\" src=\"https:\/\/fedai.az\/wp-content\/uploads\/2022\/09\/307273774_871147430536608_4794442838541435962_n-768x1024.jpg\" alt=\"\" class=\"wp-image-81558\" width=\"1034\" height=\"1379\" srcset=\"https:\/\/fedai.az\/wp-content\/uploads\/2022\/09\/307273774_871147430536608_4794442838541435962_n-768x1024.jpg 768w, https:\/\/fedai.az\/wp-content\/uploads\/2022\/09\/307273774_871147430536608_4794442838541435962_n-225x300.jpg 225w, https:\/\/fedai.az\/wp-content\/uploads\/2022\/09\/307273774_871147430536608_4794442838541435962_n-113x150.jpg 113w, https:\/\/fedai.az\/wp-content\/uploads\/2022\/09\/307273774_871147430536608_4794442838541435962_n.jpg 960w\" sizes=\"auto, (max-width: 1034px) 100vw, 1034px\" \/><\/figure>\n\n\n\n<p>&nbsp;&nbsp;&nbsp;&nbsp;&nbsp; H\u0259rbi v\u0259 ictimai v\u0259zif\u0259l\u0259rinin icras\u0131 zaman\u0131&nbsp; y\u00fcks\u0259k m\u0259n\u0259vi d\u00f6y\u00fc\u015f keyfiyy\u0259tl\u0259ri g\u00f6st\u0259rdiyin\u0259 g\u00f6r\u0259 d\u00f6y\u00fc\u015f v\u0259 ictimai siyasi haz\u0131rl\u0131\u011f\u0131nda ,h\u0259rbi intizam\u0131n m\u00f6hk\u0259ml\u0259ndirilm\u0259sind\u0259 y\u00fcks\u0259k g\u00f6st\u0259ricil\u0259r\u0259 nail oldu\u011funa v\u0259 n\u00fcmun\u0259vi xidm\u0259tin\u0259 g\u00f6r\u0259 Daxili \u0130\u015fl\u0259r Nazirinin, Daxili Qo\u015funlar Komandan\u0131n, h\u0259rbi hiss\u0259 komandirinin v\u0259 Az\u0259rbaycan V\u0259t\u0259n m\u00fcharib\u0259si veteranlar\u0131 \u0130ctimai Birliyi s\u0259drinin &nbsp;m\u00fcvafiq \u0259mrl\u0259ri il\u0259, &#171;Q\u00fcsursuz xidm\u0259tl\u0259r\u0259 g\u00f6r\u0259&#187; 1ci, 2-ci v\u0259 3-c\u00fc d\u0259r\u0259c\u0259li, &#171;Silahl\u0131 Q\u00fcvv\u0259l\u0259rin yaranmas\u0131n\u0131n&#187; 10 illiyi v\u0259 90 iliyi yubiley, &#171;B\u00f6y\u00fck Z\u0259f\u0259r&#187;,  &#171;M\u00fcharib\u0259 veteran\u0131&#187;, &#171;AVMV\u0130B yaranmas\u0131n\u0131n 25 illiyi&#187; v\u0259 &#171;Silahl\u0131 Q\u00fcvv\u0259l\u0259rin yaranmas\u0131n\u0131n 100 illiyi&#187; medallar\u0131 il\u0259, \u0259la xidm\u0259tl\u0259r\u0259 g\u00f6r\u0259 d\u00f6\u015f&nbsp; v\u0259 yubiley ni\u015fanlar\u0131 il\u0259 t\u0259ltif olunub f\u0259xri f\u0259rmanlarla, qiym\u0259tli h\u0259diyy\u0259l\u0259rl\u0259 m\u00fckafatland\u0131rl\u0131b&nbsp; v\u0259 ona t\u0259\u015f\u0259kk\u00fcr elan edilib.<\/p>\n\n\n\n<p><strong>T\u018fBR\u0130K ED\u0130R V\u018f F\u018fA\u0130L\u0130YY\u018fT\u0130ND\u018f YEN\u0130 U\u011eURLAR ARZULAYIRIQ.<\/strong><\/p>\n\n\n\n<p><strong>Az\u0259rbaycan V\u0259t\u0259n M\u00fcharib\u0259si Veteranlar\u0131 \u0130ctimai Birliyi (AVMV\u0130B) s\u0259drinin m\u00fcavini polkovnik Salman Musayev<\/strong><\/p>\n","protected":false},"excerpt":{"rendered":"<p>Az\u0259rbaycan V\u0259t\u0259n M\u00fcharib\u0259si Veteranlar\u0131 \u0130ctimai Birliyinin (AVMV\u0130B) s\u0259dri F\u00fczuli Rzaquliyevin \u0259mri il\u0259 m\u00fcharib\u0259 veteran\u0131, ehtiyatda olan kapitan Vahidov Zaur \u018fls\u0259fa o\u011flu Az\u0259rbaycan V\u0259t\u0259n M\u00fcharib\u0259si&nbsp;Veteranlar\u0131<\/p>\n","protected":false},"author":2,"featured_media":81560,"comment_status":"closed","ping_status":"closed","sticky":false,"template":"","format":"standard","meta":{"footnotes":""},"categories":[5],"tags":[],"class_list":["post-81554","post","type-post","status-publish","format-standard","has-post-thumbnail","hentry","category-veteran"],"aioseo_notices":[],"_links":{"self":[{"href":"https:\/\/fedai.az\/index.php?rest_route=\/wp\/v2\/posts\/81554","targetHints":{"allow":["GET"]}}],"collection":[{"href":"https:\/\/fedai.az\/index.php?rest_route=\/wp\/v2\/posts"}],"about":[{"href":"https:\/\/fedai.az\/index.php?rest_route=\/wp\/v2\/types\/post"}],"author":[{"embeddable":true,"href":"https:\/\/fedai.az\/index.php?rest_route=\/wp\/v2\/users\/2"}],"replies":[{"embeddable":true,"href":"https:\/\/fedai.az\/index.php?rest_route=%2Fwp%2Fv2%2Fcomments&post=81554"}],"version-history":[{"count":5,"href":"https:\/\/fedai.az\/index.php?rest_route=\/wp\/v2\/posts\/81554\/revisions"}],"predecessor-version":[{"id":82802,"href":"https:\/\/fedai.az\/index.php?rest_route=\/wp\/v2\/posts\/81554\/revisions\/82802"}],"wp:featuredmedia":[{"embeddable":true,"href":"https:\/\/fedai.az\/index.php?rest_route=\/wp\/v2\/media\/81560"}],"wp:attachment":[{"href":"https:\/\/fedai.az\/index.php?rest_route=%2Fwp%2Fv2%2Fmedia&parent=81554"}],"wp:term":[{"taxonomy":"category","embeddable":true,"href":"https:\/\/fedai.az\/index.php?rest_route=%2Fwp%2Fv2%2Fcategories&post=81554"},{"taxonomy":"post_tag","embeddable":true,"href":"https:\/\/fedai.az\/index.php?rest_route=%2Fwp%2Fv2%2Ftags&post=81554"}],"curies":[{"name":"wp","href":"https:\/\/api.w.org\/{rel}","templated":true}]}}