{"id":81564,"date":"2022-09-21T02:35:31","date_gmt":"2022-09-20T22:35:31","guid":{"rendered":"https:\/\/fedai.az\/?p=81564"},"modified":"2022-09-21T09:25:46","modified_gmt":"2022-09-21T05:25:46","slug":"itkin-dus%c9%99n-30-erm%c9%99ni-%c9%99sg%c9%99rin-valideynl%c9%99r-h%c9%99rbi-hiss%c9%99d%c9%99-gec%c9%99l%c9%99yirl%c9%99r","status":"publish","type":"post","link":"https:\/\/fedai.az\/?p=81564","title":{"rendered":"\u0130tkin d\u00fc\u015f\u0259n 30 erm\u0259ni \u0259sg\u0259rinin valideynl\u0259ri h\u0259rbi hiss\u0259d\u0259 gec\u0259l\u0259yirl\u0259r"},"content":{"rendered":"\n<p><strong>Erm\u0259nistan\u0131n Az\u0259rbaycanla s\u0259rh\u0259dd\u0259 t\u00f6r\u0259tdiyi son h\u0259rbi t\u0259xribatlar \u0130r\u0259vana baha ba\u015fa g\u0259lib. Erm\u0259nistan itki v\u0259 yaral\u0131larla ba\u011fl\u0131 d\u0259qiq statistikan\u0131 tam \u015f\u0259kild\u0259 a\u00e7\u0131qlam\u0131r. Yaln\u0131z d\u00fcn\u0259n Erm\u0259nistan T\u0259hl\u00fck\u0259sizlik \u015euras\u0131 \u00fcmumi \u015f\u0259kild\u0259 \u00f6l\u00fc v\u0259 itkin say\u0131n\u0131n 207-y\u0259 \u00e7atd\u0131\u011f\u0131n\u0131 b\u0259yan etdi.<\/strong><\/p>\n\n\n\n<p>\u018fsg\u0259r valideynl\u0259ri is\u0259 hakimiyy\u0259td\u0259n adlar\u0131n \u0259ks olundu\u011fu konkret siyah\u0131n\u0131n d\u0259rc olunmas\u0131n\u0131n t\u0259l\u0259b edirl\u0259r.<br><br>M\u0259s\u0259l\u0259n, h\u00fcquq m\u00fcdafi\u0259\u00e7isi Janna Aleksanyan yerli mediaya a\u00e7\u0131qlama ver\u0259r\u0259k deyib ki, ayr\u0131-ayr\u0131 regionlardan olan xeyli sayda valideyn ona m\u00fcraci\u0259t ed\u0259r\u0259k yard\u0131m ist\u0259yir.<br><br>7 g\u00fcnd\u00fcr 30 h\u0259rb\u00e7i valideyni Gorusdak\u0131 h\u0259rbi hiss\u0259nin yax\u0131nl\u0131\u011f\u0131na topla\u015f\u0131b. Valideynl\u0259rd\u0259n biri m\u0259n\u0259 z\u0259ng etdi. D\u00fcz 7 g\u00fcnd\u00fcr ki, h\u0259rbi hiss\u0259nin divarlar\u0131 arxas\u0131nda g\u00f6zl\u0259y\u0259n h\u0259min insanlar \u00f6vladlar\u0131n\u0131n harada olmas\u0131 bar\u0259d\u0259 m\u0259lumat almaq ist\u0259s\u0259l\u0259r d\u0259, onlara cavab ver\u0259n yoxdur. Bu insanlar normal yem\u0259k v\u0259 \u015f\u0259rait olmadan k\u00fc\u00e7\u0259d\u0259 gec\u0259l\u0259yirl\u0259r. M\u00fcdafi\u0259 Nazirliyi niy\u0259 he\u00e7 bir izahat vermir? Bu n\u0259 h\u00f6rm\u0259tsizlikdir? H\u00f6rm\u0259tli m\u0259murlar, o\u011fullar\u0131n\u0131z\u0131n ba\u015f\u0131na bel\u0259 bir hadis\u0259 g\u0259ls\u0259ydi, bu v\u0259ziyy\u0259td\u0259 n\u0259 ed\u0259rdiniz?&#187;, &#8212; h\u00fcquq m\u00fcdafi\u0259\u00e7isi gileyl\u0259nib.<br><br>N\u0259\u015fr h\u0259min naraz\u0131 valideynl\u0259rd\u0259n birinin fikirl\u0259rini d\u0259rc edib.<br><br>&#8212; 7 g\u00fcnd\u00fcr bu \u0259razid\u0259yik, g\u00f6z\u00fcm\u00fcz ya\u015fl\u0131d\u0131r. H\u0259rbi hiss\u0259d\u0259 deyirl\u0259r ki, m\u0259lumat\u0131m\u0131z yoxdur, he\u00e7 n\u0259 bilmirik. B\u0259s kim bilm\u0259lidir? Desinl\u0259r ki, \u00f6l\u00fcbl\u0259r, biz d\u0259 \u00e7\u0131x\u0131b ged\u0259k yas\u0131m\u0131z\u0131 tutaq, &#8212; naraz\u0131 \u0259sg\u0259r atas\u0131 deyib.<br><br>Valideynl\u0259r \u00f6vladlar\u0131n\u0131n hara yoxa \u00e7\u0131xmalar\u0131na dair suallar\u0131na cavab almayana q\u0259d\u0259r getm\u0259y\u0259c\u0259kl\u0259rini b\u0259yan edibl\u0259r.<\/p>\n\n\n\n<p>M\u0259nb\u0259: Dia.az<\/p>\n","protected":false},"excerpt":{"rendered":"<p>Erm\u0259nistan\u0131n Az\u0259rbaycanla s\u0259rh\u0259dd\u0259 t\u00f6r\u0259tdiyi son h\u0259rbi t\u0259xribatlar \u0130r\u0259vana baha ba\u015fa g\u0259lib. Erm\u0259nistan itki v\u0259 yaral\u0131larla ba\u011fl\u0131 d\u0259qiq statistikan\u0131 tam \u015f\u0259kild\u0259 a\u00e7\u0131qlam\u0131r. Yaln\u0131z d\u00fcn\u0259n Erm\u0259nistan<\/p>\n","protected":false},"author":2,"featured_media":0,"comment_status":"closed","ping_status":"closed","sticky":false,"template":"","format":"standard","meta":{"footnotes":""},"categories":[4],"tags":[],"class_list":["post-81564","post","type-post","status-publish","format-standard","hentry","category-qarabag"],"aioseo_notices":[],"_links":{"self":[{"href":"https:\/\/fedai.az\/index.php?rest_route=\/wp\/v2\/posts\/81564","targetHints":{"allow":["GET"]}}],"collection":[{"href":"https:\/\/fedai.az\/index.php?rest_route=\/wp\/v2\/posts"}],"about":[{"href":"https:\/\/fedai.az\/index.php?rest_route=\/wp\/v2\/types\/post"}],"author":[{"embeddable":true,"href":"https:\/\/fedai.az\/index.php?rest_route=\/wp\/v2\/users\/2"}],"replies":[{"embeddable":true,"href":"https:\/\/fedai.az\/index.php?rest_route=%2Fwp%2Fv2%2Fcomments&post=81564"}],"version-history":[{"count":2,"href":"https:\/\/fedai.az\/index.php?rest_route=\/wp\/v2\/posts\/81564\/revisions"}],"predecessor-version":[{"id":81596,"href":"https:\/\/fedai.az\/index.php?rest_route=\/wp\/v2\/posts\/81564\/revisions\/81596"}],"wp:attachment":[{"href":"https:\/\/fedai.az\/index.php?rest_route=%2Fwp%2Fv2%2Fmedia&parent=81564"}],"wp:term":[{"taxonomy":"category","embeddable":true,"href":"https:\/\/fedai.az\/index.php?rest_route=%2Fwp%2Fv2%2Fcategories&post=81564"},{"taxonomy":"post_tag","embeddable":true,"href":"https:\/\/fedai.az\/index.php?rest_route=%2Fwp%2Fv2%2Ftags&post=81564"}],"curies":[{"name":"wp","href":"https:\/\/api.w.org\/{rel}","templated":true}]}}