{"id":81567,"date":"2022-09-21T02:38:48","date_gmt":"2022-09-20T22:38:48","guid":{"rendered":"https:\/\/fedai.az\/?p=81567"},"modified":"2022-09-21T02:39:30","modified_gmt":"2022-09-20T22:39:30","slug":"ir%c9%99vanin-olum-z%c9%99ngi-calinir-erm%c9%99nil%c9%99r-bakiya-siginmaq-ist%c9%99yir","status":"publish","type":"post","link":"https:\/\/fedai.az\/?p=81567","title":{"rendered":"\u0130r\u0259van\u0131n \u00d6L\u00dcM Z\u018fNG\u0130 \u00e7al\u0131n\u0131r &#8212; Erm\u0259nil\u0259r Bak\u0131ya s\u0131\u011f\u0131nmaq ist\u0259yir"},"content":{"rendered":"\n<p><strong>Amerika t\u0259r\u0259finin t\u0259\u015f\u0259bb\u00fcs\u00fc il\u0259 \u00f6t\u0259n g\u00fcn Nyu-Yorkda Ararat Mirzoyan, Entoni Blinken v\u0259 Ceyhun Bayramovun \u00fc\u00e7t\u0259r\u0259fli g\u00f6r\u00fc\u015f\u00fc ke\u00e7irilib. Rusiya v\u0259 Avropa \u0130ttifaq\u0131n\u0131n ard\u0131nca AB\u015e-\u0131n bel\u0259 bir t\u0259\u015f\u0259bb\u00fcs g\u00f6st\u0259rm\u0259sinin s\u0259b\u0259bi m\u0259lumdur: Regionda ba\u015f ver\u0259n son geosiyasi g\u0259rilimd\u0259n istifad\u0259 edib v\u0259ziyy\u0259ti \u0259l\u0259 almaq.<\/strong><\/p>\n\n\n\n<p>Amma AB\u015e-\u0131n plan\u0131 t\u0259k bununla kifay\u0259tl\u0259n\u0259c\u0259k kimi g\u00f6r\u00fcnm\u00fcr,&nbsp;Va\u015finqtonun C\u0259nubi Qafqaz regionu il\u0259 ba\u011fl\u0131 planlar\u0131 daha b\u00f6y\u00fckd\u00fcr.&nbsp;Bunu&nbsp;x\u00fcsusil\u0259&nbsp;AB\u015e Konqresinin N\u00fcmay\u0259nd\u0259l\u0259r Palatas\u0131n\u0131n spikeri Nensi Pelosinin \u0130r\u0259van s\u0259f\u0259ri zaman\u0131 s\u0259sl\u0259ndirdiyi b\u0259yanatlar, Erm\u0259nistana verdiyi v\u0259dl\u0259r dem\u0259y\u0259 \u0259sas yarad\u0131r.<\/p>\n\n\n\n<figure class=\"wp-block-image\"><img decoding=\"async\" src=\"https:\/\/img.milli.az\/2022\/09\/20\/xin_nyo-york.jpg\" alt=\"\"\/><\/figure>\n\n\n\n<p>AB\u015e d\u00f6vl\u0259t katibi Entoni Blinkenin Az\u0259rbaycan v\u0259 Erm\u0259nistan X\u0130N r\u0259hb\u0259rl\u0259ri il\u0259 g\u00f6r\u00fc\u015fd\u0259n sonra m\u0259tbuata&nbsp;<strong><em>&#171;H\u0259m Pa\u015finyanla, h\u0259m d\u0259 \u018fliyevl\u0259 son z\u0259ngl\u0259rimd\u0259 h\u0259r iki lider m\u0259n\u0259 s\u00fclh\u0259 haz\u0131r olduqlar\u0131n\u0131 bildirdil\u0259r. Erm\u0259nistanla Az\u0259rbaycan aras\u0131nda fikir ayr\u0131l\u0131qlar\u0131n\u0131n h\u0259rbi yolla h\u0259lli yoxdur&#187;&nbsp;<\/em><\/strong>a\u00e7\u0131qlamas\u0131n\u0131 \u00e7ox \u00f6n\u0259mli mesajlar toplusu da adland\u0131ra bil\u0259rik.<\/p>\n\n\n\n<p>Blinkenin s\u00f6zl\u0259rind\u0259n bel\u0259 n\u0259tic\u0259 \u00e7\u0131xd\u0131 ki, AB\u015e b\u00f6lg\u0259d\u0259 m\u00fcnaqi\u015f\u0259li v\u0259ziyy\u0259tin daha da uzanmas\u0131nda ist\u0259klidir, s\u00fclh\u00fcn \u0259ld\u0259 olunmas\u0131na qar\u015f\u0131d\u0131r.&nbsp;\u00c7\u00fcnki AB\u015e da \u00e7ox yax\u015f\u0131 bilir ki, 10 noyabr \u00fc\u00e7t\u0259r\u0259fli b\u0259yanat\u0131ndan art\u0131q 2 il\u0259 yax\u0131n vaxt \u00f6tm\u0259sin\u0259 baxmayaraq, \u0130r\u0259van bu zamana kimi \u00fcz\u0259rin\u0259 g\u00f6t\u00fcrd\u00fcy\u00fc \u00f6hd\u0259likl\u0259ri icra etm\u0259m\u0259k \u00fc\u00e7\u00fcn gerid\u0259 qalan bu m\u00fcdd\u0259t \u0259rzind\u0259 m\u00fcxt\u0259lif manipulyasiyalara \u0259l atd\u0131, destruktiv m\u00f6vqeyind\u0259n bir an olsun bel\u0259 geri \u00e7\u0259kilm\u0259di.&nbsp;<\/p>\n\n\n\n<p>T\u0259\u0259ss\u00fcf ki,&nbsp;AB\u015e t\u0259r\u0259finin t\u0259\u015f\u0259bb\u00fcs\u00fc il\u0259 Nyu-Yorkda Blinken, Ceyhun Bayramov v\u0259 Mirzoyan aras\u0131nda \u00fc\u00e7t\u0259r\u0259fli g\u00f6r\u00fc\u015f\u00fcn ba\u015f tutmas\u0131 n\u0259 q\u0259d\u0259r yax\u015f\u0131 hal kimi g\u00f6r\u00fcns\u0259 d\u0259, dan\u0131\u015f\u0131qlar prosesi il\u0259 h\u0259r hans\u0131 bir ir\u0259lil\u0259yi\u015fin \u0259ld\u0259 olunmayaca\u011f\u0131n\u0131 indid\u0259n proqnozla\u015fd\u0131rmaq bir o q\u0259d\u0259r yax\u015f\u0131 he\u00e7 n\u0259yin olmayaca\u011f\u0131 mesaj\u0131n\u0131 verir.&nbsp;\u0130lk d\u0259f\u0259 Blinkenin yan\u0131nda Az\u0259rbaycan t\u0259r\u0259fi Erm\u0259nistan\u0131n n\u0259 etm\u0259li oldu\u011funu v\u0259 b\u00f6lg\u0259d\u0259ki s\u00fclh\u00fcn hans\u0131 \u00f6hd\u0259likl\u0259ri yerin\u0259 yetirilm\u0259si il\u0259 t\u0259min olunaca\u011f\u0131n\u0131 qeyd ets\u0259 bel\u0259 Blinkenin a\u00e7\u0131qlamas\u0131n biz\u0259 \u00f6lm\u00fc\u015f AT\u018fT-in Minsk Qrupunun vaxt\u0131 il\u0259 verdiyi b\u0259yanatlar\u0131 xat\u0131rlatd\u0131. Buradan da bir daha bel\u0259 n\u0259tic\u0259 \u00e7\u0131x\u0131r ki, AB\u015e BMT T\u0259hl\u00fck\u0259sizlik \u015euras\u0131n\u0131n daimi \u00fczv\u00fc kimi 30 il\u0259 yax\u0131n h\u0259ll ed\u0259 bilm\u0259diyi m\u00fcnaqi\u015f\u0259d\u0259 Minsk Qrupu t\u0259rkibind\u0259 hans\u0131 obraz\u0131 oynad\u0131sa, indi d\u0259 h\u0259min f\u0259aliyy\u0259t\u0259 h\u0259yat verm\u0259k niyy\u0259tind\u0259dir.&nbsp;<\/p>\n\n\n\n<figure class=\"wp-block-image is-resized\"><img loading=\"lazy\" decoding=\"async\" src=\"https:\/\/img.milli.az\/2022\/09\/20\/nensi_p.jpg\" alt=\"\" width=\"1033\" height=\"775\"\/><\/figure>\n\n\n\n<p>\u015e\u00fcbh\u0259siz ki, indi AB\u015e&nbsp;x\u00fcsusil\u0259 Nensi Pelosinin k\u0259\u015ffiyyat xarakterli \u0130r\u0259van s\u0259f\u0259rind\u0259n sonra&nbsp;Erm\u0259nistanda&nbsp;Rusiyaya qar\u015f\u0131 artan naraz\u0131 k\u00fctl\u0259d\u0259n, r\u0259smi \u0130r\u0259van\u0131n q\u0259rby\u00f6nl\u00fc siyas\u0259tind\u0259n \u00e7ox yax\u015f\u0131 x\u0259b\u0259rdard\u0131r. Pelosinin \u0130r\u0259vana s\u0259f\u0259rind\u0259n sonra uzun ill\u0259rdir Rusiyan\u0131n forpostu olan Erm\u0259nistana qar\u015f\u0131 r\u0259smi Moskvada \u00e7ox b\u00f6y\u00fck q\u0131c\u0131\u011f\u0131n meydana g\u0259ldiyini d\u0259 n\u0259z\u0259r\u0259 alsaq, dem\u0259k ki, Va\u015finqton f\u00fcrs\u0259td\u0259n yararlanaraq Az\u0259rbaycanla Erm\u0259nistan aras\u0131ndak\u0131 m\u00fcnasib\u0259tin t\u0259nziml\u0259nm\u0259si m\u0259s\u0259l\u0259sini \u00fcz\u0259rin\u0259 \u00e7\u0259k\u0259r\u0259k regionda yeni bir geosiyasi sferan\u0131 formala\u015fd\u0131rma\u011f\u0131 h\u0259d\u0259fl\u0259yir.&nbsp;<\/p>\n\n\n\n<p>G\u00fcrc\u00fcstan\u0131n ard\u0131nca, Erm\u0259nistan\u0131 da Rusiyan\u0131n orbitind\u0259n tamamil\u0259 \u00e7\u0131xarmaqla \u00f6z qanad\u0131 alt\u0131na salma\u011f\u0131 planla\u015fd\u0131ran AB\u015e, Kreml\u0259&nbsp;bununla da n\u00f6vb\u0259ti z\u0259rb\u0259ni \u015e\u0259rqi Avropan\u0131n ard\u0131nca C\u0259nubi Qafqaz regionunda vurmaq haqda d\u00fc\u015f\u00fcn\u00fcr. \u015e\u00fcbh\u0259siz ki, Erm\u0259nistan\u0131n AB\u015e-a sat\u0131lmas\u0131, onu vaxt\u0131 il\u0259 bu regiona g\u0259tir\u0259n, d\u00f6vl\u0259t ed\u0259n, uzun ill\u0259rdir onu qoruyan, \u00e7\u00f6km\u0259sini, bir d\u00f6vl\u0259t kimi m\u0259hv olmas\u0131n\u0131&nbsp;h\u0259r d\u0259f\u0259sind\u0259 \u0259ng\u0259ll\u0259y\u0259n Rusiya \u00fc\u00e7\u00fcn b\u00f6y\u00fck x\u0259yan\u0259tdir.&nbsp;<\/p>\n\n\n\n<p>Erm\u0259nistan Moskvadan qurtulma\u011f\u0131 xilas\u0131 kimi g\u00f6rs\u0259 d\u0259, \u0259slind\u0259 \u0259n b\u00f6y\u00fck daya\u011f\u0131n\u0131 itirm\u0259k t\u0259hl\u00fck\u0259si il\u0259 \u00fcz-\u00fcz\u0259dir. Bunu Rusiya telekanallar\u0131nda uzun ill\u0259rdir erm\u0259ni m\u00f6vqeyind\u0259n \u00e7\u0131x\u0131\u015flar\u0131 il\u0259 diqq\u0259t \u00e7\u0259k\u0259n analitikl\u0259rin, apar\u0131c\u0131lar\u0131n art\u0131q Erm\u0259nistan\u0131 &#171;satq\u0131n&#187; obraz\u0131nda t\u0259qdim etm\u0259l\u0259rind\u0259n daha yax\u015f\u0131 anlamaq m\u00fcmk\u00fcnd\u00fcr. Bir g\u00fcnd\u0259 Rusiyan\u0131n 1-ci telekanal\u0131n\u0131n&nbsp;&#171;Erm\u0259nistanda m\u00fcbahis\u0259li \u0259razil\u0259r var&#187; ba\u015fl\u0131\u011f\u0131 ad\u0131 alt\u0131nda s\u00fcjeti,&nbsp;Rusiyan\u0131n birinci d\u0259r\u0259c\u0259li d\u00f6vl\u0259t m\u00fc\u015faviri, &#171;Regnum&#187; x\u0259b\u0259r agentliyinin ba\u015f redaktoru Modest Kolerovun &#171;Z\u0259ng\u0259zurda ya\u015fayan 40 min erm\u0259nid\u0259n 7,5 mini art\u0131q b\u00f6lg\u0259ni t\u0259rk edib. Bel\u0259 davam ets\u0259, \u0259hali ged\u0259c\u0259k, Z\u0259ng\u0259zur bo\u015f qalacaq. Yerli erm\u0259ni \u0259halisi olmad\u0131\u011f\u0131 halda, yegan\u0259 h\u0259yat \u0259lam\u0259ti az\u0259rbaycanl\u0131lar\u0131n Nax\u00e7\u0131vana tranziti olacaq, bu da Az\u0259rbaycan polisinin i\u015ftirak\u0131 il\u0259 h\u0259yata ke\u00e7iril\u0259c\u0259k&#187; a\u00e7\u0131qlamas\u0131 v\u0259&nbsp;s. dem\u0259y\u0259 \u0259sas verir ki, Kreml Erm\u0259nistan\u0131n bu q\u0259rar\u0131n\u0131 ba\u011f\u0131\u015flayacaq kimi g\u00f6r\u00fcnm\u00fcr.<\/p>\n\n\n\n<figure class=\"wp-block-image is-resized\"><img loading=\"lazy\" decoding=\"async\" src=\"https:\/\/img.milli.az\/2022\/09\/20\/1072690_0555.jpg\" alt=\"\" width=\"1035\" height=\"647\"\/><\/figure>\n\n\n\n<p>AB\u015e Konqresinin N\u00fcmay\u0259nd\u0259l\u0259r Palatas\u0131n\u0131n s\u0259dri &#171;Erm\u0259nistan\u0131n m\u00fcst\u0259qilliyin\u0259 v\u0259 suverenliyin\u0259 h\u00fccum edilib&#187;, &#171;AB\u015e Konqresi ad\u0131ndan Az\u0259rbaycan\u0131n Erm\u0259nistan \u0259razisin\u0259 h\u00fccumlar\u0131n\u0131 q\u0259tiyy\u0259tl\u0259 pisl\u0259yirik&#187;, &#171;AB\u015e h\u00fccumun Az\u0259rbaycan t\u0259r\u0259find\u0259n h\u0259yata ke\u00e7irildiyini t\u0259sdiql\u0259yib v\u0259 Konqres Az\u0259rbaycan\u0131n t\u0259cav\u00fcz\u00fcn\u00fc pisl\u0259y\u0259n q\u0259tnam\u0259 layih\u0259si haz\u0131rlay\u0131b&#187;, &#171;Az\u0259rbaycan\u0131n &#171;Artsax&#187;\u0131n m\u00fclki \u0259halisin\u0259 qar\u015f\u0131 h\u0259r\u0259k\u0259tl\u0259ri, tarixi abid\u0259l\u0259r\u0259 qar\u015f\u0131 vandalizmi bizim diqq\u0259timizd\u0259dir&#187; kimi b\u0259yanatlar s\u0259sl\u0259ndirm\u0259sinin d\u0259 \u0259sas s\u0259b\u0259bi r\u0259smi \u0130r\u0259vanla yana\u015f\u0131, erm\u0259ni xalq\u0131n\u0131n da Q\u0259rb\u0259 inteqrasiyas\u0131 m\u0259s\u0259l\u0259sini daha da s\u00fcr\u0259tl\u0259ndirm\u0259k idi. B\u00fct\u00fcn bu prosesl\u0259rin ard\u0131nca Erm\u0259nistan t\u0259r\u0259finin etdiyi a\u00e7\u0131qlamalar, yerli k\u00fctl\u0259nin sosial media seqmentind\u0259ki m\u00f6vqeyind\u0259n bir daha anla\u015f\u0131l\u0131r ki, Va\u015finqton ist\u0259yin\u0259 do\u00f6ru ciddi add\u0131m atd\u0131.&nbsp;<\/p>\n\n\n\n<p>Reall\u0131q ondan ibar\u0259tdir ki, Erm\u0259nistan onun taleyini b\u0259lirl\u0259y\u0259c\u0259k \u00e7ox&nbsp;b\u00f6y\u00fck risk\u0259 yol verdi. R\u0259smi \u0130r\u0259van t\u0259hl\u00fck\u0259sizliyi m\u0259s\u0259l\u0259sini qar\u015f\u0131 c\u0259bh\u0259l\u0259rd\u0259ki b\u00f6y\u00fck g\u00fccl\u0259r aras\u0131nda &#171;h\u0259rrac&#187;a \u00e7\u0131xarmaqla, regionun m\u00fcq\u0259dd\u0259rat\u0131na qar\u015f\u0131 da bir&nbsp;kamikadze m\u00f6vqeyi s\u0259rgil\u0259di. Erm\u0259nistan bel\u0259c\u0259, n\u00f6vb\u0259ti d\u0259f\u0259 h\u0259m \u00f6lk\u0259nin, h\u0259m d\u0259 regionun taleyi il\u0259 oynama\u011f\u0131 se\u00e7di.<\/p>\n\n\n\n<figure class=\"wp-block-image\"><img decoding=\"async\" src=\"https:\/\/img.milli.az\/2022\/09\/20\/nensi_pelosi_irv.jpg\" alt=\"\"\/><\/figure>\n\n\n\n<p>Nikol Pa\u015finyan\u0131n r\u0259hb\u0259rlik etdiyi&nbsp;Erm\u0259nistan h\u00f6k\u00fcm\u0259ti 10 noyabr \u00fc\u00e7t\u0259r\u0259fli b\u0259yanat\u0131na \u0259saslanaraq \u00fcz\u0259rin\u0259 g\u00f6t\u00fcrd\u00fcy\u00fc \u00f6hd\u0259likl\u0259rini yerin\u0259 yetirm\u0259k, s\u00fclh yolunda b\u00f6y\u00fck add\u0131m olacaq Qaraba\u011f\u0131 Az\u0259rbaycan \u0259razisi kimi tan\u0131maq \u0259v\u0259zin\u0259, regionun kamikadzesin\u0259 \u00e7evrilm\u0259yi prioritet hesab etdi. T\u0259\u0259ss\u00fcf ki, Erm\u0259nistan\u0131n oynad\u0131\u011f\u0131 bu oyunda ist\u0259s\u0259k d\u0259, ist\u0259m\u0259s\u0259k d\u0259 biz d\u0259 i\u015ftirak\u00e7\u0131 olaca\u011f\u0131q. Lakin bizim bu oyunun n\u0259tic\u0259sini t\u0259yin ed\u0259n i\u015ftirak\u00e7\u0131 olub-olmad\u0131\u011f\u0131m\u0131z\u0131 is\u0259 yax\u0131n g\u0259l\u0259c\u0259kd\u0259 b\u00fct\u00fcn d\u00fcnya g\u00f6r\u0259c\u0259k. Amma indid\u0259n bir m\u0259s\u0259l\u0259 b\u0259llidir: Erm\u0259nistan \u00f6z\u00fcn\u00fcn ba\u015flatd\u0131\u011f\u0131 bu oyun bitm\u0259d\u0259n m\u0259hv olacaq.&nbsp;<\/p>\n\n\n\n<p>Erm\u0259nistan\u0131n b\u00fct\u00fcn bu oyunlar\u0131 Qaraba\u011f\u0131n &#171;statusu&#187;, qondarma &#171;Artsax&#187;\u0131n m\u00f6vcudlu\u011funun qorunmas\u0131 \u00fc\u00e7\u00fcn olsa da, anlamal\u0131d\u0131r ki, Az\u0259rbaycan art\u0131q Qaraba\u011fdak\u0131 v\u0259ziyy\u0259ti b\u00f6y\u00fck m\u0259nada h\u0259ll edib.&nbsp;Araik Arutyunyan\u0131n Qaraba\u011fda ya\u015famaq v\u0259 probleml\u0259rini h\u0259ll etm\u0259k \u00fc\u00e7\u00fcn Az\u0259rbaycan\u0131n qap\u0131s\u0131n\u0131 d\u00f6ym\u0259y\u0259 m\u0259cbur olduqlar\u0131n\u0131, bunu m\u00f6vcud reall\u0131qlar\u0131n t\u0259l\u0259b etdiyini dem\u0259si Erm\u0259nistana ziyan\u0131n yar\u0131s\u0131ndan d\u00f6nm\u0259k \u00fc\u00e7\u00fcn \u00f6n\u0259mli mesaj ola bil\u0259r.&nbsp;Bak\u0131n\u0131n Qaraba\u011fdak\u0131 erm\u0259nil\u0259ri as\u0131l\u0131 v\u0259ziyy\u0259t\u0259 salmaq \u00fc\u00e7\u00fcn f\u0259aliyy\u0259ti is\u0259 h\u0259r g\u00fcn daha da effektivl\u0259\u015fir. Buna misal olaraq&nbsp;La\u00e7\u0131n d\u0259hlizin\u0259 alternativ yolu g\u00f6st\u0259r\u0259 bil\u0259rik ki, m\u0259hz bu yolun istifad\u0259y\u0259 verilm\u0259sind\u0259n sonra&nbsp;r\u0259smi Bak\u0131n\u0131n s\u00fclhm\u0259raml\u0131lar\u0131n m\u00fcv\u0259qq\u0259ti n\u0259zar\u0259t zonas\u0131ndak\u0131 erm\u0259nil\u0259r\u0259 t\u0259sir r\u0131\u00e7aqlar\u0131 daha da g\u00fccl\u0259nib.<\/p>\n\n\n\n<p><strong>T\u0259hm\u0259z \u018fs\u0259dov<br>M\u0259nb\u0259: Milli.Az<\/strong><\/p>\n","protected":false},"excerpt":{"rendered":"<p>Amerika t\u0259r\u0259finin t\u0259\u015f\u0259bb\u00fcs\u00fc il\u0259 \u00f6t\u0259n g\u00fcn Nyu-Yorkda Ararat Mirzoyan, Entoni Blinken v\u0259 Ceyhun Bayramovun \u00fc\u00e7t\u0259r\u0259fli g\u00f6r\u00fc\u015f\u00fc ke\u00e7irilib. Rusiya v\u0259 Avropa \u0130ttifaq\u0131n\u0131n ard\u0131nca AB\u015e-\u0131n bel\u0259<\/p>\n","protected":false},"author":2,"featured_media":81568,"comment_status":"closed","ping_status":"closed","sticky":false,"template":"","format":"standard","meta":{"footnotes":""},"categories":[13],"tags":[],"class_list":["post-81567","post","type-post","status-publish","format-standard","has-post-thumbnail","hentry","category-xarici"],"aioseo_notices":[],"_links":{"self":[{"href":"https:\/\/fedai.az\/index.php?rest_route=\/wp\/v2\/posts\/81567","targetHints":{"allow":["GET"]}}],"collection":[{"href":"https:\/\/fedai.az\/index.php?rest_route=\/wp\/v2\/posts"}],"about":[{"href":"https:\/\/fedai.az\/index.php?rest_route=\/wp\/v2\/types\/post"}],"author":[{"embeddable":true,"href":"https:\/\/fedai.az\/index.php?rest_route=\/wp\/v2\/users\/2"}],"replies":[{"embeddable":true,"href":"https:\/\/fedai.az\/index.php?rest_route=%2Fwp%2Fv2%2Fcomments&post=81567"}],"version-history":[{"count":1,"href":"https:\/\/fedai.az\/index.php?rest_route=\/wp\/v2\/posts\/81567\/revisions"}],"predecessor-version":[{"id":81569,"href":"https:\/\/fedai.az\/index.php?rest_route=\/wp\/v2\/posts\/81567\/revisions\/81569"}],"wp:featuredmedia":[{"embeddable":true,"href":"https:\/\/fedai.az\/index.php?rest_route=\/wp\/v2\/media\/81568"}],"wp:attachment":[{"href":"https:\/\/fedai.az\/index.php?rest_route=%2Fwp%2Fv2%2Fmedia&parent=81567"}],"wp:term":[{"taxonomy":"category","embeddable":true,"href":"https:\/\/fedai.az\/index.php?rest_route=%2Fwp%2Fv2%2Fcategories&post=81567"},{"taxonomy":"post_tag","embeddable":true,"href":"https:\/\/fedai.az\/index.php?rest_route=%2Fwp%2Fv2%2Ftags&post=81567"}],"curies":[{"name":"wp","href":"https:\/\/api.w.org\/{rel}","templated":true}]}}