{"id":81570,"date":"2022-09-21T02:42:19","date_gmt":"2022-09-20T22:42:19","guid":{"rendered":"https:\/\/fedai.az\/?p=81570"},"modified":"2022-09-21T09:22:12","modified_gmt":"2022-09-21T05:22:12","slug":"81570","status":"publish","type":"post","link":"https:\/\/fedai.az\/?p=81570","title":{"rendered":"AVMV\u0130B s\u0259dri F. Rzaquliyev Abramyan\u0131 qula\u011f\u0131ndan tutub g\u0259tirm\u0259y\u0259 haz\u0131r olduqlar\u0131n\u0131 dedi"},"content":{"rendered":"\n<p><strong>Qeyri-qanuni yollarla Qaraba\u011fa g\u0259l\u0259n Ara Abramyan adl\u0131 erm\u0259ni o q\u0259d\u0259r s\u0259rb\u0259stl\u0259\u015fib ki, art\u0131q Qaraba\u011fda &#171;at oynatma\u011fa&#187; ba\u015flay\u0131b. Xocav\u0259ndd\u0259 l\u00f6vb\u0259r salan bu \u00e7irkli pullar\u0131 yuyan erm\u0259ni facebookda payla\u015f\u0131m ed\u0259r\u0259k yaz\u0131b: &#171;M\u0259n bu g\u00fcn (d\u00fcn\u0259n-red.) Xank\u0259ndid\u0259 (S)artsax\u0131n ke\u00e7mi\u015f separat\u00e7\u0131 prezidentl\u0259ri Arkadi Qukasyan v\u0259 Bako Saakyanla g\u00f6r\u00fc\u015fd\u00fcm.<\/strong><\/p>\n\n\n\n<p>Bu bar\u0259d\u0259 erm\u0259ni ictimai-siyasi xadimi Ruben Vardanyan \u00f6z facebook s\u0259hif\u0259sind\u0259 yaz\u0131b.<\/p>\n\n\n\n<p>O, qeyd edib: \u201cG\u00fcnd\u0259liy\u0259 t\u0259hdidl\u0259r, geosiyasi \u00e7a\u011f\u0131r\u0131\u015flar, t\u0259hl\u00fck\u0259sizlik, Qaraba\u011f\u0131n inki\u015faf\u0131 il\u0259 ba\u011fl\u0131 m\u0259s\u0259l\u0259l\u0259r daxil idi.<\/p>\n\n\n\n<p>Prezidentl\u0259rin fikirl\u0259rini, v\u0259ziyy\u0259td\u0259n \u00e7\u0131x\u0131\u015f yolu il\u0259 ba\u011fl\u0131 yana\u015fmalar\u0131n\u0131 e\u015fitm\u0259k m\u0259nim \u00fc\u00e7\u00fcn \u00e7ox vacib idi.<\/p>\n\n\n\n<p>\u018fminik ki, bu miqyasl\u0131 \u00e7a\u011f\u0131r\u0131\u015flarla \u00fczl\u0259\u015fm\u0259yin yegan\u0259 yolu ham\u0131m\u0131z\u0131 birl\u0259\u015fdirm\u0259k v\u0259 b\u00fct\u00fcn erm\u0259nil\u0259rin potensial\u0131ndan tam istifad\u0259 etm\u0259kdir\u201d.<\/p>\n\n\n\n<figure class=\"wp-block-image size-full is-resized\"><img loading=\"lazy\" decoding=\"async\" src=\"https:\/\/fedai.az\/wp-content\/uploads\/2022\/09\/got.jpg\" alt=\"\" class=\"wp-image-81571\" width=\"1033\" height=\"602\" srcset=\"https:\/\/fedai.az\/wp-content\/uploads\/2022\/09\/got.jpg 690w, https:\/\/fedai.az\/wp-content\/uploads\/2022\/09\/got-300x175.jpg 300w, https:\/\/fedai.az\/wp-content\/uploads\/2022\/09\/got-150x87.jpg 150w\" sizes=\"auto, (max-width: 1033px) 100vw, 1033px\" \/><\/figure>\n\n\n\n<p>M\u0259s\u0259l\u0259y\u0259 m\u00fcnasib\u0259t bildir\u0259n <strong>Az\u0259rbaycan V\u0259t\u0259n M\u00fcharub\u0259si Veteranlar \u0130ctimayi Birliyinin (AVMV\u0130B) s\u0259dri F\u00fczuli Rzaquliyev<\/strong> bildirdi ki, La\u00e7\u0131n koridorunda yar\u0131tmaz n\u0259zar\u0259ti aradan qald\u0131r\u0131b bu erm\u0259nim\u0259raml\u0131 ruslar\u0131n i\u015fl\u0259rini y\u00fcng\u00fcll\u0259\u015fdirm\u0259yimizin vaxt\u0131 \u00e7at\u0131b. Biz Z\u0259ng\u0259zur koridoru a\u00e7\u0131lanad\u0259k bu yolu \u0259n az\u0131 tam n\u0259zar\u0259t\u0259 g\u00f6t\u00fcrm\u0259liyik. B\u00f6lg\u0259d\u0259 kommersiya il\u0259 m\u0259\u015f\u011ful olan rus general\u0131 Andrey Volkov da gedib \u00f6z \u0259yya\u015fl\u0131\u011f\u0131 il\u0259 m\u0259\u015f\u011ful olsun. Bu \u00fczd\u0259niraq general\u0131n \u0259m\u0259ll\u0259ri v\u0259 Mariya Zaxarovan\u0131n &#171;biz kimi ist\u0259s\u0259k buraxar\u0131q&#187; deyimi bu i\u015fi tezl\u0259\u015fdirm\u0259k \u00fc\u00e7\u00fcn yet\u0259rlidir. D\u00f6vl\u0259t S\u0259rh\u0259d Xidm\u0259tinin q\u0259hr\u0259man \u0259sg\u0259r v\u0259 zabitl\u0259rini \u00f6z v\u0259zif\u0259l\u0259rinin icras\u0131na \u00e7a\u011f\u0131r\u0131ram. Bu Ara Abramyan qolu ba\u011fl\u0131 Bak\u0131ya t\u0259hvil verilm\u0259lidir.. Laz\u0131m g\u0259l\u0259rs\u0259, bu i\u015fi m\u00fcharib\u0259 veteranlar\u0131 g\u00f6rm\u0259y\u0259 haz\u0131rd\u0131rlar. \u00c7\u00fcnki bu erm\u0259ni adl\u0131 toplumun anlad\u0131\u011f\u0131 t\u0259k \u00fcsul qulaqburmas\u0131d\u0131r. Ara Abramyan\u0131n qula\u011f\u0131ndan tutub g\u0259tirs\u0259k buradan qa\u00e7maq \u00fc\u00e7\u00fcn yalvaracaq.<\/p>\n\n\n\n<p>AVMV\u0130B s\u0259dri F. Rzaquliyev qeyd etdi ki, biz d\u00fc\u015fm\u0259nimizi yax\u015f\u0131 tan\u0131y\u0131r\u0131q. Onlara he\u00e7 zaman inanmaq v\u0259 etibar el\u0259m\u0259k olmaz. Diqq\u0259t edirsiniz, Pa\u015finyan bir g\u00fcnd\u0259 ne\u00e7\u0259 d\u0259f\u0259 s\u00f6z\u00fcn\u00fc d\u0259yi\u015fir? Yaxud bir toplum olaraq bir g\u00fcn Rusiyap\u0259r\u0259st, bir g\u00fcn is\u0259 Amerikap\u0259r\u0259st olurlar. Son t\u0259xribat\u0131 t\u00f6r\u0259tm\u0259kl\u0259 onlar \u00f6z xisl\u0259tl\u0259rini b\u00fct\u00fcn d\u00fcnyaya b\u0259yan etdil\u0259r. D\u00fcnya yax\u015f\u0131 bilir ki, bu t\u0259xribat\u0131 erm\u0259nil\u0259r hans\u0131 m\u0259qs\u0259dl\u0259 t\u00f6r\u0259tdibl\u0259r. \u015e\u0259hidl\u0259rimiz oldu. C\u0259nn\u0259t g\u00fcll\u0259rimizin m\u0259kan\u0131 behi\u015ft olsun. Amma d\u00fcnya bir daha anlad\u0131 ki, art\u0131q d\u00fcnyan\u0131n birl\u0259\u015fmi\u015f h\u0259yas\u0131zl\u0131\u011f\u0131 \u00f6n\u00fcnd\u0259 \u0259ski Az\u0259rbaycan yoxdur. Bir \u015f\u0259hidimiz \u0259v\u0259zin\u0259 \u0259n az\u0131 3 erm\u0259ni le\u015fi ortadad\u0131r. T\u0259kc\u0259 iki g\u00fcn \u0259rzind\u0259 d\u00fc\u015fm\u0259n t\u0259r\u0259f\u0259 h\u0259rb\u00e7il\u0259rimiz 130 le\u015f t\u0259hvil verib. D\u00fc\u015fm\u0259n h\u0259mi\u015f\u0259 oldu\u011fu kimi le\u015fl\u0259rinin say\u0131n\u0131 gizl\u0259yib Erm\u0259nistan silahl\u0131 q\u00fcvv\u0259l\u0259rinin 207 h\u0259rb\u00e7isinin \u00f6ld\u00fcy\u00fcn\u00fc v\u0259 itkin d\u00fc\u015fd\u00fcy\u00fcn\u00fc, 293-n\u00fcn is\u0259 yaraland\u0131\u011f\u0131n\u0131 deyirl\u0259r. \u00d6z verdikl\u0259ri m\u0259lumata g\u00f6r\u0259 bunlardan da 69-u a\u011f\u0131r yaral\u0131lard\u0131r v\u0259 sa\u011falma ehtimal\u0131 \u00e7ox a\u015fa\u011f\u0131d\u0131r. Biz h\u0259mi\u015f\u0259 demi\u015fik ki, &#171;d\u00fc\u015fm\u0259n\u0259 qar\u015f\u0131 d\u00fc\u015fm\u0259n kimi m\u00fcbariz\u0259 aparmal\u0131y\u0131q&#187;. N\u0259 etm\u0259k olar. D\u00fc\u015fm\u0259n \u0259hat\u0259sind\u0259 ya\u015fad\u0131\u011f\u0131m\u0131z \u00fc\u00e7\u00fcn h\u0259r birimiz d\u00f6y\u00fc\u015f\u00e7\u00fc olmal\u0131y\u0131q. Ciy\u0259rl\u0259rimiz \u015f\u0259hidl\u0259rimiz \u00fc\u00e7\u00fcn yanacaq, amma s\u00fclh\u00fc d\u0259, V\u0259t\u0259ni d\u0259 qoruma\u011f\u0131n t\u0259k yolu sava\u015fd\u0131r. B\u0259z\u0259n bizim Birliyi m\u00fcharib\u0259ni t\u0259bli\u011f etm\u0259kd\u0259 g\u00fcnahland\u0131ranlar oldu. \u018fg\u0259r s\u00f6z V\u0259t\u0259nd\u0259n gedirs\u0259, biz d\u00fcnyalar\u0131 qar\u015f\u0131m\u0131za alma\u011fa haz\u0131r olmal\u0131y\u0131q.<\/p>\n\n\n\n<p>Bu g\u00fcn qazan\u0131lm\u0131\u015f q\u0259l\u0259b\u0259mizin tam olmas\u0131 \u00fc\u00e7\u00fcn \u0259ll\u0259rimizd\u0259n g\u0259l\u0259ni \u0259sirg\u0259m\u0259m\u0259liyik. D\u00fc\u015fm\u0259nin t\u0259k qorxdu\u011fu \u015fey Az\u0259rbaycan xalq\u0131n\u0131n birliyidir. D\u00f6y\u00fc\u015f\u0259 can atma\u011f\u0131d\u0131r. 44 g\u00fcnl\u00fck V\u0259t\u0259n m\u00fcharib\u0259sind\u0259 bunu g\u00f6rd\u00fck. El\u0259 i\u00e7imizd\u0259 b\u0259sl\u0259n\u0259n xainl\u0259ri d\u0259 bu birlik qorxutdu. Birliyimiz say\u0259sind\u0259 Ali Ba\u015f Komandan\u0131m\u0131z \u0130lham \u018fliyev dediyi kimi, d\u00fc\u015fm\u0259n d\u00f6n\u00fcb arxaya baxmaqdan da qorxacaq. Bir daha t\u0259klif edir\u0259m, k\u00f6hn\u0259 d\u00f6y\u00fc\u015f\u00e7\u00fcl\u0259r Qaraba\u011fda topla\u015fan o separat\u00e7\u0131 \u00e7aqqal-\u00e7uqqallar\u0131 v\u0259 Abramyan kimil\u0259rini h\u0259r an qula\u011f\u0131ndan tutub g\u0259tirm\u0259y\u0259 v\u0259 aidiyyatl\u0131 qurumlara verm\u0259y\u0259 haz\u0131rd\u0131rlar.<\/p>\n","protected":false},"excerpt":{"rendered":"<p>Qeyri-qanuni yollarla Qaraba\u011fa g\u0259l\u0259n Ara Abramyan adl\u0131 erm\u0259ni o q\u0259d\u0259r s\u0259rb\u0259stl\u0259\u015fib ki, art\u0131q Qaraba\u011fda &#171;at oynatma\u011fa&#187; ba\u015flay\u0131b. Xocav\u0259ndd\u0259 l\u00f6vb\u0259r salan bu \u00e7irkli pullar\u0131 yuyan<\/p>\n","protected":false},"author":2,"featured_media":81572,"comment_status":"closed","ping_status":"closed","sticky":false,"template":"","format":"standard","meta":{"footnotes":""},"categories":[5],"tags":[],"class_list":["post-81570","post","type-post","status-publish","format-standard","has-post-thumbnail","hentry","category-veteran"],"aioseo_notices":[],"_links":{"self":[{"href":"https:\/\/fedai.az\/index.php?rest_route=\/wp\/v2\/posts\/81570","targetHints":{"allow":["GET"]}}],"collection":[{"href":"https:\/\/fedai.az\/index.php?rest_route=\/wp\/v2\/posts"}],"about":[{"href":"https:\/\/fedai.az\/index.php?rest_route=\/wp\/v2\/types\/post"}],"author":[{"embeddable":true,"href":"https:\/\/fedai.az\/index.php?rest_route=\/wp\/v2\/users\/2"}],"replies":[{"embeddable":true,"href":"https:\/\/fedai.az\/index.php?rest_route=%2Fwp%2Fv2%2Fcomments&post=81570"}],"version-history":[{"count":6,"href":"https:\/\/fedai.az\/index.php?rest_route=\/wp\/v2\/posts\/81570\/revisions"}],"predecessor-version":[{"id":81595,"href":"https:\/\/fedai.az\/index.php?rest_route=\/wp\/v2\/posts\/81570\/revisions\/81595"}],"wp:featuredmedia":[{"embeddable":true,"href":"https:\/\/fedai.az\/index.php?rest_route=\/wp\/v2\/media\/81572"}],"wp:attachment":[{"href":"https:\/\/fedai.az\/index.php?rest_route=%2Fwp%2Fv2%2Fmedia&parent=81570"}],"wp:term":[{"taxonomy":"category","embeddable":true,"href":"https:\/\/fedai.az\/index.php?rest_route=%2Fwp%2Fv2%2Fcategories&post=81570"},{"taxonomy":"post_tag","embeddable":true,"href":"https:\/\/fedai.az\/index.php?rest_route=%2Fwp%2Fv2%2Ftags&post=81570"}],"curies":[{"name":"wp","href":"https:\/\/api.w.org\/{rel}","templated":true}]}}