{"id":81598,"date":"2022-09-21T09:43:25","date_gmt":"2022-09-21T05:43:25","guid":{"rendered":"https:\/\/fedai.az\/?p=81598"},"modified":"2022-09-21T09:43:29","modified_gmt":"2022-09-21T05:43:29","slug":"4-sualda-sanxay-%c9%99m%c9%99kdasliq-t%c9%99skilati","status":"publish","type":"post","link":"https:\/\/fedai.az\/?p=81598","title":{"rendered":"4 sualda\u00a0\u015eanxay \u018fm\u0259kda\u015fl\u0131q T\u0259\u015fkilat\u0131"},"content":{"rendered":"\n<p><strong>Prezident Recep Tayy\u0131p Erdo\u011fan AB\u015e-da\u00a0PBS televiziyas\u0131na m\u00fcsahib\u0259sind\u0259 T\u00fcrkiy\u0259nin\u00a0\u015eanxay \u018fm\u0259kda\u015fl\u0131q T\u0259\u015fkilat\u0131na \u00fczv olmaq niyy\u0259ti il\u0259 ba\u011fl\u0131 deyib ki, Avropa \u0130ttifaq\u0131 52 ildir onlar\u0131 &#171;qeyri-m\u00fc\u0259yy\u0259n v\u0259ziyy\u0259td\u0259&#187; saxlay\u0131r:<\/strong><\/p>\n\n\n\n<p>\u201cBiz NATO \u00f6lk\u0259si olsaq da, h\u0259tta NATO \u00f6lk\u0259l\u0259ri Avropa \u0130ttifaq\u0131 prosesind\u0259 bizi g\u00f6zl\u0259dir. \u0130st\u0259r-ist\u0259m\u0259z f\u0259rqli axtar\u0131\u015flara girm\u0259k v\u0259ziyy\u0259tind\u0259 ola bil\u0259rik. Avropa \u0130ttifaq\u0131 bizi 52 il tutub-saxlayacaq, ona yax\u0131nla\u015fma\u011fa imkan verm\u0259y\u0259c\u0259k v\u0259 ondan sonra &#8216;niy\u0259 burada g\u00f6r\u00fc\u015fd\u00fc, niy\u0259 orda g\u00f6r\u00fc\u015fd\u00fc?&#8217; dey\u0259c\u0259k. G\u00f6r\u00fc\u015f\u0259r\u0259m&#187;.&nbsp;<\/p>\n\n\n\n<p>Prezident Erdo\u011fan ilk d\u0259f\u0259 qat\u0131ld\u0131\u011f\u0131\u00a0\u015eanxay \u018fm\u0259kda\u015fl\u0131q T\u0259\u015fkilat\u0131n\u0131n (\u015e\u018fT)\u00a022-ci D\u00f6vl\u0259t Ba\u015f\u00e7\u0131lar\u0131 Zirv\u0259sind\u0259 &#171;t\u0259hl\u00fck\u0259sizlikd\u0259n iqtisadiyyata, enerjid\u0259n n\u0259qliyyata, k\u0259nd t\u0259s\u0259rr\u00fcfat\u0131ndan turizm\u0259 q\u0259d\u0259r b\u00fct\u00fcn sah\u0259l\u0259rd\u0259 \u0259m\u0259kda\u015fl\u0131q etm\u0259y\u0259 haz\u0131r\u0131q&#187; deyib.<\/p>\n\n\n\n<p>\u00d6t\u0259n h\u0259ft\u0259 \u00d6zb\u0259kistanda ke\u00e7irilmi\u015f\u00a0\u015eanxay \u018fm\u0259kda\u015fl\u0131q T\u0259\u015fkilat\u0131na Az\u0259rbaycan da qonaq kimi qat\u0131l\u0131b.<\/p>\n\n\n\n<p>B\u0259s \u015e\u018fT-in x\u00fcsusiyy\u0259tl\u0259ri n\u0259dir? Hans\u0131 m\u0259qs\u0259dl\u0259rl\u0259&nbsp;yarad\u0131l\u0131b?<\/p>\n\n\n\n<p>\u015e\u018fT haqq\u0131nda maraq do\u011furan m\u0259s\u0259l\u0259l\u0259ri 4 sualda analiz etmi\u015fik.<\/p>\n\n\n\n<h2 class=\"wp-block-heading\" id=\"\u015eanxay-\u018fm\u0259kda\u015fl\u0131q-T\u0259\u015fkilat\u0131-n\u0259dir\">\u015eanxay&nbsp;\u018fm\u0259kda\u015fl\u0131q T\u0259\u015fkilat\u0131 n\u0259dir?<\/h2>\n\n\n\n<p>\u015e\u018fT regional&nbsp;\u0259m\u0259kda\u015fl\u0131q t\u0259\u015fkilat\u0131d\u0131r.&nbsp;\u018fsas&nbsp;\u0259m\u0259kda\u015fl\u0131q m\u00f6vzusu t\u0259hl\u00fck\u0259sizlik olan \u015e\u018fT ilk olaraq, 1996-c\u0131&nbsp;ild\u0259&nbsp;\u00c7in, Rusiya, Qazax\u0131stan, Q\u0131r\u011f\u0131z\u0131stan v\u0259&nbsp;Tacikistan t\u0259r\u0259find\u0259n \u015eanxay Be\u015fliyi ad\u0131 il\u0259&nbsp;yarad\u0131l\u0131b. 2001-ci ild\u0259&nbsp;\u00d6zb\u0259kistan\u0131n da qat\u0131lmas\u0131 il\u0259&nbsp;ad\u0131 \u015eanxay&nbsp;\u018fm\u0259kda\u015fl\u0131q T\u0259\u015fkilat\u0131 olaraq d\u0259yi\u015fib.<\/p>\n\n\n\n<p>2005-ci ild\u0259&nbsp;Hindistan v\u0259&nbsp;Pakistan da t\u0259\u015fkilata m\u00fc\u015fahid\u0259\u00e7i qismind\u0259&nbsp;qat\u0131l\u0131b, 2017-ci ild\u0259&nbsp;tam \u00fczvl\u00fcy\u0259&nbsp;ke\u00e7ibl\u0259r. Bel\u0259c\u0259, t\u0259\u015fkilat\u0131n \u00fczv say\u0131 s\u0259kkiz\u0259&nbsp;\u00e7at\u0131b.&nbsp;<\/p>\n\n\n\n<p>T\u0259\u015fkilata \u00fczvl\u00fck m\u00fcqavil\u0259sini 15 sentyabr 2022-ci ild\u0259&nbsp;son zirv\u0259&nbsp;g\u00f6r\u00fc\u015f\u00fcnd\u0259&nbsp;imzalayan \u0130ran\u0131n da 2023-c\u00fc ilin aprelind\u0259&nbsp;tam \u00fczv olmas\u0131 g\u00f6zl\u0259nilir.<\/p>\n\n\n\n<p>T\u0259\u015fkilat\u0131n beyn\u0259lxalq strukturunda m\u00fct\u0259madi olaraq toplanan D\u00f6vl\u0259t Ba\u015f\u00e7\u0131lar\u0131 \u015euras\u0131 v\u0259&nbsp;H\u00f6kum\u0259t Ba\u015f\u00e7\u0131lar\u0131 \u015euras\u0131 il\u0259&nbsp;yana\u015f\u0131, katiblik, Regional Terrorla M\u00fcbariz\u0259&nbsp;Strukturu, Xarici \u0130\u015fl\u0259r Nazirl\u0259ri \u015euras\u0131 kimi strukturlar da m\u00f6vcuddur.<\/p>\n\n\n\n<p>\u015e\u018fT katibliyi&nbsp;\u00c7inin paytaxt\u0131&nbsp;Pekind\u0259, &#171;Regional Terrorla M\u00fcbariz\u0259&nbsp;Qurumu&#187; is\u0259&nbsp;\u00d6zb\u0259kistan\u0131n paytaxt\u0131 Da\u015fk\u0259ndd\u0259&nbsp;yerl\u0259\u015fir.<\/p>\n\n\n\n<p>\u015e\u018fT-in&nbsp;\u00fczvl\u0259ri il\u0259&nbsp;yana\u015f\u0131, m\u00fc\u015fahid\u0259\u00e7il\u0259ri v\u0259&nbsp;dialoq t\u0259r\u0259fda\u015flar\u0131 da var.&nbsp;<\/p>\n\n\n\n<p>M\u00fc\u015fahid\u0259\u00e7il\u0259r \u0130ran, Monqolustan,&nbsp;\u018ffqan\u0131stan v\u0259&nbsp;Belarusdur.<\/p>\n\n\n\n<p>Dialoq t\u0259r\u0259fda\u015flar\u0131 \u015eri Lanka, T\u00fcrkiy\u0259, Kamboca, Az\u0259rbaycan, Erm\u0259nistan, Nepal, Misir v\u0259&nbsp;Q\u0259t\u0259rdir.<\/p>\n\n\n\n<p>AB\u015e-nin m\u00fc\u015fahid\u0259\u00e7i olmaq t\u0259l\u0259bi is\u0259&nbsp;2005-ci ild\u0259&nbsp;r\u0259dd edilib.&nbsp;<\/p>\n\n\n\n<p>Bu ilki zirv\u0259d\u0259n&nbsp;\u0259vv\u0259l \u00c7in m\u0259tbuat\u0131nda \u00e7\u0131xan x\u0259b\u0259rl\u0259rd\u0259&nbsp;T\u00fcrkiy\u0259nin dialoq t\u0259r\u0259fda\u015f\u0131 statusundan m\u00fc\u015fahid\u0259\u00e7i statusuna y\u00fcks\u0259l\u0259&nbsp;bil\u0259c\u0259yi x\u0259b\u0259rl\u0259ri yer alm\u0131\u015fd\u0131.<\/p>\n\n\n\n<p>\u015e\u018fT-in&nbsp;\u00fczv\u00fc&nbsp;olan 8&nbsp;\u00f6lk\u0259nin&nbsp;\u0259halisi d\u00fcnya&nbsp;\u0259halisinin 40 faizd\u0259n \u00e7oxunu t\u0259\u015fkil edir.&nbsp;<\/p>\n\n\n\n<p>Bu siyah\u0131ya m\u00fc\u015fahid\u0259\u00e7il\u0259r v\u0259&nbsp;dialoq t\u0259r\u0259fda\u015flar\u0131n\u0131 da&nbsp;\u0259lav\u0259&nbsp;etdikd\u0259&nbsp;d\u00fcnya&nbsp;\u0259halisinin dem\u0259k olar ki, yar\u0131s\u0131 t\u0259msil olunur.<\/p>\n\n\n\n<h2 class=\"wp-block-heading\" id=\"\u015e\u018fT-niy\u0259-yarad\u0131l\u0131b\">\u015e\u018fT niy\u0259&nbsp;yarad\u0131l\u0131b?<\/h2>\n\n\n\n<p>D\u00f6vl\u0259tl\u0259raras\u0131 bir qurum olan \u015e\u018fT-in yarad\u0131lmas\u0131nda&nbsp;\u00c7in v\u0259&nbsp;Rusiyan\u0131n Asiyada t\u0259hl\u00fck\u0259sizlikl\u0259&nbsp;ba\u011fl\u0131&nbsp;\u0259m\u0259kda\u015fl\u0131q etm\u0259k m\u0259qs\u0259dl\u0259ri&nbsp;\u0259sas rol oynay\u0131b.&nbsp;<\/p>\n\n\n\n<p>T\u0259\u015fkilat\u0131n t\u0259hl\u00fck\u0259sizlik bar\u0259sind\u0259&nbsp;narahatl\u0131qlar\u0131ndan biri Orta Asiyadak\u0131 islam\u00e7\u0131 t\u0259\u015fkilatlar v\u0259&nbsp;narkotika ticar\u0259ti idi.<\/p>\n\n\n\n<p>\u015e\u018fT&nbsp;\u00fczvl\u0259ri bir-biri il\u0259&nbsp;k\u0259\u015ffiyyat m\u0259lumatlar\u0131 payla\u015f\u0131r, birg\u0259&nbsp;h\u0259rbi t\u0259liml\u0259r t\u0259\u015fkil edir, \u201ccinay\u0259tkarlar\u0131\u201d bir-birl\u0259rin\u0259&nbsp;t\u0259hvil verirl\u0259r.<\/p>\n\n\n\n<p>T\u0259\u015fkilat Rusiya v\u0259&nbsp;\u00c7inin Orta Asiya il\u0259&nbsp;ba\u011fl\u0131 siyas\u0259tl\u0259rini koordinasiya etm\u0259k \u00fc\u00e7\u00fcn bir vasit\u0259\u00e7i mahiyy\u0259tini da\u015f\u0131y\u0131r. Lakin bir h\u0259rbi ittifaq deyil.&nbsp;<\/p>\n\n\n\n<p>Stokholm Beyn\u0259lxalq S\u00fclh Ara\u015fd\u0131rmalar\u0131 \u0130nstitutunun ke\u00e7mi\u015f direktoru Bates Gillin s\u00f6zl\u0259rin\u0259&nbsp;g\u00f6r\u0259, t\u0259\u015fkilat\u0131n yarad\u0131lmas\u0131 zaman\u0131 Rusiya v\u0259&nbsp;\u00c7inin AB\u015e-\u0131n Asiyaya m\u00fcmk\u00fcn m\u00fcdaxil\u0259l\u0259rin\u0259&nbsp;qar\u015f\u0131 birg\u0259&nbsp;h\u0259r\u0259k\u0259t etm\u0259k ist\u0259kl\u0259ri d\u0259&nbsp;olub.<\/p>\n\n\n\n<p>Bates Gill &#171;Brookings \u0130nstitution&#187; \u00fc\u00e7\u00fcn yazd\u0131\u011f\u0131 m\u0259qal\u0259d\u0259&nbsp;t\u0259\u015fkilata \u00fczv olan \u00f6lk\u0259l\u0259rin imzalad\u0131qlar\u0131 raz\u0131la\u015fmalarda yaz\u0131lan &#171;dig\u0259r \u00f6lk\u0259l\u0259rin daxili i\u015fl\u0259rin\u0259&nbsp;&#171;humanitar m\u00fcdaxil\u0259&#187; v\u0259ya &#171;insan haqlar\u0131n\u0131 m\u00fcdafi\u0259&nbsp;etm\u0259&#187; s\u0259b\u0259bil\u0259&nbsp;edil\u0259c\u0259k m\u00fcdaxil\u0259l\u0259r\u0259&nbsp;qar\u015f\u0131 \u00e7\u0131xmaqla \u00f6lk\u0259l\u0259rin \u201ct\u0259hl\u00fck\u0259sizlik m\u0259s\u0259l\u0259l\u0259rind\u0259n bir-birl\u0259rin\u0259&nbsp;yard\u0131m etm\u0259si&#187; ifad\u0259l\u0259rinin bunun s\u00fcbutu oldu\u011funu s\u00f6yl\u0259mi\u015fdi.&nbsp;<\/p>\n\n\n\n<p>Beyn\u0259lxalq \u0130nsan H\u00fcquqlar\u0131 Federasiyas\u0131n\u0131n \u015e\u0259rqi Avropa v\u0259&nbsp;M\u0259rk\u0259zi Asiya \u00fczr\u0259&nbsp;direktoru Sacha Koulaeva is\u0259&nbsp;\u015e\u018fT-i&nbsp;\u201cavtoritar&nbsp;\u00f6lk\u0259l\u0259rin qapal\u0131 klubu\u201d kimi d\u0259y\u0259rl\u0259ndirir.<\/p>\n\n\n\n<p>Sacha Koulaeva deyir: &#171;\u00d6lk\u0259l\u0259rin x\u00fcsusi xidm\u0259t orqanlar\u0131 dig\u0259r \u00f6lk\u0259l\u0259r\u0259&nbsp;he\u00e7 bir mane\u0259&nbsp;olmadan daxil olur, h\u0259tta \u201ccinay\u0259tkar\u201d elan etdikl\u0259ri insanlar\u0131 daxil olduqlar\u0131 \u00f6lk\u0259nin t\u0259hl\u00fck\u0259sizlik q\u00fcvv\u0259l\u0259rinin k\u00f6m\u0259yi il\u0259&nbsp;geri ala bilir\u201d.<\/p>\n\n\n\n<h2 class=\"wp-block-heading\" id=\"\u015e\u018fTin-Avropa-\u0130ttifaq\u0131ndan-n\u0259-f\u0259rqi-var\">\u015e\u018fT-in Avropa \u0130ttifaq\u0131ndan n\u0259 f\u0259rqi var?<\/h2>\n\n\n\n<figure class=\"wp-block-image is-resized\"><img loading=\"lazy\" decoding=\"async\" src=\"https:\/\/ichef.bbci.co.uk\/news\/640\/cpsprodpb\/5046\/live\/2b12cb50-38ed-11ed-9ae9-959994b8a64c.png\" alt=\"Avropa \u0130ttifaq\u0131\" width=\"1032\" height=\"739\"\/><\/figure>\n\n\n\n<p>Avropa \u0130ttifaq\u0131 iyerarxik olaraq \u00fczv d\u00f6vl\u0259tl\u0259rd\u0259n yuxar\u0131da yerl\u0259\u015f\u0259n h\u00f6kum\u0259tl\u0259r\u00fcst\u00fc struktur olsa da, \u015e\u018fT \u0259m\u0259kda\u015fl\u0131q \u00fc\u00e7\u00fcn yarad\u0131lm\u0131\u015f h\u00f6kum\u0259tl\u0259raras\u0131 strukturdur.<\/p>\n\n\n\n<p>A\u0130-nin iqtisadiyyat, siyas\u0259t, t\u0259hl\u00fck\u0259sizlik v\u0259 insan haqlar\u0131 il\u0259 ba\u011fl\u0131 m\u0259cburi m\u00fck\u0259ll\u0259fiyy\u0259ti, \u00fczv d\u00f6vl\u0259tl\u0259rin mill\u0259t &nbsp;v\u0259kill\u0259ri t\u0259r\u0259find\u0259n t\u0259msil olunan v\u0259 qanunvericilik s\u0259lahiyy\u0259tin\u0259 malik parlamenti, m\u0259hk\u0259m\u0259si, himni v\u0259 b\u00fct\u00fcn \u00fczv d\u00f6vl\u0259tl\u0259rin bayraqlar\u0131 il\u0259 yana\u015f\u0131 istifad\u0259 edil\u0259n bayra\u011f\u0131 var, \u015e\u018fT-d\u0259 is\u0259 bunlar m\u00f6vcud deyil.<\/p>\n\n\n\n<p>A\u0130-y\u0259 \u00fczv d\u00f6vl\u0259tl\u0259r aras\u0131nda insanlar\u0131n, kapital\u0131n v\u0259 m\u0259hsullar\u0131n s\u0259rb\u0259st h\u0259r\u0259k\u0259ti m\u00f6vcud olsa da, \u015e\u018fT-d\u0259 bunlar yoxdur.<\/p>\n\n\n\n<p>A\u0130 dig\u0259r \u00f6lk\u0259l\u0259rl\u0259 azad ticar\u0259t sazi\u015fi imzalaya bils\u0259 d\u0259, \u015e\u018fT \u00fczvl\u0259rinin \u00f6z aralar\u0131nda bel\u0259 azad ticar\u0259t sazi\u015fi yoxdur.<\/p>\n\n\n\n<p>\u015e\u018fT-l\u0259 m\u00fcqayis\u0259d\u0259 A\u0130-y\u0259 daha \u00e7ox b\u0259nz\u0259y\u0259n Asiya t\u0259\u015fkilat\u0131 is\u0259 Avrasiya \u0130qtisadi \u0130ttifaq\u0131d\u0131r (A\u0130\u0130).&nbsp;<\/p>\n\n\n\n<p>Rusiya, Qazax\u0131stan, Erm\u0259nistan, Belarus v\u0259 Q\u0131r\u011f\u0131z\u0131stan\u0131n \u00fczv oldu\u011fu A\u0130\u0130-d\u0259 insanlar\u0131n, s\u0259rmay\u0259nin v\u0259 m\u0259hsullar\u0131n s\u0259rb\u0259st d\u00f6vriyy\u0259si m\u00f6vcuddur.<\/p>\n\n\n\n<p>Avropa \u0130ttifaq\u0131 v\u0259 Qlobal Ara\u015fd\u0131rmalar Assosiasiyas\u0131n\u0131n vitse-prezidenti Can Baydarol&nbsp;Avropa \u0130ttifaq\u0131n\u0131n m\u00fctt\u0259fiql\u0259rinin A\u0130 \u00fczv\u00fcn\u00fcn \u015e\u018fT-\u0259 \u00fczv olmas\u0131na icaz\u0259 verm\u0259dikl\u0259rini, bu bax\u0131mdan h\u00fcquqi v\u0259 texniki mane\u0259l\u0259rin oldu\u011funu bildirir v\u0259 \u201cQ\u0259rb d\u00fcnyas\u0131ndas\u0131n\u0131zsa, \u00c7in v\u0259 Rusiya il\u0259 yana\u015f\u0131 ola bilm\u0259zsiniz\u201d deyir.<\/p>\n\n\n\n<figure class=\"wp-block-image is-resized\"><img loading=\"lazy\" decoding=\"async\" src=\"https:\/\/ichef.bbci.co.uk\/news\/640\/cpsprodpb\/5553\/live\/87bbf480-38ed-11ed-9ae9-959994b8a64c.png\" alt=\"T\u00fcrkiy\u0259, Recep Tayyip Erdo\u011fan\" width=\"1035\" height=\"658\"\/><\/figure>\n\n\n\n<h2 class=\"wp-block-heading\" id=\"Az\u0259rbaycan-\u015e\u018fT\u0259-\u00fczv-ola-bil\u0259rmi-\">Az\u0259rbaycan \u015e\u018fT-\u0259 \u00fczv ola bil\u0259rmi?&nbsp;<\/h2>\n\n\n\n<p>Bu zirv\u0259 toplant\u0131s\u0131nda i\u015ftirak ed\u0259n Az\u0259rbaycan Prezidenti \u0130lham \u018fliyev \u00f6z \u00e7\u0131x\u0131\u015f\u0131nda daha \u00e7ox Az\u0259rbaycan\u0131n iqtisadi imkanlar\u0131 bar\u0259d\u0259 dan\u0131\u015f\u0131b, o c\u00fcml\u0259d\u0259n Az\u0259rbaycan-Erm\u0259nistan m\u00fcnaqi\u015f\u0259sind\u0259n b\u0259hs ed\u0259r\u0259k b\u0259zi \u201capar\u0131c\u0131 beyn\u0259lxalq t\u0259\u015fkilatlar\u0131n s\u0259m\u0259r\u0259sizliyinin narahatl\u0131q\u201d do\u011furdu\u011funu deyib.<\/p>\n\n\n\n<p>Atlas Ara\u015fd\u0131rmalar M\u0259rk\u0259zinin r\u0259hb\u0259ri Elxan \u015eahino\u011flu hesab edir ki, Az\u0259rbaycan\u0131n \u015e\u018fT-l\u0259 \u0259laq\u0259l\u0259rin qurulmas\u0131nda bir ne\u00e7\u0259 mara\u011f\u0131 var.&nbsp;<\/p>\n\n\n\n<p>Onun fikrinc\u0259, Az\u0259rbaycan\u0131n birinci h\u0259d\u0259fi bu t\u0259\u015fkilatda yer alan \u00f6lk\u0259l\u0259rl\u0259 iqtisadi v\u0259 ticar\u0259t \u0259laq\u0259l\u0259rini geni\u015fl\u0259ndirm\u0259kdir.&nbsp;<\/p>\n\n\n\n<figure class=\"wp-block-image is-resized\"><img loading=\"lazy\" decoding=\"async\" src=\"https:\/\/ichef.bbci.co.uk\/news\/640\/cpsprodpb\/6650\/live\/29adfc70-38f3-11ed-9866-59524e581cc2.jpg\" alt=\"\u015e\u018fT-d\u0259 \u0130lham \u018fliyevin \u00e7\u0131x\u0131\u015f\u0131\" width=\"1032\" height=\"579\"\/><\/figure>\n\n\n\n<p>\u201cAz\u0259rbaycan\u0131n \u0259sas mara\u011f\u0131 is\u0259 ondan ibar\u0259tdir ki, \u00c7inin elan etdiyi \u201cBir K\u0259m\u0259r Bir Yol\u201d layih\u0259si \u00fczr\u0259 \u00c7in mallar\u0131n\u0131n bir hiss\u0259sinin M\u0259rk\u0259zi Asiya, X\u0259z\u0259r d\u0259nizi v\u0259 Az\u0259rbaycan \u00fcz\u0259rind\u0259n Avropaya da\u015f\u0131nmas\u0131nda i\u015ftirak etm\u0259kdir. Bu Bak\u0131-Tbilisi-Qars d\u0259miryolu \u00fczr\u0259 y\u00fck da\u015f\u0131malar\u0131n\u0131n artmas\u0131 dem\u0259kdir. Ola bilsin Az\u0259rbaycan h\u00f6kum\u0259tinin \u00fcmidi onad\u0131r ki, \u015eanxay \u018fm\u0259kda\u015fl\u0131q T\u0259\u015fkilat\u0131na maraq g\u00f6st\u0259rm\u0259k, m\u00fc\u015fahid\u0259\u00e7i statusu almaq v\u0259 ya g\u0259l\u0259c\u0259kd\u0259 \u00fczv olmaqla bu prosesl\u0259ri s\u00fcr\u0259tl\u0259ndirsin\u201d, &#8212; o deyib.&nbsp;<\/p>\n\n\n\n<p>Elxan \u015eahino\u011flunun s\u00f6zl\u0259rin\u0259 g\u00f6r\u0259, Az\u0259rbaycan\u0131n strateji m\u00fctt\u0259fiqi T\u00fcrkiy\u0259nin d\u0259 bu t\u0259\u015fkilata maraq g\u00f6st\u0259rm\u0259si onun bu t\u0259\u015fkilata diqq\u0259tini art\u0131r\u0131r: \u201c\u018fg\u0259r T\u00fcrkiy\u0259 bu t\u0259\u015fkilata m\u00fc\u015fahid\u0259\u00e7i statusu ald\u0131qdan sonra \u00fczv olmaq ist\u0259yrs\u0259, bu, Az\u0259rbaycan\u0131n da onunla birlikd\u0259 h\u0259r\u0259k\u0259t etm\u0259sin\u0259 imkan yarad\u0131r\u201d.<\/p>\n\n\n\n<p>Siyasi \u015f\u0259rh\u00e7i hesab edir ki, g\u0259l\u0259c\u0259kd\u0259 Erm\u0259nistan da bu t\u0259\u015fkilata qo\u015fula bil\u0259r v\u0259 bu bax\u0131mdan da,&nbsp; Az\u0259rbaycan\u0131n orda olmaz\u0131 \u00f6lk\u0259nin maraqlar\u0131 bax\u0131mdan \u0259h\u0259miyy\u0259tlidir.&nbsp;<\/p>\n\n\n\n<p>Elxan \u015eahino\u011flunun fikrinc\u0259, Az\u0259rbaycan \u015e\u018fT-l\u0259 \u0259laq\u0259l\u0259r qursa, bu, Q\u0259rbl\u0259 m\u00fcnasib\u0259tl\u0259r\u0259 m\u0259nfi t\u0259sir etm\u0259z: \u201cBu proses Avropa il\u0259 \u0259laq\u0259l\u0259r\u0259 mane olmur, \u00e7\u00fcnki el\u0259 \u00c7indan ixrac edil\u0259c\u0259k mallar\u0131n son \u00fcnvan\u0131 Avropa olacaq\u201d, o \u0259lav\u0259 edib.<\/p>\n\n\n\n<p>M\u0259nb\u0259: BBC<\/p>\n","protected":false},"excerpt":{"rendered":"<p>Prezident Recep Tayy\u0131p Erdo\u011fan AB\u015e-da\u00a0PBS televiziyas\u0131na m\u00fcsahib\u0259sind\u0259 T\u00fcrkiy\u0259nin\u00a0\u015eanxay \u018fm\u0259kda\u015fl\u0131q T\u0259\u015fkilat\u0131na \u00fczv olmaq niyy\u0259ti il\u0259 ba\u011fl\u0131 deyib ki, Avropa \u0130ttifaq\u0131 52 ildir onlar\u0131 &#171;qeyri-m\u00fc\u0259yy\u0259n v\u0259ziyy\u0259td\u0259&#187;<\/p>\n","protected":false},"author":2,"featured_media":81129,"comment_status":"closed","ping_status":"closed","sticky":false,"template":"","format":"standard","meta":{"footnotes":""},"categories":[1],"tags":[],"class_list":["post-81598","post","type-post","status-publish","format-standard","has-post-thumbnail","hentry","category-siyast"],"aioseo_notices":[],"_links":{"self":[{"href":"https:\/\/fedai.az\/index.php?rest_route=\/wp\/v2\/posts\/81598","targetHints":{"allow":["GET"]}}],"collection":[{"href":"https:\/\/fedai.az\/index.php?rest_route=\/wp\/v2\/posts"}],"about":[{"href":"https:\/\/fedai.az\/index.php?rest_route=\/wp\/v2\/types\/post"}],"author":[{"embeddable":true,"href":"https:\/\/fedai.az\/index.php?rest_route=\/wp\/v2\/users\/2"}],"replies":[{"embeddable":true,"href":"https:\/\/fedai.az\/index.php?rest_route=%2Fwp%2Fv2%2Fcomments&post=81598"}],"version-history":[{"count":1,"href":"https:\/\/fedai.az\/index.php?rest_route=\/wp\/v2\/posts\/81598\/revisions"}],"predecessor-version":[{"id":81599,"href":"https:\/\/fedai.az\/index.php?rest_route=\/wp\/v2\/posts\/81598\/revisions\/81599"}],"wp:featuredmedia":[{"embeddable":true,"href":"https:\/\/fedai.az\/index.php?rest_route=\/wp\/v2\/media\/81129"}],"wp:attachment":[{"href":"https:\/\/fedai.az\/index.php?rest_route=%2Fwp%2Fv2%2Fmedia&parent=81598"}],"wp:term":[{"taxonomy":"category","embeddable":true,"href":"https:\/\/fedai.az\/index.php?rest_route=%2Fwp%2Fv2%2Fcategories&post=81598"},{"taxonomy":"post_tag","embeddable":true,"href":"https:\/\/fedai.az\/index.php?rest_route=%2Fwp%2Fv2%2Ftags&post=81598"}],"curies":[{"name":"wp","href":"https:\/\/api.w.org\/{rel}","templated":true}]}}