{"id":81610,"date":"2022-09-22T00:22:25","date_gmt":"2022-09-21T20:22:25","guid":{"rendered":"https:\/\/fedai.az\/?p=81610"},"modified":"2022-09-22T00:22:28","modified_gmt":"2022-09-21T20:22:28","slug":"prezident-s%c9%99hidl%c9%99rimizin-cani-qani-bahasina-bu-torpaqlardayiq","status":"publish","type":"post","link":"https:\/\/fedai.az\/?p=81610","title":{"rendered":"Prezident: &#171;\u015e\u0259hidl\u0259rimizin can\u0131, qan\u0131 bahas\u0131na bu torpaqlarday\u0131q&#187;"},"content":{"rendered":"\n<p><strong>\u201cLa\u00e7\u0131n rayonunun v\u0259 La\u00e7\u0131n \u015f\u0259h\u0259rinin i\u015f\u011faldan azad edilm\u0259si, bir daha dem\u0259k ist\u0259yir\u0259m ki, tarixi hadis\u0259dir. Bizim b\u00fct\u00fcn \u015fanl\u0131 V\u0259t\u0259n m\u00fcharib\u0259miz \u015fanl\u0131 tariximizdir. Ancaq x\u00fcsusi strateji \u0259h\u0259miyy\u0259tini, \u00e7\u0259tin relyefi, a\u011f\u0131r, soyuq iqlimi n\u0259z\u0259r\u0259 alsaq, La\u00e7\u0131n v\u0259 K\u0259lb\u0259c\u0259r rayonlar\u0131n\u0131n azad edilm\u0259si x\u00fcsusi \u0259h\u0259miyy\u0259t k\u0259sb edir\u201d.<\/strong><\/p>\n\n\n\n<p>Bunu Prezident \u0130lham \u018fliyev sentyabr\u0131n 21-d\u0259 La\u00e7\u0131n \u015f\u0259h\u0259rind\u0259 Az\u0259rbaycan Bayra\u011f\u0131n\u0131 ucaldan zaman \u00e7\u0131x\u0131\u015f\u0131nda bildirib.<\/p>\n\n\n\n<p>\u201cLa\u00e7\u0131n v\u0259 K\u0259lb\u0259c\u0259r rayonlar\u0131 1990-c\u0131 ill\u0259rin \u0259vv\u0259ll\u0259rind\u0259 i\u015f\u011fal edil\u0259rk\u0259n faktiki olaraq Erm\u0259nistanla Qaraba\u011f aras\u0131nda co\u011frafi ba\u011flant\u0131 yarad\u0131lm\u0131\u015fd\u0131. La\u00e7\u0131n rayonu 1992-ci il may\u0131n 18-d\u0259, K\u0259lb\u0259c\u0259r rayonu 1993-c\u00fc il aprelin \u0259vv\u0259lind\u0259 i\u015f\u011fal alt\u0131na d\u00fc\u015fm\u00fc\u015fd\u00fc v\u0259 bel\u0259likl\u0259, erm\u0259nil\u0259r \u00f6z arzular\u0131na \u00e7atm\u0131\u015fd\u0131lar. Onlar hesab edirdil\u0259r ki, bu torpaqlarda \u0259b\u0259di ya\u015fayacaqlar. Hesab edirdil\u0259r ki, buna nail olacaqlar. G\u00f6r\u00fcrd\u00fcl\u0259r ki, onlara himay\u0259darl\u0131q ed\u0259n bir ne\u00e7\u0259 \u00f6lk\u0259, onlar\u0131n cinay\u0259tl\u0259rin\u0259 g\u00f6z yuman, bu m\u0259s\u0259l\u0259l\u0259rl\u0259 bilavasit\u0259 m\u0259\u015f\u011ful olan t\u0259\u015fkilat buna bigan\u0259 qald\u0131. Sanki onlara b\u0259ra\u0259t qazand\u0131r\u0131rd\u0131lar v\u0259 daha da az\u011f\u0131nla\u015f\u0131rd\u0131lar. \u0130\u015f\u011fal\u0131n ilkin m\u0259rh\u0259l\u0259sind\u0259 bizim b\u00fct\u00fcn ya\u015fay\u0131\u015f m\u0259nt\u0259q\u0259l\u0259rimizi da\u011f\u0131tm\u0131\u015fd\u0131lar. Ancaq sonra hiss etdil\u0259r ki, art\u0131q bunlar\u0131n cinay\u0259ti c\u0259zas\u0131z qal\u0131r, burada qanunsuz in\u015faat i\u015fl\u0259rin\u0259 ba\u015flad\u0131lar, o c\u00fcml\u0259d\u0259n La\u00e7\u0131n \u015f\u0259h\u0259rind\u0259, o c\u00fcml\u0259d\u0259n Zabux v\u0259 Sus k\u0259ndl\u0259rind\u0259\u201d- dey\u0259 d\u00f6vl\u0259t ba\u015f\u00e7\u0131s\u0131 bildirib.<\/p>\n\n\n\n<p>Prezident qeyd edib:<\/p>\n\n\n\n<p>\u201cOnu da bildirm\u0259liy\u0259m ki, 26 avqust tarixind\u0259 La\u00e7\u0131n \u015f\u0259h\u0259ri il\u0259 birlikd\u0259 Zabux v\u0259 Sus k\u0259ndl\u0259ri d\u0259 i\u015f\u011fal\u00e7\u0131lardan azad edilmi\u015fdir. Y\u0259ni, b\u00fct\u00fcn bu tarixi biz he\u00e7 vaxt unutmamal\u0131y\u0131q. Biz \u015f\u0259hidl\u0259rimizin can\u0131, qan\u0131 bahas\u0131na, q\u0259hr\u0259man \u0259sg\u0259r v\u0259 zabitl\u0259rimizin f\u0259dakarl\u0131\u011f\u0131 say\u0259sind\u0259 bu g\u00fcn bu torpaqlarday\u0131q. He\u00e7 kim bu torpaqlar\u0131 biz\u0259 ba\u011f\u0131\u015flamay\u0131b, he\u00e7 kim bu torpaqlar\u0131 biz\u0259 dan\u0131\u015f\u0131qlar yolu il\u0259 qaytarmay\u0131b. Beyn\u0259lxalq t\u0259\u015fkilatlar, o c\u00fcml\u0259d\u0259n BMT, onun T\u0259hl\u00fck\u0259sizlik \u015euras\u0131, AT\u018fT i\u015f\u011fal\u00e7\u0131 d\u00f6vl\u0259ti m\u0259cbur edib buradan \u00e7\u0131xarmal\u0131 idi. Erm\u0259nistana qar\u015f\u0131 sanksiyalar t\u0259tbiq edilm\u0259li idi. Bunlar\u0131n he\u00e7 biri g\u00f6r\u00fclm\u0259di. \u018fksin\u0259, bu i\u015f\u011fal\u0131 \u0259b\u0259dil\u0259\u015fdirm\u0259k \u00fc\u00e7\u00fcn Erm\u0259nistan, d\u00fcnya erm\u0259niliyi v\u0259 onlar\u0131n xaricd\u0259ki havadarlar\u0131 birl\u0259\u015f\u0259r\u0259k bu \u00e7irkin niyy\u0259ti h\u0259yata ke\u00e7irm\u0259k ist\u0259yirdil\u0259r. M\u0259n is\u0259 h\u0259mi\u015f\u0259 deyirdim ki, Az\u0259rbaycan xalq\u0131 buna he\u00e7 vaxt raz\u0131 olmayacaq. H\u0259mi\u015f\u0259 deyirdim ki, m\u0259s\u0259l\u0259 s\u00fclh yolu il\u0259 h\u0259ll olunmasa, bunu h\u0259rb yolu il\u0259 h\u0259ll ed\u0259c\u0259yik v\u0259 etdik. C\u0259mi 44 g\u00fcn \u0259rzind\u0259 Erm\u0259nistan ordusunu darmada\u011f\u0131n etdik. Al\u0131nmaz qala say\u0131lan \u015eu\u015fan\u0131 azad etdik. C\u0259bray\u0131l\u0131, F\u00fczulini, Z\u0259ngilan\u0131, Qubadl\u0131n\u0131, Hadrutu, Xocav\u0259ndi d\u00f6y\u00fc\u015f meydan\u0131nda azad etdik. D\u00fc\u015fm\u0259n diz \u00e7\u00f6kd\u00fc v\u0259 La\u00e7\u0131n\u0131, K\u0259lb\u0259c\u0259ri, A\u011fdam\u0131 t\u0259rk etm\u0259y\u0259 m\u0259cbur oldu. Bu g\u00fcn La\u00e7\u0131n \u015f\u0259h\u0259rind\u0259 olark\u0259n haql\u0131 olaraq q\u00fcrur hissi ke\u00e7irir\u0259m ki, q\u0259dim Az\u0259rbaycan torpa\u011f\u0131nda bizim \u00fc\u00e7r\u0259ngli Bayra\u011f\u0131m\u0131z dal\u011falan\u0131r\u201d.<\/p>\n","protected":false},"excerpt":{"rendered":"<p>\u201cLa\u00e7\u0131n rayonunun v\u0259 La\u00e7\u0131n \u015f\u0259h\u0259rinin i\u015f\u011faldan azad edilm\u0259si, bir daha dem\u0259k ist\u0259yir\u0259m ki, tarixi hadis\u0259dir. Bizim b\u00fct\u00fcn \u015fanl\u0131 V\u0259t\u0259n m\u00fcharib\u0259miz \u015fanl\u0131 tariximizdir. Ancaq x\u00fcsusi<\/p>\n","protected":false},"author":2,"featured_media":81611,"comment_status":"closed","ping_status":"closed","sticky":false,"template":"","format":"standard","meta":{"footnotes":""},"categories":[3],"tags":[],"class_list":["post-81610","post","type-post","status-publish","format-standard","has-post-thumbnail","hentry","category-gundm"],"aioseo_notices":[],"_links":{"self":[{"href":"https:\/\/fedai.az\/index.php?rest_route=\/wp\/v2\/posts\/81610","targetHints":{"allow":["GET"]}}],"collection":[{"href":"https:\/\/fedai.az\/index.php?rest_route=\/wp\/v2\/posts"}],"about":[{"href":"https:\/\/fedai.az\/index.php?rest_route=\/wp\/v2\/types\/post"}],"author":[{"embeddable":true,"href":"https:\/\/fedai.az\/index.php?rest_route=\/wp\/v2\/users\/2"}],"replies":[{"embeddable":true,"href":"https:\/\/fedai.az\/index.php?rest_route=%2Fwp%2Fv2%2Fcomments&post=81610"}],"version-history":[{"count":1,"href":"https:\/\/fedai.az\/index.php?rest_route=\/wp\/v2\/posts\/81610\/revisions"}],"predecessor-version":[{"id":81612,"href":"https:\/\/fedai.az\/index.php?rest_route=\/wp\/v2\/posts\/81610\/revisions\/81612"}],"wp:featuredmedia":[{"embeddable":true,"href":"https:\/\/fedai.az\/index.php?rest_route=\/wp\/v2\/media\/81611"}],"wp:attachment":[{"href":"https:\/\/fedai.az\/index.php?rest_route=%2Fwp%2Fv2%2Fmedia&parent=81610"}],"wp:term":[{"taxonomy":"category","embeddable":true,"href":"https:\/\/fedai.az\/index.php?rest_route=%2Fwp%2Fv2%2Fcategories&post=81610"},{"taxonomy":"post_tag","embeddable":true,"href":"https:\/\/fedai.az\/index.php?rest_route=%2Fwp%2Fv2%2Ftags&post=81610"}],"curies":[{"name":"wp","href":"https:\/\/api.w.org\/{rel}","templated":true}]}}