{"id":81613,"date":"2022-09-22T00:25:20","date_gmt":"2022-09-21T20:25:20","guid":{"rendered":"https:\/\/fedai.az\/?p=81613"},"modified":"2022-09-22T10:18:23","modified_gmt":"2022-09-22T06:18:23","slug":"mehriban-%c9%99liyeva-lacindan-moht%c9%99s%c9%99m-video-paylasdi","status":"publish","type":"post","link":"https:\/\/fedai.az\/?p=81613","title":{"rendered":"Mehriban \u018fliyeva La\u00e7\u0131ndan m\u00f6ht\u0259\u015f\u0259m video payla\u015fd\u0131"},"content":{"rendered":"\n<p><strong>Az\u0259rbaycan\u0131n Birinci vitse-prezidenti Mehriban \u018fliyeva r\u0259smi instaqram s\u0259hif\u0259sind\u0259 La\u00e7\u0131n \u015f\u0259h\u0259ri il\u0259 ba\u011fl\u0131 payla\u015f\u0131m edib.<\/strong><\/p>\n\n\n\n<p> &#171;Ay La\u00e7\u0131n, Can La\u00e7\u0131n. 21.09.2022&#187; s\u00f6zl\u0259ri qeyd olunan payla\u015f\u0131mda Prezident \u0130lham \u018fliyevin \u015f\u0259h\u0259rl\u0259 tan\u0131\u015fl\u0131\u011f\u0131 g\u00f6r\u00fcnt\u00fcl\u0259nib.<\/p>\n\n\n\n<figure class=\"wp-block-embed is-type-rich is-provider-twitter wp-block-embed-twitter\"><div class=\"wp-block-embed__wrapper\">\n<blockquote class=\"twitter-tweet\" data-width=\"550\" data-dnt=\"true\"><p lang=\"tr\" dir=\"ltr\">Ay La\u00e7\u0131n, can La\u00e7\u0131n\u2764\ufe0f\ud83c\udde6\ud83c\uddff\u2764\ufe0f21.09.2022. <a href=\"https:\/\/t.co\/HnremtzFIC\">pic.twitter.com\/HnremtzFIC<\/a><\/p>&mdash; Mehriban Aliyeva (@1VicePresident) <a href=\"https:\/\/twitter.com\/1VicePresident\/status\/1572647347712299013?ref_src=twsrc%5Etfw\">September 21, 2022<\/a><\/blockquote><script async src=\"https:\/\/platform.twitter.com\/widgets.js\" charset=\"utf-8\"><\/script>\n<\/div><\/figure>\n","protected":false},"excerpt":{"rendered":"<p>Az\u0259rbaycan\u0131n Birinci vitse-prezidenti Mehriban \u018fliyeva r\u0259smi instaqram s\u0259hif\u0259sind\u0259 La\u00e7\u0131n \u015f\u0259h\u0259ri il\u0259 ba\u011fl\u0131 payla\u015f\u0131m edib. &#171;Ay La\u00e7\u0131n, Can La\u00e7\u0131n. 21.09.2022&#187; s\u00f6zl\u0259ri qeyd olunan payla\u015f\u0131mda Prezident<\/p>\n","protected":false},"author":2,"featured_media":81614,"comment_status":"closed","ping_status":"closed","sticky":false,"template":"","format":"standard","meta":{"footnotes":""},"categories":[4],"tags":[],"class_list":["post-81613","post","type-post","status-publish","format-standard","has-post-thumbnail","hentry","category-qarabag"],"aioseo_notices":[],"_links":{"self":[{"href":"https:\/\/fedai.az\/index.php?rest_route=\/wp\/v2\/posts\/81613","targetHints":{"allow":["GET"]}}],"collection":[{"href":"https:\/\/fedai.az\/index.php?rest_route=\/wp\/v2\/posts"}],"about":[{"href":"https:\/\/fedai.az\/index.php?rest_route=\/wp\/v2\/types\/post"}],"author":[{"embeddable":true,"href":"https:\/\/fedai.az\/index.php?rest_route=\/wp\/v2\/users\/2"}],"replies":[{"embeddable":true,"href":"https:\/\/fedai.az\/index.php?rest_route=%2Fwp%2Fv2%2Fcomments&post=81613"}],"version-history":[{"count":2,"href":"https:\/\/fedai.az\/index.php?rest_route=\/wp\/v2\/posts\/81613\/revisions"}],"predecessor-version":[{"id":81642,"href":"https:\/\/fedai.az\/index.php?rest_route=\/wp\/v2\/posts\/81613\/revisions\/81642"}],"wp:featuredmedia":[{"embeddable":true,"href":"https:\/\/fedai.az\/index.php?rest_route=\/wp\/v2\/media\/81614"}],"wp:attachment":[{"href":"https:\/\/fedai.az\/index.php?rest_route=%2Fwp%2Fv2%2Fmedia&parent=81613"}],"wp:term":[{"taxonomy":"category","embeddable":true,"href":"https:\/\/fedai.az\/index.php?rest_route=%2Fwp%2Fv2%2Fcategories&post=81613"},{"taxonomy":"post_tag","embeddable":true,"href":"https:\/\/fedai.az\/index.php?rest_route=%2Fwp%2Fv2%2Ftags&post=81613"}],"curies":[{"name":"wp","href":"https:\/\/api.w.org\/{rel}","templated":true}]}}