{"id":81616,"date":"2022-09-22T00:32:21","date_gmt":"2022-09-21T20:32:21","guid":{"rendered":"https:\/\/fedai.az\/?p=81616"},"modified":"2022-09-22T00:32:24","modified_gmt":"2022-09-21T20:32:24","slug":"susa-%c9%99rzurum-s%c9%99h%c9%99rl%c9%99ri-qardaslasib","status":"publish","type":"post","link":"https:\/\/fedai.az\/?p=81616","title":{"rendered":"\u015eu\u015fa \u018frzurum \u015f\u0259h\u0259rl\u0259ri qarda\u015fla\u015f\u0131b"},"content":{"rendered":"\n<p><strong>\u015eu\u015fa \u015e\u0259h\u0259ri D\u00f6vl\u0259t Qoru\u011fu \u0130dar\u0259si v\u0259 \u018frzurum B\u00f6y\u00fck\u015f\u0259h\u0259r B\u0259l\u0259diyy\u0259si aras\u0131nda iki dost v\u0259 qarda\u015f \u00f6lk\u0259 kimi strateji t\u0259r\u0259fda\u015fl\u0131q m\u00fcnasib\u0259tl\u0259rinin m\u00f6vcud oldu\u011funu n\u0259z\u0259r\u0259 alaraq qarda\u015fla\u015fm\u0131\u015f \u015f\u0259h\u0259rl\u0259r haqq\u0131nda\u00a0protokol imzalan\u0131b.<\/strong><\/p>\n\n\n\n<p>\u015eu\u015fa \u015e\u0259h\u0259ri D\u00f6vl\u0259t Qoru\u011fu \u0130dar\u0259sind\u0259n veril\u0259n m\u0259lumata\u00a0g\u00f6r\u0259, protokol qarda\u015fla\u015fm\u0131\u015f \u015f\u0259h\u0259rl\u0259r aras\u0131nda m\u0259d\u0259ni, sosial v\u0259 iqtisadi m\u00fcnasib\u0259tl\u0259ri, h\u0259m\u00e7inin dostluq v\u0259 qarda\u015fl\u0131q \u0259laq\u0259l\u0259rini t\u0259\u015fviq etm\u0259k v\u0259 birg\u0259 f\u0259aliyy\u0259t sah\u0259l\u0259rini geni\u015fl\u0259ndirm\u0259yi \u0259sas tutur.<\/p>\n\n\n\n<p>T\u0259r\u0259fl\u0259r aras\u0131nda birg\u0259 proqram, layih\u0259l\u0259r, qar\u015f\u0131l\u0131ql\u0131 s\u0259f\u0259rl\u0259rin t\u0259\u015fkili, habel\u0259 t\u0259cr\u00fcb\u0259 v\u0259 m\u0259lumat m\u00fcbadil\u0259si, b\u0259rab\u0259rlik, dostluq, qarda\u015fl\u0131q v\u0259 \u00fcmumi maraq prinsipl\u0259rin\u0259 uy\u011fun olaraq, inc\u0259s\u0259n\u0259t, m\u0259d\u0259niyy\u0259t, turizm, elm, ticar\u0259t v\u0259 informasiya texnologiyalar\u0131 sah\u0259l\u0259rind\u0259 \u0259m\u0259kda\u015fl\u0131q n\u0259z\u0259rd\u0259 tutulub.<\/p>\n\n\n\n<p>S\u0259n\u0259di \u018frzurumda s\u0259f\u0259rd\u0259 olan \u015eu\u015fa \u015e\u0259h\u0259ri D\u00f6vl\u0259t Qoru\u011fu \u0130dar\u0259sinin \u0130dar\u0259 Hey\u0259tinin s\u0259dri M\u0259ftun Abbasov v\u0259 \u018frzurum B\u00f6y\u00fck\u015f\u0259h\u0259r B\u0259l\u0259diyy\u0259sinin ba\u015f\u00e7\u0131s\u0131 Mehmet Sekmen imzalay\u0131blar.<\/p>\n\n\n\n<p>T\u0259dbird\u0259n sonra \u018frzurum valisi Okay Memi\u015fl\u0259 d\u0259 g\u00f6r\u00fc\u015f ba\u015f tutub. \u015eu\u015fa \u015e\u0259h\u0259ri D\u00f6vl\u0259t Qoru\u011fu \u0130dar\u0259sinin \u0130dar\u0259 Hey\u0259tinin s\u0259dri M\u0259ftun Abbasov qarda\u015fla\u015fm\u0131\u015f \u015f\u0259h\u0259rl\u0259r protokolunun ilk d\u0259f\u0259 \u018frzurum il\u0259 imzalanmas\u0131n\u0131n x\u00fcsusi \u0259h\u0259miyy\u0259t\u0259 malik oldu\u011funu qeyd edib. Bildirib ki, bu il Az\u0259rbaycanda M\u00fcz\u0259ff\u0259r Ali Ba\u015f Komandan, c\u0259nab Prezident \u0130lham \u018fliyevin S\u0259r\u0259ncam\u0131 il\u0259 \u015eu\u015fa \u015f\u0259h\u0259ri Az\u0259rbaycan\u0131n m\u0259d\u0259niyy\u0259t paytaxt\u0131 elan olunubdur. G\u0259l\u0259n il is\u0259 \u015eu\u015fa \u015f\u0259h\u0259ri T\u00dcRKSOY-un q\u0259rar\u0131 il\u0259 T\u00fcrk d\u00fcnyas\u0131n\u0131n m\u0259d\u0259niyy\u0259t paytaxt\u0131 elan edilmi\u015fdir. Buna g\u00f6r\u0259 d\u0259 T\u00fcrk d\u00fcnyas\u0131n\u0131n m\u0259rk\u0259zl\u0259rind\u0259n biri say\u0131lan \u018frzurum il\u0259 m\u0259d\u0259ni, siyasi v\u0259 iqtisadi \u0259laq\u0259l\u0259rin qurulmas\u0131 vacibdir.<\/p>\n\n\n\n<p>\u018frzurum valisi Okay Memi\u015f \u015eu\u015fan\u0131n b\u00fct\u00fcn t\u00fcrk d\u00fcnyas\u0131n\u0131n q\u0259lbind\u0259 x\u00fcsusi yer tutdu\u011funu qeyd ed\u0259r\u0259k, \u0259ziz \u015eu\u015fa il\u0259 ist\u0259nil\u0259n t\u0259dbir v\u0259 birg\u0259 f\u0259aliyy\u0259tl\u0259rin ba\u015flanmas\u0131n\u0131 valilik \u00fc\u00e7\u00fcn m\u00fch\u00fcm missiya oldu\u011funu bildirib.<\/p>\n\n\n\n<p>Daha sonra M\u0259ftun Abbasov il\u0259 \u018frzurum Atat\u00fcrk Universiteti v\u0259 \u018frzurum Texniki Universitetinin rektorlar\u0131 aras\u0131nda g\u00f6r\u00fc\u015f ba\u015f tutub. G\u00f6r\u00fc\u015fd\u0259 qar\u015f\u0131l\u0131ql\u0131 t\u0259cr\u00fcb\u0259 m\u00fcbadil\u0259sinin apar\u0131lmas\u0131 haqq\u0131nda \u0259trafl\u0131 dan\u0131\u015f\u0131l\u0131b.<\/p>\n","protected":false},"excerpt":{"rendered":"<p>\u015eu\u015fa \u015e\u0259h\u0259ri D\u00f6vl\u0259t Qoru\u011fu \u0130dar\u0259si v\u0259 \u018frzurum B\u00f6y\u00fck\u015f\u0259h\u0259r B\u0259l\u0259diyy\u0259si aras\u0131nda iki dost v\u0259 qarda\u015f \u00f6lk\u0259 kimi strateji t\u0259r\u0259fda\u015fl\u0131q m\u00fcnasib\u0259tl\u0259rinin m\u00f6vcud oldu\u011funu n\u0259z\u0259r\u0259 alaraq qarda\u015fla\u015fm\u0131\u015f<\/p>\n","protected":false},"author":2,"featured_media":81617,"comment_status":"closed","ping_status":"closed","sticky":false,"template":"","format":"standard","meta":{"footnotes":""},"categories":[3],"tags":[],"class_list":["post-81616","post","type-post","status-publish","format-standard","has-post-thumbnail","hentry","category-gundm"],"aioseo_notices":[],"_links":{"self":[{"href":"https:\/\/fedai.az\/index.php?rest_route=\/wp\/v2\/posts\/81616","targetHints":{"allow":["GET"]}}],"collection":[{"href":"https:\/\/fedai.az\/index.php?rest_route=\/wp\/v2\/posts"}],"about":[{"href":"https:\/\/fedai.az\/index.php?rest_route=\/wp\/v2\/types\/post"}],"author":[{"embeddable":true,"href":"https:\/\/fedai.az\/index.php?rest_route=\/wp\/v2\/users\/2"}],"replies":[{"embeddable":true,"href":"https:\/\/fedai.az\/index.php?rest_route=%2Fwp%2Fv2%2Fcomments&post=81616"}],"version-history":[{"count":1,"href":"https:\/\/fedai.az\/index.php?rest_route=\/wp\/v2\/posts\/81616\/revisions"}],"predecessor-version":[{"id":81618,"href":"https:\/\/fedai.az\/index.php?rest_route=\/wp\/v2\/posts\/81616\/revisions\/81618"}],"wp:featuredmedia":[{"embeddable":true,"href":"https:\/\/fedai.az\/index.php?rest_route=\/wp\/v2\/media\/81617"}],"wp:attachment":[{"href":"https:\/\/fedai.az\/index.php?rest_route=%2Fwp%2Fv2%2Fmedia&parent=81616"}],"wp:term":[{"taxonomy":"category","embeddable":true,"href":"https:\/\/fedai.az\/index.php?rest_route=%2Fwp%2Fv2%2Fcategories&post=81616"},{"taxonomy":"post_tag","embeddable":true,"href":"https:\/\/fedai.az\/index.php?rest_route=%2Fwp%2Fv2%2Ftags&post=81616"}],"curies":[{"name":"wp","href":"https:\/\/api.w.org\/{rel}","templated":true}]}}