{"id":81643,"date":"2022-09-22T10:32:04","date_gmt":"2022-09-22T06:32:04","guid":{"rendered":"https:\/\/fedai.az\/?p=81643"},"modified":"2022-09-22T10:32:07","modified_gmt":"2022-09-22T06:32:07","slug":"qovorit-yerevan-erm%c9%99ni-teleqram-kanalinin-m%c9%99lumatina-gor%c9%99-ol%c9%99n-erm%c9%99ni-%c9%99sg%c9%99rl%c9%99rin-sayi-400-%c9%99-yaxindir","status":"publish","type":"post","link":"https:\/\/fedai.az\/?p=81643","title":{"rendered":"&#171;Qovorit Yerevan&#187; erm\u0259ni teleqram kanal\u0131n\u0131n m\u0259lumat\u0131na g\u00f6r\u0259, \u00f6l\u0259n erm\u0259ni \u0259sg\u0259rl\u0259rin say\u0131 400-\u0259 yax\u0131nd\u0131r"},"content":{"rendered":"\n<p><em><strong>Erm\u0259nistan\u0131n paytaxt\u0131 \u0130r\u0259van \u015f\u0259h\u0259rind\u0259 yerl\u0259\u015f\u0259n \u201cYerablur\u201d h\u0259rbi q\u0259birstanl\u0131\u011f\u0131n\u0131n sah\u0259si geni\u015fl\u0259ndirilir.&nbsp;<\/strong><\/em><\/p>\n\n\n\n<p>Az\u0259rbaycan Erm\u0259nistan s\u0259rh\u0259dind\u0259ki son toqqu\u015fmalarda \u00f6l\u0259n erm\u0259ni \u0259sg\u0259rl\u0259rinin say\u0131 r\u0259smi elan edilmi\u015f r\u0259q\u0259ml\u0259rd\u0259n d\u0259f\u0259l\u0259rl\u0259 \u00e7oxdur. Xat\u0131rladaq ki, sentyabr\u0131n 15-d\u0259 Erm\u0259nistan\u0131n ba\u015f naziri Nikol Pa\u015finyan\u0131n r\u0259hb\u0259rliyi il\u0259 ke\u00e7iril\u0259n T\u0259hl\u00fck\u0259sizlik \u015euras\u0131n\u0131n iclas\u0131nda bildirildi ki, 207 erm\u0259ni \u0259sg\u0259ri \u00f6l\u00fcb, 300-\u0259 yax\u0131n yaral\u0131 var, 20 n\u0259f\u0259r is\u0259 itkin d\u00fc\u015f\u00fcb. <strong>&#171;Qovorit Yerevan&#187; <\/strong>erm\u0259ni teleqram kanal\u0131n\u0131n m\u0259lumat\u0131na g\u00f6r\u0259, \u00f6l\u0259n erm\u0259ni \u0259sg\u0259rl\u0259rin say\u0131 400-\u0259 yax\u0131nd\u0131r.\u00a0<\/p>\n\n\n\n<p>\u201c5165\u201d h\u0259r\u0259kat\u0131n\u0131n \u00fczv\u00fc Karin Tonoyan is\u0259 yaranan v\u0259ziyy\u0259tl\u0259 ba\u011fl\u0131 Pa\u015finyan hakimiyy\u0259tini g\u00fcnahland\u0131r\u0131b. \u201cBiz torpaqlar\u0131m\u0131z\u0131 itiririk, u\u015faqlar\u0131m\u0131z\u0131 itiririk, xalq\u0131 ay\u0131ltmaq \u00fc\u00e7\u00fcn bel\u0259 olmal\u0131d\u0131r\u201d, &#8212; dey\u0259 Tonoyan bildirib.&nbsp;<\/p>\n\n\n\n<p>Bir \u00e7ox m\u00fcxalif siyasil\u0259r d\u0259 veril\u0259n r\u0259smi r\u0259q\u0259ml\u0259rin real olmad\u0131\u011f\u0131n\u0131 bildiribl\u0259r.&nbsp;<\/p>\n\n\n\n<p>Bak\u0131 D\u00f6vl\u0259t Universitetinin Erm\u0259ni ara\u015fd\u0131rmalar\u0131 elmi t\u0259dqiqat v\u0259 t\u0259dris M\u0259rk\u0259zinin b\u00f6y\u00fck elmi i\u015f\u00e7isi \u0130smay\u0131l Tanr\u0131verdinin kanal\u0131m\u0131za verdiyi a\u00e7\u0131qlamaya g\u00f6r\u0259, veril\u0259n itkil\u0259rin \u00e7oxlu\u011fu bar\u0259d\u0259 d\u0259rc olunan m\u0259lumatlar Pa\u015finyan iqtidar\u0131 t\u0259r\u0259find\u0259n silinir. O, Erm\u0259nistan\u0131n ehtiyatda olan polkovniki Volodya Hovanisyan\u0131n itkil\u0259rl\u0259 ba\u011fl\u0131 bir ne\u00e7\u0259 g\u00fcn \u00f6nc\u0259 verdiyi a\u00e7\u0131qlaman\u0131n da silindiyini qeyd edib.&nbsp;<\/p>\n\n\n\n<p>Bu g\u00fcn is\u0259 \u201cHayeli\u201d adl\u0131 yutub kanal\u0131nda \u00e7\u0131x\u0131\u015f ed\u0259n tarix elml\u0259ri namiz\u0259di, polkovnik Volodya Hovanisyan r\u0259smi r\u0259q\u0259ml\u0259rin real olmad\u0131\u011f\u0131n\u0131 bildirib.&nbsp;<\/p>\n\n\n\n<p>Erm\u0259nistan ordusunda f\u0259rarilik hallar\u0131 da qalmaqdad\u0131r. Bu bar\u0259d\u0259 yerli m\u0259tbuata Z\u0259ng\u0259zur rayonunun k\u0259nd icra n\u00fcmay\u0259nd\u0259l\u0259rindi biri Ruben Manu\u00e7aryan deyib. \u201cBir qrup m\u00fclki geyimli \u015f\u0259xs k\u0259nd ma\u011fazas\u0131na yax\u0131nla\u015faraq k\u0259ndd\u0259ki v\u0259ziyy\u0259tl\u0259 maraqlan\u0131blar v\u0259 onlar sat\u0131c\u0131dan \u0259halinin k\u00f6\u00e7\u00fcr\u00fcl\u00fcb-k\u00f6\u00e7\u00fcr\u00fclm\u0259diyini soru\u015fublar\u201d &#8212; dey\u0259, Manu\u00e7aryan vur\u011fulay\u0131b.\u00a0\u00a0<\/p>\n\n\n\n<p><br>Erm\u0259ni medias\u0131 t\u0259hl\u00fck\u0259sizlik orqanlar\u0131na t\u0259hvil veril\u0259n h\u0259min \u015f\u0259xsl\u0259rin son d\u00f6y\u00fc\u015fl\u0259r vaxt\u0131 postlar\u0131 qoyub qa\u00e7an erm\u0259ni h\u0259rb\u00e7il\u0259ri oldu\u011funu bildirib.\u00a0<\/p>\n","protected":false},"excerpt":{"rendered":"<p>Erm\u0259nistan\u0131n paytaxt\u0131 \u0130r\u0259van \u015f\u0259h\u0259rind\u0259 yerl\u0259\u015f\u0259n \u201cYerablur\u201d h\u0259rbi q\u0259birstanl\u0131\u011f\u0131n\u0131n sah\u0259si geni\u015fl\u0259ndirilir.&nbsp; Az\u0259rbaycan Erm\u0259nistan s\u0259rh\u0259dind\u0259ki son toqqu\u015fmalarda \u00f6l\u0259n erm\u0259ni \u0259sg\u0259rl\u0259rinin say\u0131 r\u0259smi elan edilmi\u015f r\u0259q\u0259ml\u0259rd\u0259n d\u0259f\u0259l\u0259rl\u0259<\/p>\n","protected":false},"author":2,"featured_media":0,"comment_status":"closed","ping_status":"closed","sticky":false,"template":"","format":"standard","meta":{"footnotes":""},"categories":[4],"tags":[],"class_list":["post-81643","post","type-post","status-publish","format-standard","hentry","category-qarabag"],"aioseo_notices":[],"_links":{"self":[{"href":"https:\/\/fedai.az\/index.php?rest_route=\/wp\/v2\/posts\/81643","targetHints":{"allow":["GET"]}}],"collection":[{"href":"https:\/\/fedai.az\/index.php?rest_route=\/wp\/v2\/posts"}],"about":[{"href":"https:\/\/fedai.az\/index.php?rest_route=\/wp\/v2\/types\/post"}],"author":[{"embeddable":true,"href":"https:\/\/fedai.az\/index.php?rest_route=\/wp\/v2\/users\/2"}],"replies":[{"embeddable":true,"href":"https:\/\/fedai.az\/index.php?rest_route=%2Fwp%2Fv2%2Fcomments&post=81643"}],"version-history":[{"count":1,"href":"https:\/\/fedai.az\/index.php?rest_route=\/wp\/v2\/posts\/81643\/revisions"}],"predecessor-version":[{"id":81645,"href":"https:\/\/fedai.az\/index.php?rest_route=\/wp\/v2\/posts\/81643\/revisions\/81645"}],"wp:attachment":[{"href":"https:\/\/fedai.az\/index.php?rest_route=%2Fwp%2Fv2%2Fmedia&parent=81643"}],"wp:term":[{"taxonomy":"category","embeddable":true,"href":"https:\/\/fedai.az\/index.php?rest_route=%2Fwp%2Fv2%2Fcategories&post=81643"},{"taxonomy":"post_tag","embeddable":true,"href":"https:\/\/fedai.az\/index.php?rest_route=%2Fwp%2Fv2%2Ftags&post=81643"}],"curies":[{"name":"wp","href":"https:\/\/api.w.org\/{rel}","templated":true}]}}