{"id":81649,"date":"2022-09-22T11:13:01","date_gmt":"2022-09-22T07:13:01","guid":{"rendered":"https:\/\/fedai.az\/?p=81649"},"modified":"2022-09-22T11:13:04","modified_gmt":"2022-09-22T07:13:04","slug":"ukrayna-medvedcuku-v%c9%99-55-rusu-215-ukraynali-h%c9%99rbi-%c9%99sirl%c9%99-d%c9%99yisdirdi","status":"publish","type":"post","link":"https:\/\/fedai.az\/?p=81649","title":{"rendered":"Ukrayna Medved\u00e7uku v\u0259 55 rusu 215 ukraynal\u0131 h\u0259rbi \u0259sirl\u0259 d\u0259yi\u015fdirdi"},"content":{"rendered":"\n<p><strong>Ukrayna Rusiyaya siyas\u0259t\u00e7i Viktor Medved\u00e7uku, el\u0259c\u0259 d\u0259 \u0259llid\u0259n \u00e7ox rus h\u0259rb\u00e7isini ruslara t\u0259hvil verdi. \u018fv\u0259z olaraq Moskva \u00f6z n\u00f6vb\u0259sind\u0259 200-d\u0259n \u00e7ox ukraynal\u0131 h\u0259rbi \u0259sir, o c\u00fcml\u0259d\u0259n Mariupol Azovstal zavodunu m\u00fcdafi\u0259 ed\u0259n \u0259sg\u0259r v\u0259 komandirl\u0259ri Kiyev\u0259 t\u0259hvil verib.<\/strong><\/p>\n\n\n\n<p>Ukrayna hakimiyy\u0259ti Vladimir Zelenskinin Ukrayna Prezidenti Aparat\u0131n\u0131n r\u0259hb\u0259ri Andrey Yermakla g\u00f6r\u00fc\u015f\u00fcn\u00fcn yay\u0131m\u0131 zaman\u0131 m\u00fcbadil\u0259ni t\u0259sdiql\u0259yibl\u0259r.<\/p>\n\n\n\n<p>&#171;M\u00fcdafi\u0259\u00e7il\u0259rimiz v\u0259t\u0259n\u0259 qay\u0131d\u0131rlar&#187;, &#8212; Vladimir Zelenski Telegram kanal\u0131nda yay\u0131mlanan yay\u0131mdan bir par\u00e7aya m\u00fcnasib\u0259t bildirib. \u201c\u00c7\u00fcnki bizim \u00fc\u00e7\u00fcn \u201c\u00f6z\u00fcm\u00fcz\u00fcnk\u00fcl\u0259ri darda qoymuruq\u201d ifad\u0259si sad\u0259c\u0259 s\u00f6z deyil, bizim \u00fc\u00e7\u00fcn bir qaydad\u0131r\u201d.<\/p>\n\n\n\n<p>Rusiya m\u0259tbuat\u0131 Ukraynan\u0131n 55 rus h\u0259rbi \u0259sirini, el\u0259c\u0259 d\u0259 Ukraynada v\u0259t\u0259n\u0259 x\u0259yan\u0259td\u0259 ittiham olunan Ukraynan\u0131n M\u00fcxalif\u0259t Platformas\u0131 &#8212; &#171;\u0417\u0430 \u0436\u0438\u0437\u043d\u044c&#187; partiyas\u0131n\u0131n liderl\u0259rind\u0259n olan Vladimir Putinin &#171;kirv\u0259si&#187; (xa\u00e7 atas\u0131) Viktor Medved\u00e7uku t\u0259hvil verdiyini yaz\u0131b.<\/p>\n\n\n\n<figure class=\"wp-block-gallery has-nested-images columns-default is-cropped wp-block-gallery-1 is-layout-flex wp-block-gallery-is-layout-flex\">\n<figure class=\"wp-block-image size-large\"><img loading=\"lazy\" decoding=\"async\" width=\"787\" height=\"565\" data-id=\"81650\" src=\"https:\/\/fedai.az\/wp-content\/uploads\/2022\/09\/SU1xbZNOMbZvvdencOJ2.jpg\" alt=\"\" class=\"wp-image-81650\" srcset=\"https:\/\/fedai.az\/wp-content\/uploads\/2022\/09\/SU1xbZNOMbZvvdencOJ2.jpg 787w, https:\/\/fedai.az\/wp-content\/uploads\/2022\/09\/SU1xbZNOMbZvvdencOJ2-300x215.jpg 300w, https:\/\/fedai.az\/wp-content\/uploads\/2022\/09\/SU1xbZNOMbZvvdencOJ2-150x108.jpg 150w, https:\/\/fedai.az\/wp-content\/uploads\/2022\/09\/SU1xbZNOMbZvvdencOJ2-768x551.jpg 768w\" sizes=\"auto, (max-width: 787px) 100vw, 787px\" \/><\/figure>\n\n\n\n<figure class=\"wp-block-image size-large\"><img loading=\"lazy\" decoding=\"async\" width=\"760\" height=\"499\" data-id=\"81651\" src=\"https:\/\/fedai.az\/wp-content\/uploads\/2022\/09\/medium.jpg\" alt=\"\" class=\"wp-image-81651\" srcset=\"https:\/\/fedai.az\/wp-content\/uploads\/2022\/09\/medium.jpg 760w, https:\/\/fedai.az\/wp-content\/uploads\/2022\/09\/medium-300x197.jpg 300w, https:\/\/fedai.az\/wp-content\/uploads\/2022\/09\/medium-150x98.jpg 150w\" sizes=\"auto, (max-width: 760px) 100vw, 760px\" \/><\/figure>\n<\/figure>\n\n\n\n<p>\u00d6z n\u00f6vb\u0259sind\u0259 Rusiya 124-\u00fc zabit olmaqla 215 ukraynal\u0131 h\u0259rb\u00e7ini t\u0259hvil verib. S\u0259rb\u0259st burax\u0131lanlar\u0131n t\u0259xmin\u0259n yar\u0131s\u0131 Azovstal\u0131n m\u00fcdafi\u0259sind\u0259 i\u015ftirak edib: onlar\u0131n aras\u0131nda Azov komandirl\u0259ri Denis Prokopenko v\u0259 Svyatoslav Palamar, h\u0259m\u00e7inin zavodun m\u00fcdafi\u0259\u00e7il\u0259rinin foto\u015f\u0259kill\u0259ri il\u0259 m\u0259\u015fhurla\u015fan Azov d\u00f6y\u00fc\u015f\u00e7\u00fcs\u00fc Dmitri Kozatski d\u0259 var.<\/p>\n\n\n\n<p>Ukrayna prezidenti bildirib ki, Azov komandirl\u0259rinin azad edilm\u0259si T\u00fcrkiy\u0259 prezidenti R\u0259c\u0259b Tayyib \u018frdo\u011fan\u0131n vasit\u0259\u00e7iliyi il\u0259 ba\u015f tutub. T\u0259r\u0259fl\u0259r azad edil\u0259nl\u0259rin m\u00fcharib\u0259nin sonuna q\u0259d\u0259r T\u00fcrkiy\u0259d\u0259 qalaca\u011f\u0131na dair raz\u0131l\u0131\u011fa g\u0259libl\u0259r.<\/p>\n\n\n\n<p>S\u0259udiyy\u0259 \u018fr\u0259bistan\u0131 Xarici \u0130\u015fl\u0259r Nazirliyind\u0259n veril\u0259n m\u0259lumata g\u00f6r\u0259, s\u0259rb\u0259st burax\u0131lma S\u0259udiyy\u0259 \u018fr\u0259bistan\u0131n\u0131n v\u0259li\u0259hd \u015fahzad\u0259si M\u0259h\u0259mm\u0259d bin Salman\u0131n vasit\u0259\u00e7iliyi il\u0259 h\u0259yata ke\u00e7irilib.<\/p>\n","protected":false},"excerpt":{"rendered":"<p>Ukrayna Rusiyaya siyas\u0259t\u00e7i Viktor Medved\u00e7uku, el\u0259c\u0259 d\u0259 \u0259llid\u0259n \u00e7ox rus h\u0259rb\u00e7isini ruslara t\u0259hvil verdi. \u018fv\u0259z olaraq Moskva \u00f6z n\u00f6vb\u0259sind\u0259 200-d\u0259n \u00e7ox ukraynal\u0131 h\u0259rbi \u0259sir,<\/p>\n","protected":false},"author":2,"featured_media":81653,"comment_status":"closed","ping_status":"closed","sticky":false,"template":"","format":"standard","meta":{"footnotes":""},"categories":[13],"tags":[],"class_list":["post-81649","post","type-post","status-publish","format-standard","has-post-thumbnail","hentry","category-xarici"],"aioseo_notices":[],"_links":{"self":[{"href":"https:\/\/fedai.az\/index.php?rest_route=\/wp\/v2\/posts\/81649","targetHints":{"allow":["GET"]}}],"collection":[{"href":"https:\/\/fedai.az\/index.php?rest_route=\/wp\/v2\/posts"}],"about":[{"href":"https:\/\/fedai.az\/index.php?rest_route=\/wp\/v2\/types\/post"}],"author":[{"embeddable":true,"href":"https:\/\/fedai.az\/index.php?rest_route=\/wp\/v2\/users\/2"}],"replies":[{"embeddable":true,"href":"https:\/\/fedai.az\/index.php?rest_route=%2Fwp%2Fv2%2Fcomments&post=81649"}],"version-history":[{"count":1,"href":"https:\/\/fedai.az\/index.php?rest_route=\/wp\/v2\/posts\/81649\/revisions"}],"predecessor-version":[{"id":81654,"href":"https:\/\/fedai.az\/index.php?rest_route=\/wp\/v2\/posts\/81649\/revisions\/81654"}],"wp:featuredmedia":[{"embeddable":true,"href":"https:\/\/fedai.az\/index.php?rest_route=\/wp\/v2\/media\/81653"}],"wp:attachment":[{"href":"https:\/\/fedai.az\/index.php?rest_route=%2Fwp%2Fv2%2Fmedia&parent=81649"}],"wp:term":[{"taxonomy":"category","embeddable":true,"href":"https:\/\/fedai.az\/index.php?rest_route=%2Fwp%2Fv2%2Fcategories&post=81649"},{"taxonomy":"post_tag","embeddable":true,"href":"https:\/\/fedai.az\/index.php?rest_route=%2Fwp%2Fv2%2Ftags&post=81649"}],"curies":[{"name":"wp","href":"https:\/\/api.w.org\/{rel}","templated":true}]}}