{"id":81655,"date":"2022-09-22T11:17:22","date_gmt":"2022-09-22T07:17:22","guid":{"rendered":"https:\/\/fedai.az\/?p=81655"},"modified":"2022-09-22T17:03:03","modified_gmt":"2022-09-22T13:03:03","slug":"iranda-qanli-qarsidurma-polisin-acdigi-at%c9%99s-n%c9%99tic%c9%99sind%c9%99-10-n%c9%99f%c9%99r-oldurulub","status":"publish","type":"post","link":"https:\/\/fedai.az\/?p=81655","title":{"rendered":"\u0130randa qanl\u0131 qar\u015f\u0131durma: Polisin a\u00e7d\u0131\u011f\u0131 at\u0259\u015f n\u0259tic\u0259sind\u0259 10 n\u0259f\u0259r \u00f6ld\u00fcr\u00fcl\u00fcb"},"content":{"rendered":"\n<p><strong>\u0130randa rejim \u0259leyhin\u0259 aksiyalar davam edir. Sentyabr\u0131n 21-i gec\u0259 saatlar\u0131nda davam ed\u0259n aksiyalarda h\u00f6kum\u0259t m\u0259murlar\u0131 v\u0259t\u0259nda\u015flara birba\u015fa at\u0259\u015f a\u00e7\u0131blar.<\/strong><\/p>\n\n\n\n<p>\u0130nsan haqlar\u0131 t\u0259\u015fkilatlar\u0131n\u0131n verdiyi m\u0259lumata g\u00f6r\u0259, \u0130randa etiraz aksiyalar\u0131 zaman\u0131 \u0259n az\u0131 10 n\u0259f\u0259r h\u00f6kum\u0259t m\u0259murlar\u0131n\u0131n birba\u015fa a\u00e7d\u0131\u011f\u0131 at\u0259\u015f n\u0259tic\u0259sind\u0259 \u00f6ld\u00fcr\u00fcl\u00fcb.<\/p>\n\n\n\n<p>Sentyabr\u0131n 22-d\u0259 g\u00fcll\u0259l\u0259n\u0259r\u0259k \u00f6ld\u00fcr\u00fcl\u0259n daha iki n\u0259f\u0259rin kimliyini d\u0259qiql\u0259\u015fdirm\u0259k m\u00fcmk\u00fcn olub.<\/p>\n\n\n\n<p>Kirman\u015fahda orta ya\u015fl\u0131 qad\u0131n Minu M\u0259cidi x\u00fcsusi t\u0259yinatl\u0131lar\u0131n at\u0259\u015fi n\u0259tic\u0259sind\u0259 h\u0259yat\u0131n\u0131 itirib v\u0259 onun c\u0259naz\u0259si ail\u0259sin\u0259 t\u0259hvil verilm\u0259yib.<\/p>\n\n\n\n<p>H\u00f6kum\u0259t m\u0259murlar\u0131 sentyabr\u0131n 20-d\u0259 \u00f6ld\u00fcr\u00fcl\u0259n qad\u0131n\u0131n c\u0259naz\u0259sini yaln\u0131z sentyabr\u0131n 22-d\u0259 bir ba\u015fa d\u0259fn etm\u0259k \u00fc\u00e7\u00fcn m\u0259zarl\u0131qda ail\u0259sin\u0259 t\u0259hvil ver\u0259c\u0259kl\u0259rini bildiribl\u0259r.<\/p>\n\n\n\n<p>Bununla yana\u015f\u0131 sentyabr\u0131n 21-i gec\u0259 saatlar\u0131nda Q\u0259rbi Az\u0259rbaycan \u0259yal\u0259tinin \u00dc\u015fn\u0259viyy\u0259 (\u00dc\u015fn\u00fc) \u015f\u0259h\u0259rind\u0259 x\u00fcsusi t\u0259yinatl\u0131 q\u00fcvv\u0259l\u0259rin \u0259haliy\u0259 a\u00e7d\u0131\u011f\u0131 at\u0259\u015f n\u0259tic\u0259sind\u0259 27 ya\u015fl\u0131 S\u0259dr\u0259ddin Litani h\u0259lak olub.<\/p>\n\n\n\n<p>Onunla birg\u0259 \u00e7ox sayda insan\u0131n g\u00fcll\u0259 yaras\u0131 ald\u0131\u011f\u0131, onlardan \u00fc\u00e7\u00fcn\u00fcn durumunun a\u011f\u0131r oldu\u011fu qeyd olunur.<\/p>\n\n\n\n<p>\u0130ran r\u0259smil\u0259ri sentyabr\u0131n 21-d\u0259 7 etiraz\u00e7\u0131n\u0131n \u00f6ld\u00fcr\u00fcld\u00fcy\u00fcn\u00fc t\u0259sdiq edib, onlar\u0131n \u00f6l\u00fcm\u00fcn\u00fcn \u015f\u00fcbh\u0259li \u015f\u0259rayitd\u0259 ba\u015f verdiyini iddia edibl\u0259r.<\/p>\n\n\n\n<p>M\u0259nb\u0259: Anews<\/p>\n","protected":false},"excerpt":{"rendered":"<p>\u0130randa rejim \u0259leyhin\u0259 aksiyalar davam edir. Sentyabr\u0131n 21-i gec\u0259 saatlar\u0131nda davam ed\u0259n aksiyalarda h\u00f6kum\u0259t m\u0259murlar\u0131 v\u0259t\u0259nda\u015flara birba\u015fa at\u0259\u015f a\u00e7\u0131blar. \u0130nsan haqlar\u0131 t\u0259\u015fkilatlar\u0131n\u0131n verdiyi m\u0259lumata<\/p>\n","protected":false},"author":2,"featured_media":81656,"comment_status":"closed","ping_status":"closed","sticky":false,"template":"","format":"standard","meta":{"footnotes":""},"categories":[13],"tags":[],"class_list":["post-81655","post","type-post","status-publish","format-standard","has-post-thumbnail","hentry","category-xarici"],"aioseo_notices":[],"_links":{"self":[{"href":"https:\/\/fedai.az\/index.php?rest_route=\/wp\/v2\/posts\/81655","targetHints":{"allow":["GET"]}}],"collection":[{"href":"https:\/\/fedai.az\/index.php?rest_route=\/wp\/v2\/posts"}],"about":[{"href":"https:\/\/fedai.az\/index.php?rest_route=\/wp\/v2\/types\/post"}],"author":[{"embeddable":true,"href":"https:\/\/fedai.az\/index.php?rest_route=\/wp\/v2\/users\/2"}],"replies":[{"embeddable":true,"href":"https:\/\/fedai.az\/index.php?rest_route=%2Fwp%2Fv2%2Fcomments&post=81655"}],"version-history":[{"count":1,"href":"https:\/\/fedai.az\/index.php?rest_route=\/wp\/v2\/posts\/81655\/revisions"}],"predecessor-version":[{"id":81657,"href":"https:\/\/fedai.az\/index.php?rest_route=\/wp\/v2\/posts\/81655\/revisions\/81657"}],"wp:featuredmedia":[{"embeddable":true,"href":"https:\/\/fedai.az\/index.php?rest_route=\/wp\/v2\/media\/81656"}],"wp:attachment":[{"href":"https:\/\/fedai.az\/index.php?rest_route=%2Fwp%2Fv2%2Fmedia&parent=81655"}],"wp:term":[{"taxonomy":"category","embeddable":true,"href":"https:\/\/fedai.az\/index.php?rest_route=%2Fwp%2Fv2%2Fcategories&post=81655"},{"taxonomy":"post_tag","embeddable":true,"href":"https:\/\/fedai.az\/index.php?rest_route=%2Fwp%2Fv2%2Ftags&post=81655"}],"curies":[{"name":"wp","href":"https:\/\/api.w.org\/{rel}","templated":true}]}}