{"id":81775,"date":"2022-09-24T04:55:36","date_gmt":"2022-09-24T00:55:36","guid":{"rendered":"https:\/\/fedai.az\/?p=81775"},"modified":"2022-09-24T04:55:39","modified_gmt":"2022-09-24T00:55:39","slug":"ukrayna-iran-s%c9%99firini-olk%c9%99d%c9%99n-qovdu","status":"publish","type":"post","link":"https:\/\/fedai.az\/?p=81775","title":{"rendered":"Ukrayna \u0130ran s\u0259firini \u00f6lk\u0259d\u0259n qovdu"},"content":{"rendered":"\n<p><strong>Sentyabr\u0131n 23-d\u0259 \u0130ran \u0130slam Respublikas\u0131n\u0131n m\u00fcv\u0259qq\u0259ti i\u015fl\u0259r v\u0259kili Ukraynadak\u0131 \u0130ran Ukrayna Xarici \u0130\u015fl\u0259r Nazirliyin\u0259 \u00e7a\u011f\u0131r\u0131l\u0131b, s\u0259fir akkreditasiyas\u0131ndan m\u0259hrum edilib.<\/strong><br><br>Bu bar\u0259d\u0259 Ukrayna X\u0130N m\u0259lumat yay\u0131b.<\/p>\n\n\n\n<p>M\u0259lumatda bildirilir ki, \u0130ran t\u0259r\u0259fin\u0259 Ukraynan\u0131n m\u00fclki \u0259halisin\u0259 v\u0259 m\u00fcdafi\u0259 q\u00fcvv\u0259l\u0259rin\u0259 qar\u015f\u0131 istifad\u0259si \u00fc\u00e7\u00fcn Rusiyaya \u0130ran silahlar\u0131n\u0131n t\u0259dar\u00fck\u00fc \u0130ran\u0131n ali r\u0259hb\u0259rliyinin a\u00e7\u0131q \u015f\u0259kild\u0259 b\u0259yan etdiyi neytrall\u0131q, Ukraynan\u0131n suverenliyi v\u0259 \u0259razi b\u00fct\u00f6vl\u00fcy\u00fcn\u0259 h\u00f6rm\u0259t m\u00f6vqeyin\u0259 birba\u015fa zidd oldu\u011fu bildirilib:&nbsp;&nbsp;<br><br>&#171;Ukraynaya qar\u015f\u0131 m\u00fcharib\u0259 aparmaq \u00fc\u00e7\u00fcn Rusiyaya silah t\u0259dar\u00fck\u00fc \u0130ranla m\u00fcnasib\u0259tl\u0259r\u0259 ciddi z\u0259rb\u0259 vuran qeyri-dost h\u0259r\u0259k\u0259tdir. Bu c\u00fcr qeyri-dost h\u0259r\u0259k\u0259t\u0259 cavab olaraq Ukrayna t\u0259r\u0259fi \u0130ran s\u0259firini akkreditasiyadan m\u0259hrum etm\u0259k, h\u0259m\u00e7inin \u0130ran\u0131n Kiyevd\u0259ki s\u0259firliyinin diplomatik i\u015f\u00e7il\u0259rinin say\u0131n\u0131 xeyli azaltmaq q\u0259rar\u0131na g\u0259lib\u201d, &#8212; m\u0259lumatda qeyd olunub.<\/p>\n","protected":false},"excerpt":{"rendered":"<p>Sentyabr\u0131n 23-d\u0259 \u0130ran \u0130slam Respublikas\u0131n\u0131n m\u00fcv\u0259qq\u0259ti i\u015fl\u0259r v\u0259kili Ukraynadak\u0131 \u0130ran Ukrayna Xarici \u0130\u015fl\u0259r Nazirliyin\u0259 \u00e7a\u011f\u0131r\u0131l\u0131b, s\u0259fir akkreditasiyas\u0131ndan m\u0259hrum edilib. Bu bar\u0259d\u0259 Ukrayna X\u0130N m\u0259lumat<\/p>\n","protected":false},"author":2,"featured_media":81776,"comment_status":"closed","ping_status":"closed","sticky":false,"template":"","format":"standard","meta":{"footnotes":""},"categories":[1],"tags":[],"class_list":["post-81775","post","type-post","status-publish","format-standard","has-post-thumbnail","hentry","category-siyast"],"aioseo_notices":[],"_links":{"self":[{"href":"https:\/\/fedai.az\/index.php?rest_route=\/wp\/v2\/posts\/81775","targetHints":{"allow":["GET"]}}],"collection":[{"href":"https:\/\/fedai.az\/index.php?rest_route=\/wp\/v2\/posts"}],"about":[{"href":"https:\/\/fedai.az\/index.php?rest_route=\/wp\/v2\/types\/post"}],"author":[{"embeddable":true,"href":"https:\/\/fedai.az\/index.php?rest_route=\/wp\/v2\/users\/2"}],"replies":[{"embeddable":true,"href":"https:\/\/fedai.az\/index.php?rest_route=%2Fwp%2Fv2%2Fcomments&post=81775"}],"version-history":[{"count":1,"href":"https:\/\/fedai.az\/index.php?rest_route=\/wp\/v2\/posts\/81775\/revisions"}],"predecessor-version":[{"id":81777,"href":"https:\/\/fedai.az\/index.php?rest_route=\/wp\/v2\/posts\/81775\/revisions\/81777"}],"wp:featuredmedia":[{"embeddable":true,"href":"https:\/\/fedai.az\/index.php?rest_route=\/wp\/v2\/media\/81776"}],"wp:attachment":[{"href":"https:\/\/fedai.az\/index.php?rest_route=%2Fwp%2Fv2%2Fmedia&parent=81775"}],"wp:term":[{"taxonomy":"category","embeddable":true,"href":"https:\/\/fedai.az\/index.php?rest_route=%2Fwp%2Fv2%2Fcategories&post=81775"},{"taxonomy":"post_tag","embeddable":true,"href":"https:\/\/fedai.az\/index.php?rest_route=%2Fwp%2Fv2%2Ftags&post=81775"}],"curies":[{"name":"wp","href":"https:\/\/api.w.org\/{rel}","templated":true}]}}