{"id":8527,"date":"2020-06-25T13:27:43","date_gmt":"2020-06-25T09:27:43","guid":{"rendered":"http:\/\/fedai.az\/?p=8527"},"modified":"2020-06-25T13:27:48","modified_gmt":"2020-06-25T09:27:48","slug":"prezidentin-kom%c9%99kcisi-m%c9%99h%c9%99rr%c9%99m-%c9%99liyev-torpaqlarimizin-isgaldan-azad-olunmasi-ucun-%c9%99mr-gozl%c9%99yirik","status":"publish","type":"post","link":"https:\/\/fedai.az\/?p=8527","title":{"rendered":"Prezidentin k\u00f6m\u0259k\u00e7isi M\u0259h\u0259rr\u0259m \u018fliyev: &#171;Torpaqlar\u0131m\u0131z\u0131n i\u015f\u011faldan azad olunmas\u0131 \u00fc\u00e7\u00fcn \u0259mr g\u00f6zl\u0259yirik&#187;"},"content":{"rendered":"\n<p><strong>\u201cD\u00f6vl\u0259timizin ba\u015f\u0131\u00e7\u0131s\u0131n\u0131, mill\u0259timizi \u0259min etm\u0259k ist\u0259yir\u0259m ki, Az\u0259rbaycan Ordusu torpaqlar\u0131m\u0131z\u0131n i\u015f\u011faldan azad olunmas\u0131 \u00fc\u00e7\u00fcn tam haz\u0131r v\u0259ziyy\u0259td\u0259dir v\u0259 \u0259mr g\u00f6zl\u0259yir. Bu q\u0259l\u0259b\u0259 uzaqda deyil. Biz bu q\u0259l\u0259b\u0259nin \u015fahidi olaca\u011f\u0131q\u201d.<\/strong><\/p>\n\n\n\n<p><br>Bu s\u00f6zl\u0259ri Az\u0259rbaycan Prezidentinin k\u00f6m\u0259k\u00e7isi &#8212; Prezident Administrasiyas\u0131n\u0131n H\u0259rbi m\u0259s\u0259l\u0259l\u0259r \u015f\u00f6b\u0259sinin m\u00fcdiri, general-polkovnik M\u0259h\u0259rr\u0259m \u018fliyev deyib.<\/p>\n\n\n\n<p><br><strong>O, 26 iyun &#8212; Silahl\u0131 Q\u00fcvv\u0259l\u0259r G\u00fcn\u00fc m\u00fcnasib\u0259til\u0259 Az\u0259rbaycan Ordusunu, onun r\u0259hb\u0259rliyini, \u015f\u0259xsi hey\u0259tini t\u0259brik edib, \u0259n xo\u015f arzular\u0131n\u0131 \u00e7atd\u0131r\u0131b.\u00a0<\/strong><\/p>\n\n\n\n<p><br>\u201cAz\u0259rbaycan Ordusu bu g\u00fcn d\u00fcnya ordular\u0131 s\u0131ras\u0131nda \u00f6n yerl\u0259rd\u0259n birini tutur. H\u0259rbi hiss\u0259l\u0259r q\u00fcrur hissi verir. Az\u0259rbaycan Ordusu \u0259n yeni silahlarla t\u0259min olunub. \u018fsg\u0259rl\u0259rin, zabitl\u0259rin, generallar\u0131n \u0259hval-ruhiyy\u0259si y\u00fcks\u0259k s\u0259viyy\u0259d\u0259dir. Onlar h\u0259r bir zaman Ali Ba\u015f Komandan\u0131n verdiyi \u0259mrl\u0259ri g\u00f6z\u00fcn\u00fc q\u0131rpmadan icra ed\u0259c\u0259kl\u0259r\u201d, &#8212; general-polkovnik deyib.<\/p>\n\n\n\n<p><br><strong>Prezidentin k\u00f6m\u0259k\u00e7isinin s\u00f6zl\u0259rin\u0259 g\u00f6r\u0259, Az\u0259rbaycan Ordusu Erm\u0259nistan\u0131n i\u015f\u011fal\u0131 alt\u0131nda olan torpaqlar\u0131 azad etm\u0259y\u0259 haz\u0131rd\u0131r.<\/strong><\/p>\n","protected":false},"excerpt":{"rendered":"<p>\u201cD\u00f6vl\u0259timizin ba\u015f\u0131\u00e7\u0131s\u0131n\u0131, mill\u0259timizi \u0259min etm\u0259k ist\u0259yir\u0259m ki, Az\u0259rbaycan Ordusu torpaqlar\u0131m\u0131z\u0131n i\u015f\u011faldan azad olunmas\u0131 \u00fc\u00e7\u00fcn tam haz\u0131r v\u0259ziyy\u0259td\u0259dir v\u0259 \u0259mr g\u00f6zl\u0259yir. Bu q\u0259l\u0259b\u0259 uzaqda deyil.<\/p>\n","protected":false},"author":2,"featured_media":8528,"comment_status":"closed","ping_status":"closed","sticky":false,"template":"","format":"standard","meta":{"footnotes":""},"categories":[4],"tags":[],"class_list":["post-8527","post","type-post","status-publish","format-standard","has-post-thumbnail","hentry","category-qarabag"],"aioseo_notices":[],"_links":{"self":[{"href":"https:\/\/fedai.az\/index.php?rest_route=\/wp\/v2\/posts\/8527","targetHints":{"allow":["GET"]}}],"collection":[{"href":"https:\/\/fedai.az\/index.php?rest_route=\/wp\/v2\/posts"}],"about":[{"href":"https:\/\/fedai.az\/index.php?rest_route=\/wp\/v2\/types\/post"}],"author":[{"embeddable":true,"href":"https:\/\/fedai.az\/index.php?rest_route=\/wp\/v2\/users\/2"}],"replies":[{"embeddable":true,"href":"https:\/\/fedai.az\/index.php?rest_route=%2Fwp%2Fv2%2Fcomments&post=8527"}],"version-history":[{"count":1,"href":"https:\/\/fedai.az\/index.php?rest_route=\/wp\/v2\/posts\/8527\/revisions"}],"predecessor-version":[{"id":8529,"href":"https:\/\/fedai.az\/index.php?rest_route=\/wp\/v2\/posts\/8527\/revisions\/8529"}],"wp:featuredmedia":[{"embeddable":true,"href":"https:\/\/fedai.az\/index.php?rest_route=\/wp\/v2\/media\/8528"}],"wp:attachment":[{"href":"https:\/\/fedai.az\/index.php?rest_route=%2Fwp%2Fv2%2Fmedia&parent=8527"}],"wp:term":[{"taxonomy":"category","embeddable":true,"href":"https:\/\/fedai.az\/index.php?rest_route=%2Fwp%2Fv2%2Fcategories&post=8527"},{"taxonomy":"post_tag","embeddable":true,"href":"https:\/\/fedai.az\/index.php?rest_route=%2Fwp%2Fv2%2Ftags&post=8527"}],"curies":[{"name":"wp","href":"https:\/\/api.w.org\/{rel}","templated":true}]}}