{"id":8534,"date":"2020-06-25T14:09:46","date_gmt":"2020-06-25T10:09:46","guid":{"rendered":"http:\/\/fedai.az\/?p=8534"},"modified":"2020-06-25T14:15:14","modified_gmt":"2020-06-25T10:15:14","slug":"buraxilis-imtahanlarinin-qrafiki-aciqlandi","status":"publish","type":"post","link":"https:\/\/fedai.az\/?p=8534","title":{"rendered":"Burax\u0131l\u0131\u015f imtahanlar\u0131n\u0131n qrafiki a\u00e7\u0131qland\u0131"},"content":{"rendered":"\n<p><strong>D\u00f6vl\u0259t \u0130mtahan M\u0259rk\u0259zi t\u0259r\u0259find\u0259n 2 v\u0259 3 iyul tarixl\u0259rind\u0259 ke\u00e7iril\u0259c\u0259k burax\u0131l\u0131\u015f (q\u0259bul) imtahanlar\u0131n\u0131n qrafiki elan olunub.<\/strong><\/p>\n\n\n\n<p>M\u0259rk\u0259zd\u0259n veril\u0259n m\u0259lumata g\u00f6r\u0259, dig\u0259r \u015f\u0259h\u0259r v\u0259 rayonlar \u00fczr\u0259 imtahanlar\u0131n (o c\u00fcml\u0259d\u0259n \u0259vv\u0259lki ill\u0259rin m\u0259zunlar\u0131 \u00fc\u00e7\u00fcn q\u0259bul imtahanlar\u0131n\u0131n (Nax\u00e7\u0131van istisna olmaqla)) ictimaiyy\u0259t\u0259 \u0259vv\u0259lc\u0259d\u0259n m\u0259lumat verilm\u0259kl\u0259 n\u00f6vb\u0259ti h\u0259ft\u0259 i\u00e7i g\u00fcnl\u0259rind\u0259 ke\u00e7irilm\u0259si planla\u015fd\u0131r\u0131l\u0131r.<\/p>\n\n\n\n<p>Xat\u0131rladaq ki, 3 iyul tarixind\u0259 Nax\u00e7\u0131vanda \u0259vv\u0259lki ill\u0259rin m\u0259zunlar\u0131 \u00fc\u00e7\u00fcn q\u0259bul imtahan\u0131n\u0131n birinci m\u0259rh\u0259l\u0259si v\u0259 kollecl\u0259r\u0259 q\u0259bul imtahan\u0131, h\u0259m\u00e7inin Heyd\u0259r \u018fliyev ad\u0131na H\u0259rbi Lisey\u0259 q\u0259bul imtahan\u0131 ke\u00e7iril\u0259c\u0259kdir. Bundan \u0259lav\u0259, x\u00fcsusi karantin rejimind\u0259n \u0259vv\u0259l Nax\u00e7\u0131vana ged\u0259r\u0259k orada qalan v\u0259 yaranm\u0131\u015f v\u0259ziyy\u0259tl\u0259 \u0259laq\u0259dar D\u0130M-\u0259 m\u00fcraci\u0259t ed\u0259n \u015f\u0259xsl\u0259rin n\u0259z\u0259rin\u0259 \u00e7atd\u0131r\u0131r\u0131q ki, onlar \u00fc\u00e7\u00fcn d\u0259 imtahan 3 iyul tarixind\u0259 Nax\u00e7\u0131vanda t\u0259\u015fkil olunacaqd\u0131r. H\u0259min \u015f\u0259xsl\u0259r Bak\u0131ya d\u00f6nm\u0259m\u0259li v\u0259 Nax\u00e7\u0131vanda qalmal\u0131d\u0131rlar.<\/p>\n\n\n\n<p>\u0130mtahana burax\u0131l\u0131\u015f v\u0259r\u0259q\u0259si h\u0259r imtahan g\u00fcn\u00fcn\u0259 5 g\u00fcn qalm\u0131\u015f M\u0259rk\u0259zin sayt\u0131nda yerl\u0259\u015fdiril\u0259c\u0259k.<\/p>\n\n\n\n<p>2 v\u0259 3 iyul tarixl\u0259rind\u0259 imtahan ke\u00e7iril\u0259c\u0259k rayon v\u0259 \u015f\u0259h\u0259rl\u0259r, imtahanda i\u015ftirak etm\u0259li olan \u015f\u0259xsl\u0259r v\u0259 imtahanlar\u0131n n\u00f6vl\u0259ri il\u0259 a\u015fa\u011f\u0131da \u2013 qrafikd\u0259 tan\u0131\u015f ola bil\u0259rsiniz.<\/p>\n\n\n\n<figure class=\"wp-block-image\"><img decoding=\"async\" src=\"https:\/\/hit.az\/file\/articles\/2020\/06\/25\/76289.jpg\" alt=\"\"\/><\/figure>\n\n\n\n<figure class=\"wp-block-table\"><table><tbody><tr><td>\u00a0\u0130mtahan ke\u00e7iril\u0259c\u0259k b\u00f6lg\u0259l\u0259r<\/td><td>Burax\u0131l\u0131\u015f imtahanlar\u0131n\u0131n ke\u00e7irilm\u0259 tarixl\u0259ri<\/td><\/tr><tr><td>\u00dcmumi orta t\u0259hsil s\u0259viyy\u0259si \u00fczr\u0259 (1-ci m\u0259rh\u0259l\u0259)<\/td><td>\u00dcmumi orta t\u0259hsil s\u0259viyy\u0259si \u00fczr\u0259 (2-ci m\u0259rh\u0259l\u0259)<\/td><td>Tam orta t\u0259hsil s\u0259viyy\u0259si \u00fczr\u0259<\/td><\/tr><tr><td>Bak\u0131 (N\u0259rimanov, S\u0259bail, Yasamal, N\u0259simi, Nizami, Bin\u0259q\u0259di, Sabun\u00e7u, X\u0259tai, Suraxan\u0131, X\u0259z\u0259r, Qarada\u011f, Pirallah\u0131), Nax\u00e7\u0131van MR, \u015eirvan<\/td><td>03 mart 2019<\/td><td>02 iyun 2019<ins><\/ins><\/td><td>07 aprel 2019<\/td><\/tr><tr><td>Sumqay\u0131t, Ab\u015feron, G\u0259nc\u0259, G\u00f6yg\u00f6l, Samux, Naftalan, Goranboy, Da\u015fk\u0259s\u0259n, \u015e\u0259ki, O\u011fuz, Q\u0259b\u0259l\u0259, L\u0259nk\u0259ran, Astara, Bil\u0259suvar, A\u011fsu, Z\u0259rdab, \u015eamax\u0131, K\u00fcrd\u0259mir, A\u011fdam, Yevlax, B\u0259rd\u0259, T\u0259rt\u0259r, \u0130mi\u015fli, Saatl\u0131, Sabirabad, Xa\u00e7maz, \u015eabran<\/td><td>10 mart 2019<\/td><td>09 iyun 2019<ins><\/ins><\/td><td>14 aprel 2019<\/td><\/tr><tr><td>Ming\u0259\u00e7evir, \u015e\u0259mkir, G\u0259d\u0259b\u0259y, A\u011fstafa, Qazax, Tovuz, Balak\u0259n, Zaqatala, Qax, Yard\u0131ml\u0131, C\u0259lilabad, Masall\u0131, Lerik, G\u00f6y\u00e7ay, A\u011fda\u015f, Ucar, \u0130smay\u0131ll\u0131, Qobustan, A\u011fcab\u0259di, Xocav\u0259nd, F\u00fczuli, Beyl\u0259qan, Salyan, Neft\u00e7ala, Hac\u0131qabul, Qusar, Quba, Siy\u0259z\u0259n, X\u0131z\u0131<\/td><td>17 mart 2019<\/td><td>16 iyun 2019<\/td><td>21 aprel 2019<\/td><\/tr><\/tbody><\/table><\/figure>\n\n\n\n<p>M\u0259rk\u0259zd\u0259n bildirilib ki, m\u0259cburi k\u00f6\u00e7k\u00fcn rayonlar\u0131n\u0131n m\u0259kt\u0259bl\u0259rind\u0259 t\u0259hsilalanlar t\u0259hsil m\u00fc\u0259ssis\u0259l\u0259rinin yerl\u0259\u015fdiyi m\u00fcvafiq \u015f\u0259h\u0259r v\u0259 rayonlarda imtahan ver\u0259c\u0259kl\u0259r. Bundan ba\u015fqa,&nbsp;C.Nax\u00e7\u0131vanski ad\u0131na H\u0259rbi lisey (Bak\u0131) v\u0259&nbsp;Heyd\u0259r \u018fliyev&nbsp;ad\u0131na H\u0259rbi liseyl\u0259rd\u0259 (Nax\u00e7\u0131van) t\u0259hsilalanlar t\u0259hsil m\u00fc\u0259ssis\u0259l\u0259rinin yerl\u0259\u015fdiyi m\u00fcvafiq \u015f\u0259h\u0259r v\u0259 rayonlarla eyni tarixd\u0259 imtahan ver\u0259c\u0259kl\u0259r.<\/p>\n\n\n\n<p>D\u0130M-in m\u0259lumat\u0131na g\u00f6r\u0259, t\u0259drisi ingilis v\u0259 frans\u0131z dilind\u0259 olan m\u0259kt\u0259bl\u0259rd\u0259 t\u0259hsilalanlar m\u00fcvafiq sinifl\u0259r \u00fczr\u0259 3-c\u00fc imtahan g\u00fcn\u00fcnd\u0259 imtahan ver\u0259c\u0259kl\u0259r.<\/p>\n\n\n\n<figure class=\"wp-block-image\"><img decoding=\"async\" src=\"https:\/\/hit.az\/file\/articles\/2020\/06\/25\/76289.jpg\" alt=\"\"\/><\/figure>\n\n\n\n<figure class=\"wp-block-image\"><img decoding=\"async\" src=\"https:\/\/hit.az\/file\/articles\/2020\/06\/25\/76289.jpg\" alt=\"\"\/><\/figure>\n","protected":false},"excerpt":{"rendered":"<p>D\u00f6vl\u0259t \u0130mtahan M\u0259rk\u0259zi t\u0259r\u0259find\u0259n 2 v\u0259 3 iyul tarixl\u0259rind\u0259 ke\u00e7iril\u0259c\u0259k burax\u0131l\u0131\u015f (q\u0259bul) imtahanlar\u0131n\u0131n qrafiki elan olunub. M\u0259rk\u0259zd\u0259n veril\u0259n m\u0259lumata g\u00f6r\u0259, dig\u0259r \u015f\u0259h\u0259r v\u0259 rayonlar<\/p>\n","protected":false},"author":2,"featured_media":0,"comment_status":"closed","ping_status":"closed","sticky":false,"template":"","format":"standard","meta":{"footnotes":""},"categories":[8],"tags":[],"class_list":["post-8534","post","type-post","status-publish","format-standard","hentry","category-thsil"],"aioseo_notices":[],"_links":{"self":[{"href":"https:\/\/fedai.az\/index.php?rest_route=\/wp\/v2\/posts\/8534","targetHints":{"allow":["GET"]}}],"collection":[{"href":"https:\/\/fedai.az\/index.php?rest_route=\/wp\/v2\/posts"}],"about":[{"href":"https:\/\/fedai.az\/index.php?rest_route=\/wp\/v2\/types\/post"}],"author":[{"embeddable":true,"href":"https:\/\/fedai.az\/index.php?rest_route=\/wp\/v2\/users\/2"}],"replies":[{"embeddable":true,"href":"https:\/\/fedai.az\/index.php?rest_route=%2Fwp%2Fv2%2Fcomments&post=8534"}],"version-history":[{"count":3,"href":"https:\/\/fedai.az\/index.php?rest_route=\/wp\/v2\/posts\/8534\/revisions"}],"predecessor-version":[{"id":8538,"href":"https:\/\/fedai.az\/index.php?rest_route=\/wp\/v2\/posts\/8534\/revisions\/8538"}],"wp:attachment":[{"href":"https:\/\/fedai.az\/index.php?rest_route=%2Fwp%2Fv2%2Fmedia&parent=8534"}],"wp:term":[{"taxonomy":"category","embeddable":true,"href":"https:\/\/fedai.az\/index.php?rest_route=%2Fwp%2Fv2%2Fcategories&post=8534"},{"taxonomy":"post_tag","embeddable":true,"href":"https:\/\/fedai.az\/index.php?rest_route=%2Fwp%2Fv2%2Ftags&post=8534"}],"curies":[{"name":"wp","href":"https:\/\/api.w.org\/{rel}","templated":true}]}}