{"id":8545,"date":"2020-06-25T15:37:51","date_gmt":"2020-06-25T11:37:51","guid":{"rendered":"http:\/\/fedai.az\/?p=8545"},"modified":"2020-06-26T01:47:26","modified_gmt":"2020-06-25T21:47:26","slug":"silahli-quvv%c9%99l%c9%99r-gunu-munasib%c9%99ti-il%c9%99-video-carx-hazirlandi","status":"publish","type":"post","link":"https:\/\/fedai.az\/?p=8545","title":{"rendered":"Silahl\u0131 Q\u00fcvv\u0259l\u0259r G\u00fcn\u00fc m\u00fcnasib\u0259ti il\u0259 video-\u00e7arx haz\u0131rland\u0131"},"content":{"rendered":"\n<p><strong>M\u00fcdafi\u0259 Nazirliyi 26 \u0130yun &#8212; Silahl\u0131 Q\u00fcvv\u0259l\u0259r G\u00fcn\u00fc m\u00fcnasib\u0259ti il\u0259 video-\u00e7arx haz\u0131rlay\u0131b.<\/strong><\/p>\n\n\n\n<p><strong>Fedai.az<\/strong> x\u0259b\u0259r verir ki, video-\u00e7arxda Az\u0259rbaycan Ordusunun yaranma tarixind\u0259n, ke\u00e7diyi inki\u015faf yolundan, \u00f6lk\u0259d\u0259 ordu quruculu\u011fu sah\u0259sind\u0259 g\u00f6r\u00fcl\u0259n i\u015fl\u0259rd\u0259n, apar\u0131lan islahatlardan, yeni silahlar\u0131n al\u0131nmas\u0131ndan v\u0259 ke\u00e7iril\u0259n geni\u015fmiqyasl\u0131 t\u0259liml\u0259rd\u0259n b\u0259hs olunur.<\/p>\n\n\n\n<p>Qeyd olunub ki, ordu d\u00f6vl\u0259tin t\u0259hl\u00fck\u0259sizliyin qarant\u0131d\u0131r. Bildirilib ki, Az\u0259rbaycanda ordu quruculu\u011fu daim prioritet m\u0259s\u0259l\u0259l\u0259rd\u0259n biri olub.<\/p>\n\n\n\n<p>Videoda Prezident yan\u0131nda T\u0259hl\u00fck\u0259sizlik \u015euras\u0131n\u0131n katibi, general-polkovnik Ramil Usubov, Az\u0259rbaycan Prezidentinin k\u00f6m\u0259k\u00e7isi &#8212; Prezident Administrasiyas\u0131n\u0131n H\u0259rbi m\u0259s\u0259l\u0259l\u0259r \u015f\u00f6b\u0259sinin m\u00fcdiri, general-polkovnik M\u0259h\u0259rr\u0259m \u018fliyev, Dini Qurumlarla \u0130\u015f \u00fczr\u0259 D\u00f6vl\u0259t Komit\u0259sinin s\u0259dri M\u00fcbariz Qurbanl\u0131, Milli M\u0259clisin M\u00fcdafi\u0259, t\u0259hl\u00fck\u0259sizlik v\u0259 korrupsiya il\u0259 m\u00fcbariz\u0259 komit\u0259sinin s\u0259dri Ziyaf\u0259t \u018fsg\u0259rov, parlamentin Regional m\u0259s\u0259l\u0259l\u0259r komit\u0259sinin s\u0259dri, Yeni Az\u0259rbaycan Partiyas\u0131 icra katibinin m\u00fcavini Siyavu\u015f Novruzov, Ombudsman S\u0259bin\u0259 \u018fliyeva, Ana V\u0259t\u0259n Partiyas\u0131n\u0131n s\u0259dri, deputat F\u0259zail A\u011famal\u0131 ordu quruculu\u011fu haqq\u0131nda fikirl\u0259rini b\u00f6l\u00fc\u015f\u00fcbl\u0259r.<\/p>\n\n\n\n<p><strong>Onlar qeyd edibl\u0259r ki, Az\u0259rbaycan Ordusu i\u015f\u011fal alt\u0131nda olan torpaqlar\u0131m\u0131z\u0131 q\u0131sa m\u00fcdd\u0259td\u0259 azad etm\u0259y\u0259 haz\u0131r v\u0259 qadirdir.<\/strong><\/p>\n\n\n\n<figure><iframe loading=\"lazy\" allowfullscreen=\"\" height=\"429\" src=\"https:\/\/www.youtube.com\/embed\/LNsW5xHnzAo\" width=\"763\"><\/iframe><\/figure>\n","protected":false},"excerpt":{"rendered":"<p>M\u00fcdafi\u0259 Nazirliyi 26 \u0130yun &#8212; Silahl\u0131 Q\u00fcvv\u0259l\u0259r G\u00fcn\u00fc m\u00fcnasib\u0259ti il\u0259 video-\u00e7arx haz\u0131rlay\u0131b. Fedai.az x\u0259b\u0259r verir ki, video-\u00e7arxda Az\u0259rbaycan Ordusunun yaranma tarixind\u0259n, ke\u00e7diyi inki\u015faf yolundan,<\/p>\n","protected":false},"author":2,"featured_media":0,"comment_status":"closed","ping_status":"closed","sticky":false,"template":"","format":"standard","meta":{"footnotes":""},"categories":[3],"tags":[],"class_list":["post-8545","post","type-post","status-publish","format-standard","hentry","category-gundm"],"aioseo_notices":[],"_links":{"self":[{"href":"https:\/\/fedai.az\/index.php?rest_route=\/wp\/v2\/posts\/8545","targetHints":{"allow":["GET"]}}],"collection":[{"href":"https:\/\/fedai.az\/index.php?rest_route=\/wp\/v2\/posts"}],"about":[{"href":"https:\/\/fedai.az\/index.php?rest_route=\/wp\/v2\/types\/post"}],"author":[{"embeddable":true,"href":"https:\/\/fedai.az\/index.php?rest_route=\/wp\/v2\/users\/2"}],"replies":[{"embeddable":true,"href":"https:\/\/fedai.az\/index.php?rest_route=%2Fwp%2Fv2%2Fcomments&post=8545"}],"version-history":[{"count":1,"href":"https:\/\/fedai.az\/index.php?rest_route=\/wp\/v2\/posts\/8545\/revisions"}],"predecessor-version":[{"id":8547,"href":"https:\/\/fedai.az\/index.php?rest_route=\/wp\/v2\/posts\/8545\/revisions\/8547"}],"wp:attachment":[{"href":"https:\/\/fedai.az\/index.php?rest_route=%2Fwp%2Fv2%2Fmedia&parent=8545"}],"wp:term":[{"taxonomy":"category","embeddable":true,"href":"https:\/\/fedai.az\/index.php?rest_route=%2Fwp%2Fv2%2Fcategories&post=8545"},{"taxonomy":"post_tag","embeddable":true,"href":"https:\/\/fedai.az\/index.php?rest_route=%2Fwp%2Fv2%2Ftags&post=8545"}],"curies":[{"name":"wp","href":"https:\/\/api.w.org\/{rel}","templated":true}]}}