{"id":8551,"date":"2020-06-25T15:54:18","date_gmt":"2020-06-25T11:54:18","guid":{"rendered":"http:\/\/fedai.az\/?p=8551"},"modified":"2020-06-25T15:54:28","modified_gmt":"2020-06-25T11:54:28","slug":"avmvib-s%c9%99dri-fuzuli-rzaquliyev-h%c9%99l%c9%99-ki-bu-dusm%c9%99nl%c9%99-d%c9%99-birg%c9%99-yasamaga-m%c9%99hkumuq","status":"publish","type":"post","link":"https:\/\/fedai.az\/?p=8551","title":{"rendered":"AVMV\u0130B s\u0259dri F\u00fczuli Rzaquliyev: &#171;H\u0259l\u0259 ki bu d\u00fc\u015fm\u0259nl\u0259 d\u0259 birg\u0259 ya\u015fama\u011fa m\u0259hkumuq!&#187;"},"content":{"rendered":"\n<p><strong>Koronavirus yaln\u0131z ke\u00e7\u0259n ilin dekabr\u0131nda peyda olub, lakin indi art\u0131q b\u00fct\u00fcn d\u00fcnya bu virusun pandemiyas\u0131 v\u0259 onun yaratd\u0131\u011f\u0131 Covid-19 x\u0259st\u0259liyinin \u00f6hd\u0259sind\u0259n g\u0259lm\u0259y\u0259 \u00e7al\u0131\u015f\u0131r.<\/strong><\/p>\n\n\n\n<p>\u018fks\u0259riyy\u0259t \u00fc\u00e7\u00fcn bu x\u0259st\u0259lik y\u00fcng\u00fcl ke\u00e7ir, lakin b\u0259zi insanlar\u0131 bu x\u0259st\u0259lik \u00f6ld\u00fcr\u00fcr. Respublika Prezidentinin 1 sayl\u0131 G\u0259nc\u0259 \u015e\u0259h\u0259r X\u0259st\u0259xanas\u0131n\u0131n modul tipli infeksion x\u0259st\u0259likl\u0259r korpusunun a\u00e7\u0131l\u0131\u015f\u0131nda etdiyi \u00e7\u0131x\u0131\u015f\u0131ndan g\u00f6t\u00fcr\u00fcl\u00fcb. \u00d6lk\u0259 ba\u015f\u00e7\u0131s\u0131 h\u0259y\u0259can t\u0259bili \u00e7al\u0131r, xalqa-y\u0259ni bizl\u0259r\u0259 s\u0259sl\u0259nir. S\u0259sl\u0259nir ki, v\u0259ziyy\u0259tin ciddiliyini d\u0259rk eliy\u0259k. \u00d6z\u00fcm\u00fcz\u00fc v\u0259 sevdikl\u0259rimizi d\u0259h\u015f\u0259tli COVID-19-dan qoruyaq. Qorunman\u0131nsa t\u0259k yolu \u015f\u0259xsi gigiyenad\u0131r, edil\u0259n t\u00f6vsiy\u0259 v\u0259 x\u0259b\u0259rdarl\u0131qlara riya\u0259t etm\u0259kdir.<\/p>\n\n\n\n<p><strong>Az\u0259rbaycan V\u0259t\u0259n M\u00fcharib\u0259si Veteranlar\u0131 \u0130ctimai Birliyinin s\u0259dri F\u00fczuli Rzaquliyev D\u00f6vl\u0259t r\u0259hb\u0259rinin \u00e7\u0131x\u0131\u015f\u0131na m\u00fcnasib\u0259t bildir\u0259r\u0259k deyib:<\/strong> &#171;Koronavirus \u00f6lk\u0259d\u0259 yay\u0131lmaqdad\u0131r. Az\u0259rbaycan Respublikas\u0131 Prezidentinin 1 sayl\u0131 G\u0259nc\u0259 \u015e\u0259h\u0259r X\u0259st\u0259xanas\u0131n\u0131n modul tipli infeksion x\u0259st\u0259likl\u0259r korpusunun a\u00e7\u0131l\u0131\u015f\u0131nda etdiyi \u00e7\u0131x\u0131\u015f\u0131nda h\u0259yacan dolu fikirl\u0259r he\u00e7 d\u0259 s\u0259b\u0259bsiz deyil. Biz ilk g\u00fcnd\u0259n bu &#171;g\u00f6r\u00fcnm\u0259y\u0259n d\u00fc\u015fm\u0259nl\u0259 m\u00fcbariz\u0259d\u0259 Ali Ba\u015f Komandan\u0131n &#171;Biz birlikd\u0259 g\u00fccl\u00fcy\u00fck!&#187; \u00e7a\u011f\u0131r\u0131\u015f\u0131na \u0259m\u0259li i\u015fimizl\u0259 cavab vermi\u015f v\u0259 d\u0259st\u0259kl\u0259mi\u015fik. \u0130lham \u018fliyev G\u0259nc\u0259d\u0259 dediyi fikirl\u0259r h\u0259r k\u0259sin f\u0259aliyy\u0259t proqram\u0131na \u00e7evrilm\u0259lidir: &#171;M\u0259n maska il\u0259 g\u0259zir\u0259m. G\u00f6st\u0259rmi\u015f\u0259m, bir daha g\u00f6st\u0259rir\u0259m. B\u00fct\u00fcn qapal\u0131 yerl\u0259rd\u0259 maska tax\u0131ram. Yax\u015f\u0131, indi Prezident bunu edirs\u0259, niy\u0259 ba\u015fqas\u0131 ed\u0259 bilm\u0259z? N\u0259 \u00e7\u0259tin \u015feydi bu? He\u00e7 bir \u0259ziyy\u0259t vermir, he\u00e7 bir problem yaratm\u0131r. Sad\u0259c\u0259 olaraq, m\u0259suliyy\u0259tsizlik v\u0259 dey\u0259 bil\u0259r\u0259m ki, eqoizm v\u0259 bigan\u0259lik. G\u0259nc n\u0259slin n\u00fcmay\u0259nd\u0259l\u0259ri \u00fc\u00e7\u00fcn bu x\u0259st\u0259lik o q\u0259d\u0259r d\u0259 t\u0259hl\u00fck\u0259li deyil v\u0259 hesab edir ki, x\u0259st\u0259l\u0259n\u0259r\u0259m, sa\u011falaram. Ax\u0131, yax\u015f\u0131 s\u0259n sa\u011falarsan, amma s\u0259n ya\u015fl\u0131 insan\u0131 da yoluxdurarsan. S\u0259n onun h\u0259yat\u0131n\u0131 t\u0259hl\u00fck\u0259 alt\u0131na at\u0131rsan. Biz bu m\u0259suliyy\u0259tsizliy\u0259 d\u00f6zm\u0259liyikmi? \u00c7\u00fcnki bu, cinay\u0259tdir\u2026\u201d<\/p>\n\n\n\n<p>Respublika Prezidentinin 1 sayl\u0131 G\u0259nc\u0259 \u015e\u0259h\u0259r X\u0259st\u0259xanas\u0131n\u0131n modul tipli infeksion x\u0259st\u0259likl\u0259r korpusunun a\u00e7\u0131l\u0131\u015f\u0131nda etdiyi \u00e7\u0131x\u0131\u015f\u0131n\u0131 dinl\u0259y\u0259n h\u0259r k\u0259s v\u0259ziyy\u0259tin ciddiliyini anlamal\u0131d\u0131r. \u00d6lk\u0259 ba\u015f\u00e7\u0131s\u0131 h\u0259y\u0259can t\u0259bili \u00e7al\u0131r, bizl\u0259r\u0259 s\u0259sl\u0259nir.<\/p>\n\n\n\n<p>Bizi x\u0259b\u0259rdar edir ki, \u00f6z\u00fcm\u00fcz\u00fc v\u0259 sevdikl\u0259rimizi d\u0259h\u015f\u0259tli COVID-19-dan qoruyaq. Qorunman\u0131nsa t\u0259k yolu \u015f\u0259xsi gigiyenad\u0131r, edil\u0259n t\u00f6vsiy\u0259 v\u0259 x\u0259b\u0259rdarl\u0131qlara riya\u0259t etm\u0259kdir. Tam bir m\u00fcharib\u0259 qanununda oldu\u011fu kimi, \u00f6z\u00fcn\u00fc qorumaqla, \u00f6nc\u0259 \u00f6z ail\u0259ni, daha sonra xalq\u0131n\u0131 v\u0259 \u0259n n\u0259hay\u0259t \u00f6lk\u0259ni qorumu\u015f olursan. Ona g\u00f6r\u0259 d\u0259 karantin \u015f\u0259rtl\u0259rin\u0259 h\u0259r k\u0259sin, o c\u00fcml\u0259d\u0259n d\u0259 m\u00fcharib\u0259 veteranlar\u0131n\u0131n \u0259m\u0259l etm\u0259si vacibdir. H\u0259r k\u0259si \u00f6lk\u0259 r\u0259hb\u0259rinin \u00e7a\u011f\u0131r\u0131lar\u0131na \u0259m\u0259li sur\u0259td\u0259 \u0259m\u0259l etm\u0259y\u0259 \u00e7a\u011f\u0131r\u0131ram&#187;.<\/p>\n\n\n\n<p><strong>AVMV\u0130B s\u0259dri F\u00fczuli Rzaquliyev <\/strong>bildirdi ki, koronavirus s\u0259rs\u0259ri g\u00fcll\u0259 kimi h\u0259r yerd\u0259 bizi tapa bil\u0259r. Ona g\u00f6r\u0259 d\u0259 ehtimallara deyil, m\u00f6vcud reall\u0131\u011fa uy\u011fun ya\u015fama\u011fa \u00e7al\u0131\u015fmal\u0131y\u0131q. Bu g\u00f6r\u00fcnm\u0259z d\u00fc\u015fm\u0259n, h\u0259r yerd\u0259 ola bil\u0259r. H\u0259l\u0259 ki bu d\u00fc\u015fm\u0259nl\u0259 d\u0259 birg\u0259 ya\u015fama\u011fa m\u0259hkumuq! \u00d6z\u00fcn\u00fcz\u00fc qorumaqla, xalq\u0131m\u0131z\u0131 da qorumu\u015f olursunuz.<strong> C\u0259nab \u0130lham \u018fliyevin G\u0259nc\u0259d\u0259ki g\u00f6r\u00fc\u015fd\u0259 dediyi bu s\u00f6zl\u0259ri bir daha xat\u0131rlatmaq ist\u0259rdim: &#171;Az\u0259rbaycan d\u00f6vl\u0259ti h\u0259r zaman Az\u0259rbaycan v\u0259t\u0259nda\u015f\u0131n\u0131n yan\u0131ndad\u0131r. Ona g\u00f6r\u0259 h\u0259m birinci m\u0259rh\u0259l\u0259d\u0259 \u2014 s\u0259rtl\u0259\u015fdirilmi\u015f m\u0259hdudla\u015fd\u0131r\u0131c\u0131 t\u0259dbirl\u0259r t\u0259tbiq olunanda v\u0259 bu g\u00fcn biz m\u0259cbur olub n\u00f6vb\u0259ti d\u0259f\u0259 bu add\u0131mlara getdik, \u015f\u0259xs\u0259n m\u0259nim \u00fc\u00e7\u00fcn se\u00e7im yox idi. \u0130lk n\u00f6vb\u0259d\u0259, insanlar\u0131n h\u0259yat\u0131 v\u0259 onlar\u0131n sa\u011flaml\u0131\u011f\u0131d\u0131r. \u0130qtisadi probleml\u0259r arxa planda olmal\u0131d\u0131r.&#187;<\/strong><\/p>\n\n\n\n<p><strong>Elnur S\u0259lim<\/strong><\/p>\n","protected":false},"excerpt":{"rendered":"<p>Koronavirus yaln\u0131z ke\u00e7\u0259n ilin dekabr\u0131nda peyda olub, lakin indi art\u0131q b\u00fct\u00fcn d\u00fcnya bu virusun pandemiyas\u0131 v\u0259 onun yaratd\u0131\u011f\u0131 Covid-19 x\u0259st\u0259liyinin \u00f6hd\u0259sind\u0259n g\u0259lm\u0259y\u0259 \u00e7al\u0131\u015f\u0131r. \u018fks\u0259riyy\u0259t<\/p>\n","protected":false},"author":2,"featured_media":8553,"comment_status":"closed","ping_status":"closed","sticky":false,"template":"","format":"standard","meta":{"footnotes":""},"categories":[1],"tags":[],"class_list":["post-8551","post","type-post","status-publish","format-standard","has-post-thumbnail","hentry","category-siyast"],"aioseo_notices":[],"_links":{"self":[{"href":"https:\/\/fedai.az\/index.php?rest_route=\/wp\/v2\/posts\/8551","targetHints":{"allow":["GET"]}}],"collection":[{"href":"https:\/\/fedai.az\/index.php?rest_route=\/wp\/v2\/posts"}],"about":[{"href":"https:\/\/fedai.az\/index.php?rest_route=\/wp\/v2\/types\/post"}],"author":[{"embeddable":true,"href":"https:\/\/fedai.az\/index.php?rest_route=\/wp\/v2\/users\/2"}],"replies":[{"embeddable":true,"href":"https:\/\/fedai.az\/index.php?rest_route=%2Fwp%2Fv2%2Fcomments&post=8551"}],"version-history":[{"count":1,"href":"https:\/\/fedai.az\/index.php?rest_route=\/wp\/v2\/posts\/8551\/revisions"}],"predecessor-version":[{"id":8554,"href":"https:\/\/fedai.az\/index.php?rest_route=\/wp\/v2\/posts\/8551\/revisions\/8554"}],"wp:featuredmedia":[{"embeddable":true,"href":"https:\/\/fedai.az\/index.php?rest_route=\/wp\/v2\/media\/8553"}],"wp:attachment":[{"href":"https:\/\/fedai.az\/index.php?rest_route=%2Fwp%2Fv2%2Fmedia&parent=8551"}],"wp:term":[{"taxonomy":"category","embeddable":true,"href":"https:\/\/fedai.az\/index.php?rest_route=%2Fwp%2Fv2%2Fcategories&post=8551"},{"taxonomy":"post_tag","embeddable":true,"href":"https:\/\/fedai.az\/index.php?rest_route=%2Fwp%2Fv2%2Ftags&post=8551"}],"curies":[{"name":"wp","href":"https:\/\/api.w.org\/{rel}","templated":true}]}}