{"id":8556,"date":"2020-06-26T00:02:42","date_gmt":"2020-06-25T20:02:42","guid":{"rendered":"http:\/\/fedai.az\/?p=8556"},"modified":"2020-06-26T00:03:01","modified_gmt":"2020-06-25T20:03:01","slug":"ali-bas-komandan-bu-gun-az%c9%99rbaycan-ordusu-cox-yuks%c9%99k-pes%c9%99karliga-malikdir","status":"publish","type":"post","link":"https:\/\/fedai.az\/?p=8556","title":{"rendered":"Ali Ba\u015f Komandan: &#171;Bu g\u00fcn Az\u0259rbaycan Ordusu \u00e7ox y\u00fcks\u0259k pe\u015f\u0259karl\u0131\u011fa malikdir&#187;"},"content":{"rendered":"\n<p>&#171;Bu g\u00fcn Az\u0259rbaycan d\u00fcnya miqyas\u0131nda \u00f6z g\u00fcc\u00fcn\u0259 arxalanan v\u0259 he\u00e7 kimd\u0259n as\u0131l\u0131 olmayan \u00f6lk\u0259dir. Ancaq biz m\u00fcharib\u0259 \u015f\u0259raitind\u0259 ya\u015fay\u0131r\u0131q v\u0259 eyni zamanda, g\u00f6r\u00fcr\u00fck ki, bu g\u00fcn d\u00fcnyada, beyn\u0259lxalq m\u00fcst\u0259vid\u0259 g\u00fcc amili \u00f6n plana \u00e7\u0131x\u0131r. Beyn\u0259lxalq h\u00fcquq normalar\u0131 kobudcas\u0131na pozulur, onlara \u0259m\u0259l edilmir. \u018ffsuslar olsun ki, bu g\u00fcn beyn\u0259lxalq m\u00fcnasib\u0259tl\u0259rd\u0259 \u201ckim g\u00fccl\u00fcd\u00fcr, o da haql\u0131d\u0131r\u201d prinsipi \u00fcst\u00fcnl\u00fck t\u0259\u015fkil edir. Biz bunu g\u00f6r\u00fcr\u00fck, m\u00fc\u015fahid\u0259 edirik v\u0259 buna uy\u011fun \u00f6z add\u0131mlar\u0131m\u0131z\u0131 atmal\u0131y\u0131q. \u00c7\u00fcnki biz real v\u0259ziyy\u0259tl\u0259 hesabla\u015fmal\u0131y\u0131q&#187;.<\/p>\n\n\n\n<p>&#171;Report&#187; x\u0259b\u0259r verir ki, bu fikirl\u0259ri Prezident&nbsp;<a href=\"https:\/\/report.az\/persona\/ilham-%C9%99liyev\/\" target=\"_blank\" rel=\"noreferrer noopener\">\u0130lham \u018fliyev<\/a>&nbsp;M\u00fcdafi\u0259 Nazirliyinin &#171;N&#187; sayl\u0131 h\u0259rbi hiss\u0259sinin a\u00e7\u0131l\u0131\u015f\u0131nda deyib.<\/p>\n\n\n\n<p>D\u00f6vl\u0259t ba\u015f\u00e7\u0131s\u0131 bildirib ki, beyn\u0259lxalq h\u00fcququn normalar\u0131n\u0131n pozulmas\u0131 h\u0259r bir \u00f6lk\u0259ni \u00f6z h\u0259rbi potensial\u0131n\u0131n g\u00fccl\u0259ndirilm\u0259sin\u0259 vadar etm\u0259lidir v\u0259 biz buna art\u0131q \u00e7oxdan ba\u015flam\u0131\u015f\u0131q: &#171;M\u0259hz bunun n\u0259tic\u0259sind\u0259 bu g\u00fcn Az\u0259rbaycan Ordusu \u00e7ox y\u00fcks\u0259k pe\u015f\u0259karl\u0131\u011fa malikdir. Eyni zamanda, m\u0259nim g\u00f6st\u0259ri\u015fiml\u0259 son ill\u0259rd\u0259 ordumuzun silah-sursat, texnika il\u0259 t\u0259chizat\u0131 da t\u0259\u015fkil edilir. Bu m\u0259qs\u0259dl\u0259r \u00fc\u00e7\u00fcn milyardlarla dollar v\u0259sait x\u0259rcl\u0259nib. Bu g\u00fcn texniki t\u0259chizat bax\u0131m\u0131ndan Az\u0259rbaycan Ordusu g\u00fccl\u00fc ordular s\u0131ras\u0131ndad\u0131r. Bizim zirehli texnikam\u0131z \u0259n y\u00fcks\u0259k standartlara cavab verir. Bizim hava h\u00fccumuna qar\u015f\u0131 m\u00fcdafi\u0259 sistemimiz m\u00fcasirl\u0259\u015fib v\u0259 bu h\u0259rbi hiss\u0259nin v\u0259zif\u0259si m\u0259hz bundan ibar\u0259tdir. Biz bir ne\u00e7\u0259 \u00f6lk\u0259d\u0259n hava h\u00fccumuna qar\u015f\u0131 \u0259n m\u00fcasir qur\u011fular \u0259ld\u0259 etmi\u015fik. Onlar\u0131n Az\u0259rbaycanda &#8212; bizim co\u011frafiyada bir-birin\u0259 inteqrasiya edilm\u0259si d\u0259 asan m\u0259s\u0259l\u0259 deyil. \u00c7\u00fcnki bizim hava h\u00fccumuna qar\u015f\u0131 m\u00fcdafi\u0259 sisteml\u0259rimiz, &#8212; bu, sirr deyil, bu m\u0259lumat art\u0131q a\u00e7\u0131qlan\u0131b, &#8212; h\u0259m Rusiya istehsal\u0131d\u0131r, Belarus istehsal\u0131d\u0131r, \u0130srail istehsal\u0131d\u0131r, eyni zamanda, sovet vaxt\u0131ndan qalan qur\u011fulard\u0131r v\u0259 onlar da modernl\u0259\u015fdirilib. Onlar\u0131 bir-birin\u0259 el\u0259 inteqrasiya etm\u0259k, el\u0259 yerl\u0259\u015fdirm\u0259k laz\u0131md\u0131r ki, bizim b\u00fct\u00fcn strateji obyektl\u0259rimiz havadan qorunsun. \u018flb\u0259tt\u0259 ki, b\u00f6y\u00fck pe\u015f\u0259karl\u0131q v\u0259 v\u0259sait t\u0259l\u0259b edir. Bizim v\u0259saitimiz olmasayd\u0131, bunlar\u0131 haradan alacaqd\u0131q. Bir \u00f6lk\u0259 varm\u0131 ki, biz\u0259 pulsuz, m\u00fcft\u0259 n\u0259s\u0259 verib. Bel\u0259 bir \u00f6lk\u0259 yoxdur, he\u00e7 vaxt da olmay\u0131b, o c\u00fcml\u0259d\u0259n h\u0259rbi sah\u0259d\u0259. N\u0259yi \u0259ld\u0259 etmi\u015fiks\u0259, \u00f6z hesab\u0131m\u0131za \u0259ld\u0259 etmi\u015fik. \u018fg\u0259r biz g\u00fccl\u00fc iqtisadiyyat qurmasayd\u0131q, \u0259g\u0259r biz n\u0259h\u0259ng neft-qaz layih\u0259l\u0259ri icra etm\u0259s\u0259ydik, bu v\u0259saiti haradan alacaqd\u0131q. B\u00fct\u00fcn bunlar bir-biri il\u0259 ba\u011fl\u0131 olan m\u0259s\u0259l\u0259l\u0259rdir&#187;.(Report)<\/p>\n","protected":false},"excerpt":{"rendered":"<p>&#171;Bu g\u00fcn Az\u0259rbaycan d\u00fcnya miqyas\u0131nda \u00f6z g\u00fcc\u00fcn\u0259 arxalanan v\u0259 he\u00e7 kimd\u0259n as\u0131l\u0131 olmayan \u00f6lk\u0259dir. Ancaq biz m\u00fcharib\u0259 \u015f\u0259raitind\u0259 ya\u015fay\u0131r\u0131q v\u0259 eyni zamanda, g\u00f6r\u00fcr\u00fck ki,<\/p>\n","protected":false},"author":2,"featured_media":0,"comment_status":"closed","ping_status":"closed","sticky":false,"template":"","format":"standard","meta":{"footnotes":""},"categories":[3],"tags":[],"class_list":["post-8556","post","type-post","status-publish","format-standard","hentry","category-gundm"],"aioseo_notices":[],"_links":{"self":[{"href":"https:\/\/fedai.az\/index.php?rest_route=\/wp\/v2\/posts\/8556","targetHints":{"allow":["GET"]}}],"collection":[{"href":"https:\/\/fedai.az\/index.php?rest_route=\/wp\/v2\/posts"}],"about":[{"href":"https:\/\/fedai.az\/index.php?rest_route=\/wp\/v2\/types\/post"}],"author":[{"embeddable":true,"href":"https:\/\/fedai.az\/index.php?rest_route=\/wp\/v2\/users\/2"}],"replies":[{"embeddable":true,"href":"https:\/\/fedai.az\/index.php?rest_route=%2Fwp%2Fv2%2Fcomments&post=8556"}],"version-history":[{"count":1,"href":"https:\/\/fedai.az\/index.php?rest_route=\/wp\/v2\/posts\/8556\/revisions"}],"predecessor-version":[{"id":8558,"href":"https:\/\/fedai.az\/index.php?rest_route=\/wp\/v2\/posts\/8556\/revisions\/8558"}],"wp:attachment":[{"href":"https:\/\/fedai.az\/index.php?rest_route=%2Fwp%2Fv2%2Fmedia&parent=8556"}],"wp:term":[{"taxonomy":"category","embeddable":true,"href":"https:\/\/fedai.az\/index.php?rest_route=%2Fwp%2Fv2%2Fcategories&post=8556"},{"taxonomy":"post_tag","embeddable":true,"href":"https:\/\/fedai.az\/index.php?rest_route=%2Fwp%2Fv2%2Ftags&post=8556"}],"curies":[{"name":"wp","href":"https:\/\/api.w.org\/{rel}","templated":true}]}}