{"id":8561,"date":"2020-06-26T00:22:50","date_gmt":"2020-06-25T20:22:50","guid":{"rendered":"http:\/\/fedai.az\/?p=8561"},"modified":"2020-06-26T00:23:05","modified_gmt":"2020-06-25T20:23:05","slug":"pasinyanin-arvadi-susada-v%c9%99-k%c9%99lb%c9%99c%c9%99rd%c9%99-model-kimi-reklama-c%c9%99kildi-fotolar","status":"publish","type":"post","link":"https:\/\/fedai.az\/?p=8561","title":{"rendered":"Pa\u015finyan\u0131n arvad\u0131 \u015eu\u015fada v\u0259 K\u0259lb\u0259c\u0259rd\u0259  model kimi reklama \u00e7\u0259kildi&#8230;- FOTOLAR"},"content":{"rendered":"\n<p>\u0130\u015f\u011fal\u00e7\u0131 Erm\u0259nistan\u0131n Ba\u015f nazirinin arvad\u0131 Nikol Pa\u015finyan\u0131n arvad\u0131 Anna Akopyan \u00f6z t\u0259\u015f\u0259bb\u00fcs\u00fc il\u0259 t\u0259\u015fkil edilmi\u015f reklam kampaniyas\u0131nda foto-model kimi \u00e7\u0259kilib.<\/p>\n\n\n\n<figure class=\"wp-block-image\"><img decoding=\"async\" src=\"https:\/\/moderator.az\/fotobaza\/orta\/290585.jpg\" alt=\"\"\/><\/figure>\n\n\n\n<p><strong>Moderator.az <\/strong>x\u0259b\u0259r verir ki, erm\u0259ni medias\u0131n\u0131n yayd\u0131\u011f\u0131 m\u0259lumata g\u00f6r\u0259, Erm\u0259nistan\u0131n g\u00f6rm\u0259li yerl\u0259rini, m\u0259d\u0259niyy\u0259t abid\u0259l\u0259rini v\u0259 s. t\u0259bli\u011f etm\u0259k m\u0259qs\u0259di da\u015f\u0131yan reklam\u0131n ilk \u00e7\u0259kili\u015fl\u0259ri Az\u0259rbaycan\u0131n i\u015f\u011fal alt\u0131ndak\u0131 torpaqlar\u0131nda t\u0259\u015fkil edilib. Y\u0259ni Qaraba\u011f \u0259razil\u0259ri d\u0259 Erm\u0259nistan kimi t\u0259qdim edilib.<\/p>\n\n\n\n<figure class=\"wp-block-image\"><img decoding=\"async\" src=\"https:\/\/moderator.az\/fotobaza\/orta\/290589.jpg\" alt=\"\"\/><\/figure>\n\n\n\n<p>\u0130\u015f\u011fal\u00e7\u0131 \u00f6lk\u0259 Ba\u015f nazirinin arvad\u0131 \u015eu\u015fa (\u00c7\u0259tirli \u015f\u0259lal\u0259), K\u0259lb\u0259c\u0259r (\u0130stisu), A\u011fdam(P\u0259nah xan\u0131n qalas\u0131) v\u0259 s. b\u00f6lg\u0259l\u0259rimizin 6 m\u0259kan\u0131nda reklama \u00e7\u0259kilib.<\/p>\n\n\n\n<p><strong>Sultan La\u00e7\u0131n<\/strong><\/p>\n\n\n\n<figure class=\"wp-block-image\"><img decoding=\"async\" src=\"https:\/\/moderator.az\/fotobaza\/orta\/290591.jpg\" alt=\"\"\/><\/figure>\n\n\n\n<figure class=\"wp-block-image\"><img decoding=\"async\" src=\"https:\/\/moderator.az\/fotobaza\/orta\/290592.jpg\" alt=\"\"\/><\/figure>\n","protected":false},"excerpt":{"rendered":"<p>\u0130\u015f\u011fal\u00e7\u0131 Erm\u0259nistan\u0131n Ba\u015f nazirinin arvad\u0131 Nikol Pa\u015finyan\u0131n arvad\u0131 Anna Akopyan \u00f6z t\u0259\u015f\u0259bb\u00fcs\u00fc il\u0259 t\u0259\u015fkil edilmi\u015f reklam kampaniyas\u0131nda foto-model kimi \u00e7\u0259kilib. Moderator.az x\u0259b\u0259r verir ki,<\/p>\n","protected":false},"author":2,"featured_media":8562,"comment_status":"closed","ping_status":"closed","sticky":false,"template":"","format":"standard","meta":{"footnotes":""},"categories":[4],"tags":[],"class_list":["post-8561","post","type-post","status-publish","format-standard","has-post-thumbnail","hentry","category-qarabag"],"aioseo_notices":[],"_links":{"self":[{"href":"https:\/\/fedai.az\/index.php?rest_route=\/wp\/v2\/posts\/8561","targetHints":{"allow":["GET"]}}],"collection":[{"href":"https:\/\/fedai.az\/index.php?rest_route=\/wp\/v2\/posts"}],"about":[{"href":"https:\/\/fedai.az\/index.php?rest_route=\/wp\/v2\/types\/post"}],"author":[{"embeddable":true,"href":"https:\/\/fedai.az\/index.php?rest_route=\/wp\/v2\/users\/2"}],"replies":[{"embeddable":true,"href":"https:\/\/fedai.az\/index.php?rest_route=%2Fwp%2Fv2%2Fcomments&post=8561"}],"version-history":[{"count":1,"href":"https:\/\/fedai.az\/index.php?rest_route=\/wp\/v2\/posts\/8561\/revisions"}],"predecessor-version":[{"id":8563,"href":"https:\/\/fedai.az\/index.php?rest_route=\/wp\/v2\/posts\/8561\/revisions\/8563"}],"wp:featuredmedia":[{"embeddable":true,"href":"https:\/\/fedai.az\/index.php?rest_route=\/wp\/v2\/media\/8562"}],"wp:attachment":[{"href":"https:\/\/fedai.az\/index.php?rest_route=%2Fwp%2Fv2%2Fmedia&parent=8561"}],"wp:term":[{"taxonomy":"category","embeddable":true,"href":"https:\/\/fedai.az\/index.php?rest_route=%2Fwp%2Fv2%2Fcategories&post=8561"},{"taxonomy":"post_tag","embeddable":true,"href":"https:\/\/fedai.az\/index.php?rest_route=%2Fwp%2Fv2%2Ftags&post=8561"}],"curies":[{"name":"wp","href":"https:\/\/api.w.org\/{rel}","templated":true}]}}