{"id":8564,"date":"2020-06-26T00:34:50","date_gmt":"2020-06-25T20:34:50","guid":{"rendered":"http:\/\/fedai.az\/?p=8564"},"modified":"2020-06-26T00:34:56","modified_gmt":"2020-06-25T20:34:56","slug":"ilham-%c9%99liyev-biz-munaqis%c9%99-il%c9%99-bagli-movqeyimizd%c9%99-bir-addim-geri-atmayacagiq","status":"publish","type":"post","link":"https:\/\/fedai.az\/?p=8564","title":{"rendered":"\u0130lham \u018fliyev: &#171;Biz m\u00fcnaqi\u015f\u0259 il\u0259 ba\u011fl\u0131 m\u00f6vqeyimizd\u0259 bir add\u0131m geri atmayaca\u011f\u0131q&#187;"},"content":{"rendered":"\n<p>&#171;\u0130\u015f\u011fal edilmi\u015f torpaqlarda bu g\u00fcn erm\u0259nil\u0259r qanunsuz m\u0259skunla\u015fma siyas\u0259ti apar\u0131r. Bu m\u0259s\u0259l\u0259 il\u0259 \u0259laq\u0259dar m\u0259n art\u0131q bir ne\u00e7\u0259 d\u0259f\u0259 \u00f6z fikirl\u0259rimi bildirmi\u015f\u0259m, o c\u00fcml\u0259d\u0259n x\u00fcsusil\u0259 beyn\u0259lxalq t\u0259dbirl\u0259r \u00e7\u0259r\u00e7iv\u0259sind\u0259. Avropa \u0130ttifaq\u0131n\u0131n sonuncu \u015e\u0259rq T\u0259r\u0259fda\u015fl\u0131\u011f\u0131 Zirv\u0259 g\u00f6r\u00fc\u015f\u00fc \u00e7\u0259r\u00e7iv\u0259sind\u0259 d\u0259 bu m\u0259s\u0259l\u0259y\u0259 diqq\u0259t yetirdim. Biz b\u00fct\u00fcn beyn\u0259lxalq t\u0259\u015fkilatlarda bu m\u0259s\u0259l\u0259ni qald\u0131r\u0131r\u0131q v\u0259 qald\u0131raca\u011f\u0131q. Qanunsuz m\u0259skunla\u015fmaya son qoyulmal\u0131d\u0131r. Beyn\u0259lxalq ictimaiyy\u0259ti buna \u00e7a\u011f\u0131r\u0131r\u0131q. Minsk qrupunun h\u0259ms\u0259drl\u0259rinin bu m\u0259s\u0259l\u0259y\u0259 x\u00fcsusi diqq\u0259t yetirm\u0259yini ist\u0259yirik ki, bu qanunsuz m\u0259skunla\u015fma dayans\u0131n. \u00c7\u00fcnki Erm\u0259nistan\u0131n siyas\u0259ti bundan ibar\u0259tdir. Onlar bizim \u015f\u0259h\u0259rl\u0259rin adlar\u0131n\u0131 d\u0259yi\u015fdiribl\u0259r. \u018fvv\u0259lc\u0259 indiki Erm\u0259nistan \u0259razisind\u0259, indi is\u0259 Da\u011fl\u0131q Qaraba\u011fda v\u0259 \u0259traf b\u00f6lg\u0259l\u0259rd\u0259. Orada yeni d\u0131rnaqaras\u0131 s\u0259rh\u0259dl\u0259r \u00e7\u0259kibl\u0259r, bizim tarixi ke\u00e7mi\u015fimizi, m\u0259scidl\u0259rimizi m\u0259hv edibl\u0259r, tarixi abid\u0259l\u0259rimizi, torpaqlar\u0131m\u0131z\u0131 erm\u0259nil\u0259\u015fdirm\u0259k ist\u0259yirl\u0259r. \u0130ndi qanunsuz m\u0259skunla\u015fma aparmaq ist\u0259yirl\u0259r, ancaq onlarda insan resursu olmad\u0131\u011f\u0131 \u00fc\u00e7\u00fcn \u00e7\u0259tinlik \u00e7\u0259kirl\u0259r. Amma yen\u0259 d\u0259 diaspor f\u0259aliyy\u0259ti n\u0259tic\u0259sind\u0259 buna \u00e7al\u0131\u015f\u0131rlar. Biz buna imkan verm\u0259y\u0259c\u0259yik, bunu h\u0259r k\u0259s bilsin&#187;.<\/p>\n\n\n\n<p><br><strong>Bu fikirl\u0259ri Prezident \u0130lham \u018fliyev M\u00fcdafi\u0259 Nazirliyinin &#171;N&#187; sayl\u0131 h\u0259rbi hiss\u0259sinin a\u00e7\u0131l\u0131\u015f\u0131nda s\u00f6yl\u0259yib.<\/strong><\/p>\n\n\n\n<p><br>\u201cBiz m\u00fcnaqi\u015f\u0259 il\u0259 ba\u011fl\u0131 m\u00f6vqeyimizd\u0259 m\u00f6hk\u0259m dayanm\u0131\u015f\u0131q v\u0259 bir add\u0131m geri atmayaca\u011f\u0131q. Beyn\u0259lxalq t\u0259\u015fkilatlar indi \u0259razi b\u00fct\u00f6vl\u00fcy\u00fc prinsipini x\u00fcsusil\u0259 qeyd edirl\u0259r. Avropa \u0130ttifaq\u0131n\u0131n sonuncu \u015e\u0259rq T\u0259r\u0259fda\u015fl\u0131\u011f\u0131 Zirv\u0259 g\u00f6r\u00fc\u015f\u00fcnd\u0259 \u00e7\u0131x\u0131\u015f ed\u0259nl\u0259rin, d\u00fcnya liderl\u0259rinin bir \u00e7oxlar\u0131 bu m\u0259s\u0259l\u0259y\u0259 ayd\u0131nl\u0131q g\u0259tiribl\u0259r. \u018frazi b\u00fct\u00f6vl\u00fcy\u00fc prinsipi insanlar\u0131n, xalqlar\u0131n \u00f6z m\u00fcq\u0259dd\u0259rat\u0131n\u0131 t\u0259yin etm\u0259k prinsipind\u0259n \u00fcst\u00fcnd\u00fcr. He\u00e7 kimin bu haqda \u015f\u00fcbh\u0259si olmas\u0131n. B\u00fct\u00f6vl\u00fckd\u0259 Erm\u0259nistana v\u0259 Da\u011fl\u0131q Qaraba\u011f m\u0259s\u0259l\u0259sin\u0259 g\u0259ldikd\u0259, \u00f6z m\u00fcq\u0259dd\u0259rat\u0131n\u0131 m\u00fc\u0259yy\u0259netm\u0259 prinsipi i\u015fl\u0259mir, \u00e7\u00fcnki erm\u0259ni xalq\u0131 \u00f6z m\u00fcq\u0259dd\u0259rat\u0131n\u0131 bir d\u0259f\u0259 m\u00fc\u0259yy\u0259n edib, onlar\u0131n erm\u0259ni d\u00f6vl\u0259ti var, baxmayaraq ki, Az\u0259rbaycan torpa\u011f\u0131nda yarad\u0131l\u0131b. Az\u0259rbaycan torpa\u011f\u0131nda ikinci erm\u0259ni d\u00f6vl\u0259tinin yarad\u0131lmas\u0131na biz he\u00e7 c\u00fcr imkan ver\u0259 bilm\u0259rik. Ancaq bir daha dem\u0259k ist\u0259yir\u0259m ki, \u0259razi b\u00fct\u00f6vl\u00fcy\u00fc prinsipi bu g\u00fcn \u00fcst\u00fcnl\u00fck t\u0259\u015fkil edir. Ona g\u00f6r\u0259 bizim m\u00f6vqeyimiz beyn\u0259lxalq h\u00fcquq, tarixi \u0259dal\u0259t bax\u0131m\u0131ndan m\u00fck\u0259mm\u0259ldir. \u018flb\u0259tt\u0259 ki, m\u00fcnaqi\u015f\u0259 bu prinsipl\u0259r \u0259sas\u0131nda \u00f6z h\u0259llini tapmal\u0131d\u0131r. Ancaq bayaq qeyd etdiyim kimi, d\u00fcnyada g\u00fcc amili \u00f6n plana \u00e7\u0131x\u0131r v\u0259 biz bu g\u00fcc\u00fc toplamal\u0131y\u0131q, m\u0259s\u0259l\u0259ni ist\u0259nil\u0259n yolla h\u0259ll etm\u0259liyik\u201d, &#8212; dey\u0259 d\u00f6vl\u0259t ba\u015f\u00e7\u0131s\u0131 bildirib.<\/p>\n","protected":false},"excerpt":{"rendered":"<p>&#171;\u0130\u015f\u011fal edilmi\u015f torpaqlarda bu g\u00fcn erm\u0259nil\u0259r qanunsuz m\u0259skunla\u015fma siyas\u0259ti apar\u0131r. Bu m\u0259s\u0259l\u0259 il\u0259 \u0259laq\u0259dar m\u0259n art\u0131q bir ne\u00e7\u0259 d\u0259f\u0259 \u00f6z fikirl\u0259rimi bildirmi\u015f\u0259m, o c\u00fcml\u0259d\u0259n<\/p>\n","protected":false},"author":2,"featured_media":0,"comment_status":"closed","ping_status":"closed","sticky":false,"template":"","format":"standard","meta":{"footnotes":""},"categories":[4],"tags":[],"class_list":["post-8564","post","type-post","status-publish","format-standard","hentry","category-qarabag"],"aioseo_notices":[],"_links":{"self":[{"href":"https:\/\/fedai.az\/index.php?rest_route=\/wp\/v2\/posts\/8564","targetHints":{"allow":["GET"]}}],"collection":[{"href":"https:\/\/fedai.az\/index.php?rest_route=\/wp\/v2\/posts"}],"about":[{"href":"https:\/\/fedai.az\/index.php?rest_route=\/wp\/v2\/types\/post"}],"author":[{"embeddable":true,"href":"https:\/\/fedai.az\/index.php?rest_route=\/wp\/v2\/users\/2"}],"replies":[{"embeddable":true,"href":"https:\/\/fedai.az\/index.php?rest_route=%2Fwp%2Fv2%2Fcomments&post=8564"}],"version-history":[{"count":1,"href":"https:\/\/fedai.az\/index.php?rest_route=\/wp\/v2\/posts\/8564\/revisions"}],"predecessor-version":[{"id":8566,"href":"https:\/\/fedai.az\/index.php?rest_route=\/wp\/v2\/posts\/8564\/revisions\/8566"}],"wp:attachment":[{"href":"https:\/\/fedai.az\/index.php?rest_route=%2Fwp%2Fv2%2Fmedia&parent=8564"}],"wp:term":[{"taxonomy":"category","embeddable":true,"href":"https:\/\/fedai.az\/index.php?rest_route=%2Fwp%2Fv2%2Fcategories&post=8564"},{"taxonomy":"post_tag","embeddable":true,"href":"https:\/\/fedai.az\/index.php?rest_route=%2Fwp%2Fv2%2Ftags&post=8564"}],"curies":[{"name":"wp","href":"https:\/\/api.w.org\/{rel}","templated":true}]}}