{"id":8573,"date":"2020-06-26T01:13:26","date_gmt":"2020-06-25T21:13:26","guid":{"rendered":"http:\/\/fedai.az\/?p=8573"},"modified":"2020-06-26T02:16:08","modified_gmt":"2020-06-25T22:16:08","slug":"avmvib-r%c9%99hb%c9%99rliyi-t%c9%99ltif-olunan-uzvl%c9%99rini-t%c9%99brik-etdi","status":"publish","type":"post","link":"https:\/\/fedai.az\/?p=8573","title":{"rendered":"AVMV\u0130B R\u0259hb\u0259rliyi t\u0259ltif olunan \u00fczvl\u0259rini t\u0259brik etdi"},"content":{"rendered":"\n<p><strong>Prezident \u0130lham \u018fliyev Az\u0259rbaycan Respublikas\u0131 M\u00fcdafi\u0259 Nazirliyinin h\u0259rbi qulluq\u00e7ular\u0131n\u0131n v\u0259 Az\u0259rbaycan Respublikas\u0131n\u0131n \u0259razi b\u00fct\u00f6vl\u00fcy\u00fcn\u00fcn qorunmas\u0131nda x\u00fcsusi xidm\u0259tl\u0259ri olmu\u015f dig\u0259r \u015f\u0259xsl\u0259rin t\u0259ltif edilm\u0259si haqq\u0131nda s\u0259r\u0259ncam imzalay\u0131b.<\/strong><\/p>\n\n\n\n<p>S\u0259r\u0259ncamda qeyd edilir ki, Az\u0259rbaycan Respublikas\u0131n\u0131n m\u00fcst\u0259qilliyinin, \u0259razi b\u00fct\u00f6vl\u00fcy\u00fcn\u00fcn qorunub saxlan\u0131lmas\u0131nda x\u00fcsusi xidm\u0259tl\u0259rin\u0259, \u00f6z xidm\u0259ti v\u0259zif\u0259l\u0259rini v\u0259 h\u0259rbi hiss\u0259 qar\u015f\u0131s\u0131nda qoyulmu\u015f tap\u015f\u0131r\u0131qlar\u0131 yerin\u0259 yetir\u0259rk\u0259n f\u0259rql\u0259ndikl\u0259rin\u0259 g\u00f6r\u0259 Az\u0259rbaycan Respublikas\u0131 M\u00fcdafi\u0259 Nazirliyinin a\u015fa\u011f\u0131dak\u0131 h\u0259rbi qulluq\u00e7ular\u0131 v\u0259 Az\u0259rbaycan Respublikas\u0131n\u0131n \u0259razi b\u00fct\u00f6vl\u00fcy\u00fcn\u00fcn qorunmas\u0131nda x\u00fcsusi xidm\u0259tl\u0259ri olmu\u015f a\u015fa\u011f\u0131dak\u0131 \u015f\u0259xsl\u0259r t\u0259ltif edilsinl\u0259r:<\/p>\n\n\n\n<p><strong>T\u0259ltif olunanlar aras\u0131nsda Az\u0259rbaycan V\u0259t\u0259n M\u00fcharib\u0259si veteranlar\u0131 \u0130ctimai Birliyinin 3 n\u0259f\u0259r \u00fczv\u00fc d\u0259 var. AVMV\u0130B R\u0259hb\u0259rliyi t\u0259ltif olunan b\u00fct\u00fcn m\u00fcharib\u0259 veteranlar\u0131n\u0131 bu t\u0259ltif m\u00fcnasib\u0259tiyl\u0259 t\u0259brik edir.<\/strong><\/p>\n\n\n\n<p><em><strong>\u201cAz\u0259rbaycan Bayra\u011f\u0131\u201d ordeni il\u0259<\/strong><\/em><\/p>\n\n\n\n<p>\u00c7aybasarl\u0131 El\u00e7in R\u0259hman o\u011flu \u2013 istefada olan mayor<\/p>\n\n\n\n<p>H\u0259s\u0259nov Zahir \u015eamxal o\u011flu \u2013 istefada olan leytenant<\/p>\n\n\n\n<p><strong><em>\u201cH\u0259rbi xidm\u0259tl\u0259r\u0259 g\u00f6r\u0259\u201d medal\u0131 il\u0259<\/em><\/strong><\/p>\n\n\n\n<p>\u015eirinov Habil Sabir o\u011flu \u2013 istefada olan tibb xidm\u0259ti polkovnik-leytenant\u0131<\/p>\n\n\n\n<p><strong>Silahl\u0131 Q\u00fcvv\u0259l\u0259rin<\/strong> 102-ci ild\u00f6n\u00fcm\u00fc m\u00fcnasib\u0259ti il\u0259 Ali Ba\u015f Komandan t\u0259r\u0259find\u0259n t\u0259ltif olunanlar aras\u0131nda N sayl\u0131 alayda 1992-ci ilin iyun ay\u0131ndan q\u0259rargah r\u0259isi kimi d\u00f6y\u00fc\u015fl\u0259r\u0259 qat\u0131lm\u0131\u015f<strong> \u00c7aybasarl\u0131 El\u00e7in R\u0259hman o\u011flu<\/strong>nun da ad\u0131 var. G\u00fcl\u00fcstan, A\u011fd\u0259r\u0259, Beyl\u0259qan, F\u00fczuli v\u0259 s. istiqam\u0259tl\u0259rd\u0259 ged\u0259n d\u00f6y\u00fc\u015fl\u0259rd\u0259 i\u015ftirak edib. F\u00fczuli u\u011frunda ged\u0259n d\u00f6y\u00fc\u015fl\u0259rd\u0259 N sayl\u0131 h\u0259rbi hiss\u0259nin 2-ci motoat\u0131c\u0131 taborunun komandiri olub. A\u011fd\u0259r\u0259 rayonunun bir s\u0131ra k\u0259ndl\u0259rinin d\u00fc\u015fm\u0259nd\u0259n azad edilm\u0259sind\u0259, F\u00fczuli rayonu Qaraxanb\u0259yli, Alxanl\u0131 kimi ya\u015fay\u0131\u015f m\u0259nt\u0259q\u0259l\u0259rinin azad edilm\u0259sind\u0259 i\u015ftirak edib. D\u00f6y\u00fc\u015fl\u0259rd\u0259 3 d\u0259f\u0259 yaralan\u0131b. Onun V\u0259t\u0259n qar\u015f\u0131s\u0131ndak\u0131 xidm\u0259tl\u0259ri &#171;Az\u0259rbaycan Bayra\u011f\u0131&#187; ordeniyl\u0259 t\u0259ltif olunub. AVMV\u0130B-nin \u00fczv\u00fcd\u00fcr.<\/p>\n\n\n\n<figure class=\"wp-block-image is-resized\"><img loading=\"lazy\" decoding=\"async\" src=\"https:\/\/scontent.fgyd4-2.fna.fbcdn.net\/v\/t1.0-9\/74187460_1023048484777041_8132666735323390142_n.png?_nc_cat=107&amp;_nc_sid=8024bb&amp;_nc_ohc=FNAyuxN_9ugAX_1j2l0&amp;_nc_ht=scontent.fgyd4-2.fna&amp;oh=64148d009e61b8ef5fe5ecf1e783f9d4&amp;oe=5F191CAC\" alt=\"\u041d\u0430 \u0438\u0437\u043e\u0431\u0440\u0430\u0436\u0435\u043d\u0438\u0438 \u043c\u043e\u0436\u0435\u0442 \u043d\u0430\u0445\u043e\u0434\u0438\u0442\u044c\u0441\u044f: 1 \u0447\u0435\u043b\u043e\u0432\u0435\u043a, \u0441\u0442\u043e\u0438\u0442\" width=\"584\" height=\"849\"\/><\/figure>\n\n\n\n<figure class=\"wp-block-image is-resized\"><img loading=\"lazy\" decoding=\"async\" src=\"https:\/\/scontent.fgyd4-2.fna.fbcdn.net\/v\/t1.0-9\/105577750_1023049638110259_6747738798198872538_n.png?_nc_cat=100&amp;_nc_sid=8024bb&amp;_nc_ohc=vY8RL_W9MHgAX-3WqEF&amp;_nc_ht=scontent.fgyd4-2.fna&amp;oh=a768a2b3fc4e26434e5d1b8dfed4e834&amp;oe=5F1A3A6B\" alt=\"\u041d\u0430 \u0438\u0437\u043e\u0431\u0440\u0430\u0436\u0435\u043d\u0438\u0438 \u043c\u043e\u0436\u0435\u0442 \u043d\u0430\u0445\u043e\u0434\u0438\u0442\u044c\u0441\u044f: 1 \u0447\u0435\u043b\u043e\u0432\u0435\u043a, \u0441\u0442\u043e\u0438\u0442, \u0434\u0435\u0440\u0435\u0432\u043e \u0438 \u043d\u0430 \u0443\u043b\u0438\u0446\u0435\" width=\"589\" height=\"767\"\/><\/figure>\n\n\n\n<p><strong>Silahl\u0131 Q\u00fcvv\u0259l\u0259rin<\/strong> 102-ci ild\u00f6n\u00fcm\u00fc m\u00fcnasib\u0259ti il\u0259 Ali Ba\u015f Komandan t\u0259r\u0259find\u0259n t\u0259ltif olunanlar aras\u0131nda N sayl\u0131 F\u00fczuli k\u00f6n\u00fcll\u00fc \u00f6z\u00fcn\u00fcm\u00fcdafi\u0259 taborunun ke\u00e7mi\u015f komandiri, Horadiz \u0259m\u0259liyyat\u0131n\u0131n u\u011furla n\u0259tic\u0259l\u0259nm\u0259sind\u0259 rolu olmu\u015f N sayl\u0131 h\u0259rbi hiss\u0259nin 2-ci taborunun komandiri <strong>Zahir H\u0259s\u0259novun <\/strong>da ad\u0131 var. Zahir H\u0259s\u0259nov F\u00fczuli u\u011frunda ged\u0259n d\u00f6y\u00fc\u015fl\u0259rd\u0259, o c\u00fcml\u0259d\u0259n u\u011furlu Horadiz \u0259m\u0259liyyat\u0131nda \u015f\u00fcca\u0259tl\u0259r g\u00f6st\u0259rib. Ali Ba\u015f Komandan t\u0259r\u0259find\u0259n &#171;Az\u0259rbaycan Bayra\u011f\u0131&#187; ordeni il\u0259 t\u0259ltif olunan Zahir H\u0259s\u0259nov sosial \u015f\u0259b\u0259k\u0259d\u0259 t\u0259ltifl\u0259 ba\u011fl\u0131 payla\u015f\u0131m edib: &#171;Buna g\u00f6r\u0259, \u015f\u0259xsim ad\u0131ndan c\u0259nab Prezidentimiz\u0259 \u00f6z t\u0259\u015f\u0259kk\u00fcr\u00fcm\u00fc bildirir\u0259m. Allah Sizi qorusun! \u0130n\u015fallah, Sizin m\u00fcharib\u0259 \u0259mrinizi ald\u0131qda, yenid\u0259n silaha sar\u0131l\u0131b \u00f6z d\u00f6y\u00fc\u015f\u00e7\u00fcl\u0259riml\u0259 Qaraba\u011f\u0131m\u0131z\u0131n i\u015f\u011faldan azad edilm\u0259si \u00fc\u00e7\u00fcn ordumuzun \u00f6n s\u0131ralar\u0131nda olaca\u011f\u0131q.<br>C\u0259nab Ali Ba\u015f Komandan\u0131 \u0259min edir\u0259m ki, baxmayaraq ki, ya\u015flanm\u0131\u015f\u0131q, amma sabahk\u0131 sava\u015fda \u00f6z ke\u00e7mi\u015f d\u00f6y\u00fc\u015f\u00e7\u00fcl\u0259riml\u0259 sizin yan\u0131n\u0131zda, ordumuzun \u00f6n s\u0131ralar\u0131nda olaca\u011f\u0131q. V\u0259 bu g\u00fcn d\u00f6vl\u0259t ba\u015f\u00e7\u0131m\u0131z t\u0259r\u0259find\u0259n t\u0259ltif olunmu\u015f ordumuzun h\u0259rbi qulluq\u00e7ular\u0131n\u0131 v\u0259 veteranlar\u0131m\u0131z\u0131 da t\u0259brik edir\u0259m!&#187;  Z. H\u0259s\u0259nov AVMV\u0130B \u00fczv\u00fcd\u00fcr.<\/p>\n\n\n\n<figure class=\"wp-block-image is-resized\"><img loading=\"lazy\" decoding=\"async\" src=\"https:\/\/scontent.fgyd4-2.fna.fbcdn.net\/v\/t1.0-9\/105624594_1023031928112030_6562793565791932135_n.png?_nc_cat=101&amp;_nc_sid=8024bb&amp;_nc_ohc=MoW2pGkPYGIAX-tmDRB&amp;_nc_ht=scontent.fgyd4-2.fna&amp;oh=c9320f3a83cc21305afa08287904a12e&amp;oe=5F1C9CC4\" alt=\"\u041d\u0430 \u0438\u0437\u043e\u0431\u0440\u0430\u0436\u0435\u043d\u0438\u0438 \u043c\u043e\u0436\u0435\u0442 \u043d\u0430\u0445\u043e\u0434\u0438\u0442\u044c\u0441\u044f: 1 \u0447\u0435\u043b\u043e\u0432\u0435\u043a, \u043d\u0430 \u0443\u043b\u0438\u0446\u0435\" width=\"586\" height=\"781\"\/><\/figure>\n\n\n\n<figure class=\"wp-block-image\"><img decoding=\"async\" src=\"https:\/\/scontent.fgyd4-2.fna.fbcdn.net\/v\/t1.0-9\/105900814_1023050951443461_43711215993987415_n.png?_nc_cat=105&amp;_nc_sid=8024bb&amp;_nc_ohc=V7hJVJkAdtEAX-KDeD2&amp;_nc_ht=scontent.fgyd4-2.fna&amp;oh=7d191c0b72f82816796723eb694ca87c&amp;oe=5F1B9448\" alt=\"\u041d\u0430 \u0438\u0437\u043e\u0431\u0440\u0430\u0436\u0435\u043d\u0438\u0438 \u043c\u043e\u0436\u0435\u0442 \u043d\u0430\u0445\u043e\u0434\u0438\u0442\u044c\u0441\u044f: 13 \u0447\u0435\u043b\u043e\u0432\u0435\u043a\"\/><\/figure>\n\n\n\n<p>Az\u0259rbaycan h\u0259rbi tibbi xidm\u0259tini yarad\u0131c\u0131lar\u0131ndan olmu\u015f, istefada olan tibb xidm\u0259ti<strong> polkovnik-leytenant\u0131 Habil Sabir<\/strong> o\u011flu \u015eirinov da var. \u201cH\u0259rbi xidm\u0259tl\u0259r\u0259 g\u00f6r\u0259\u201d medal\u0131 il\u0259 t\u0259ltif edilmi\u015f polkovnik-leytenant Habil \u015eirinov hadis\u0259l\u0259rin ilk g\u00fcn\u00fcnd\u0259n, 1988-ci ild\u0259n A\u011fd\u0259r\u0259 rayonu \u0130mar\u0259t Q\u0259rv\u0259nd k\u0259ndind\u0259 erm\u0259ni separat\u00e7\u0131lar\u0131 il\u0259 m\u00fcbariz\u0259d\u0259 i\u015ftirak edib. Daha sonra K\u0259lb\u0259c\u0259rd\u0259 v\u0259 La\u00e7\u0131nda h\u0259rbi hospital\u0131n formala\u015fd\u0131r\u0131lmas\u0131nda v\u0259 qo\u015funlar\u0131n tibb xidm\u0259tinin t\u0259\u015fkilat\u00e7\u0131lar\u0131ndan biri olub.<\/p>\n\n\n\n<p>Az\u0259rbaycan Ordusunda h\u0259rbi s\u0259hra tibb t\u0259minat\u0131n\u0131n yarad\u0131c\u0131lar\u0131ndan olan Habil \u015eirinov, h\u0259rbi h\u0259kim kimi at\u0259\u015fk\u0259sd\u0259n sonra da h\u0259rbi hospital r\u0259isi v\u0259 ordu korpusunun tibb xidm\u0259tinin r\u0259isi v\u0259zif\u0259l\u0259rind\u0259 \u00e7al\u0131\u015f\u0131b. Onun say\u0259sind\u0259 y\u00fczl\u0259rl\u0259 a\u011f\u0131r yaral\u0131 \u0259sg\u0259rimiz sa\u011falaraq, h\u0259yatda qal\u0131b. AVMV\u0130B \u00fczv\u00fcd\u00fcr.<\/p>\n\n\n\n<figure class=\"wp-block-image is-resized\"><img loading=\"lazy\" decoding=\"async\" src=\"https:\/\/scontent.fgyd4-2.fna.fbcdn.net\/v\/t1.0-9\/105685970_1023035578111665_847737724945105628_n.png?_nc_cat=106&amp;_nc_sid=8024bb&amp;_nc_ohc=cBlY7NLARJEAX_RyZ6S&amp;_nc_ht=scontent.fgyd4-2.fna&amp;oh=9ca04d2e9dfcc1939cdacefc87fcbd4a&amp;oe=5F1AF267\" alt=\"\u041d\u0430 \u0438\u0437\u043e\u0431\u0440\u0430\u0436\u0435\u043d\u0438\u0438 \u043c\u043e\u0436\u0435\u0442 \u043d\u0430\u0445\u043e\u0434\u0438\u0442\u044c\u0441\u044f: 1 \u0447\u0435\u043b\u043e\u0432\u0435\u043a\" width=\"576\" height=\"768\"\/><\/figure>\n\n\n\n<figure class=\"wp-block-image\"><img decoding=\"async\" src=\"https:\/\/scontent.fgyd4-2.fna.fbcdn.net\/v\/t1.0-9\/106080151_1023035998111623_150837581346713218_n.png?_nc_cat=105&amp;_nc_sid=8024bb&amp;_nc_ohc=wuqhL_dr-jEAX95Gq4x&amp;_nc_ht=scontent.fgyd4-2.fna&amp;oh=8489555c25eddf9df4949a0d7132af89&amp;oe=5F1C46CE\" alt=\"\u041d\u0430 \u0438\u0437\u043e\u0431\u0440\u0430\u0436\u0435\u043d\u0438\u0438 \u043c\u043e\u0436\u0435\u0442 \u043d\u0430\u0445\u043e\u0434\u0438\u0442\u044c\u0441\u044f: 3 \u0447\u0435\u043b\u043e\u0432\u0435\u043a\u0430, \u0431\u043e\u0440\u043e\u0434\u0430\"\/><\/figure>\n\n\n\n<p><strong>Siz daha b\u00f6y\u00fck m\u00fckafatlara layiqsiniz, \u0259ziz veteranlar. T\u0259brik edirik!<\/strong><\/p>\n\n\n\n<p><strong>AVMV\u0130B M\u0259tbuat Xidm\u0259ti<\/strong><\/p>\n","protected":false},"excerpt":{"rendered":"<p>Prezident \u0130lham \u018fliyev Az\u0259rbaycan Respublikas\u0131 M\u00fcdafi\u0259 Nazirliyinin h\u0259rbi qulluq\u00e7ular\u0131n\u0131n v\u0259 Az\u0259rbaycan Respublikas\u0131n\u0131n \u0259razi b\u00fct\u00f6vl\u00fcy\u00fcn\u00fcn qorunmas\u0131nda x\u00fcsusi xidm\u0259tl\u0259ri olmu\u015f dig\u0259r \u015f\u0259xsl\u0259rin t\u0259ltif edilm\u0259si haqq\u0131nda s\u0259r\u0259ncam<\/p>\n","protected":false},"author":2,"featured_media":8434,"comment_status":"closed","ping_status":"closed","sticky":false,"template":"","format":"standard","meta":{"footnotes":""},"categories":[5],"tags":[],"class_list":["post-8573","post","type-post","status-publish","format-standard","has-post-thumbnail","hentry","category-veteran"],"aioseo_notices":[],"_links":{"self":[{"href":"https:\/\/fedai.az\/index.php?rest_route=\/wp\/v2\/posts\/8573","targetHints":{"allow":["GET"]}}],"collection":[{"href":"https:\/\/fedai.az\/index.php?rest_route=\/wp\/v2\/posts"}],"about":[{"href":"https:\/\/fedai.az\/index.php?rest_route=\/wp\/v2\/types\/post"}],"author":[{"embeddable":true,"href":"https:\/\/fedai.az\/index.php?rest_route=\/wp\/v2\/users\/2"}],"replies":[{"embeddable":true,"href":"https:\/\/fedai.az\/index.php?rest_route=%2Fwp%2Fv2%2Fcomments&post=8573"}],"version-history":[{"count":2,"href":"https:\/\/fedai.az\/index.php?rest_route=\/wp\/v2\/posts\/8573\/revisions"}],"predecessor-version":[{"id":8581,"href":"https:\/\/fedai.az\/index.php?rest_route=\/wp\/v2\/posts\/8573\/revisions\/8581"}],"wp:featuredmedia":[{"embeddable":true,"href":"https:\/\/fedai.az\/index.php?rest_route=\/wp\/v2\/media\/8434"}],"wp:attachment":[{"href":"https:\/\/fedai.az\/index.php?rest_route=%2Fwp%2Fv2%2Fmedia&parent=8573"}],"wp:term":[{"taxonomy":"category","embeddable":true,"href":"https:\/\/fedai.az\/index.php?rest_route=%2Fwp%2Fv2%2Fcategories&post=8573"},{"taxonomy":"post_tag","embeddable":true,"href":"https:\/\/fedai.az\/index.php?rest_route=%2Fwp%2Fv2%2Ftags&post=8573"}],"curies":[{"name":"wp","href":"https:\/\/api.w.org\/{rel}","templated":true}]}}