{"id":8582,"date":"2020-06-26T02:43:17","date_gmt":"2020-06-25T22:43:17","guid":{"rendered":"http:\/\/fedai.az\/?p=8582"},"modified":"2020-06-26T10:58:56","modified_gmt":"2020-06-26T06:58:56","slug":"8582","status":"publish","type":"post","link":"https:\/\/fedai.az\/?p=8582","title":{"rendered":"Onlar V\u0259t\u0259n u\u011frunda d\u00f6y\u00fc\u015fd\u00fcl\u0259r&#8230;"},"content":{"rendered":"\n<p><strong>Silahl\u0131 Q\u00fcvv\u0259l\u0259rin<\/strong>&nbsp;102-ci ild\u00f6n\u00fcm\u00fc m\u00fcnasib\u0259ti il\u0259 Ali Ba\u015f Komandan t\u0259r\u0259find\u0259n t\u0259ltif olunanlar aras\u0131nda N sayl\u0131 F\u00fczuli k\u00f6n\u00fcll\u00fc \u00f6z\u00fcn\u00fcm\u00fcdafi\u0259 taborunun ke\u00e7mi\u015f komandiri, Horadiz \u0259m\u0259liyyat\u0131n\u0131n u\u011furla n\u0259tic\u0259l\u0259nm\u0259sind\u0259 rolu olmu\u015f N sayl\u0131 h\u0259rbi hiss\u0259nin 2-ci taborunun komandiri&nbsp;olmu\u015f <strong>Zahir H\u0259s\u0259novun<\/strong> ke\u00e7diyi d\u00f6y\u00fc\u015f yolu &#8230;<\/p>\n\n\n\n<p>________________________________________________<\/p>\n\n\n\n<p><strong>Zahir H\u0259s\u0259novun komandir oldu\u011fu, \u0259sas hiss\u0259si 848 sayl\u0131 taborun d\u00f6y\u00fc\u015f\u00e7\u00fcl\u0259rind\u0259n ibar\u0259t olan 2-ci motoat\u0131c\u0131 taborun Horadiz \u0259m\u0259liyyat\u0131nda apard\u0131\u011f\u0131 d\u00f6y\u00fc\u015fl\u0259r.<\/strong><\/p>\n\n\n\n<figure class=\"wp-block-image\"><img decoding=\"async\" src=\"https:\/\/scontent.fgyd4-2.fna.fbcdn.net\/v\/t1.0-9\/105624594_1023031928112030_6562793565791932135_n.png?_nc_cat=101&amp;_nc_sid=8024bb&amp;_nc_ohc=MoW2pGkPYGIAX-tmDRB&amp;_nc_ht=scontent.fgyd4-2.fna&amp;oh=c9320f3a83cc21305afa08287904a12e&amp;oe=5F1C9CC4\" alt=\"\u041d\u0430 \u0438\u0437\u043e\u0431\u0440\u0430\u0436\u0435\u043d\u0438\u0438 \u043c\u043e\u0436\u0435\u0442 \u043d\u0430\u0445\u043e\u0434\u0438\u0442\u044c\u0441\u044f: 1 \u0447\u0435\u043b\u043e\u0432\u0435\u043a, \u043d\u0430 \u0443\u043b\u0438\u0446\u0435\"\/><\/figure>\n\n\n\n<p><br>Az\u0259rbaycan\u0131n h\u0259rb tarixin\u0259 q\u0131z\u0131l h\u0259rfl\u0259rl\u0259 yaz\u0131lm\u0131\u015f u\u011furlu Horadiz \u0259m\u0259liyyat\u0131nda \u015f\u0259xsi hey\u0259tinin b\u00f6y\u00fck hiss\u0259sini ke\u00e7mi\u015f 848 sayl\u0131 taborun d\u00f6y\u00fc\u015f\u00e7\u00fcl\u0259ri t\u0259\u015fkil etmi\u015f, 702 sayl\u0131 h\u0259rbi hiss\u0259nin 2-ci motoat\u0131c\u0131 taborunun x\u00fcsusi rolu olmu\u015fdur.<\/p>\n\n\n\n<p><br>5 yanvar 1994-c\u00fc il tarixind\u0259 ba\u015flayan h\u00fccum \u0259m\u0259liyyat\u0131n\u0131n \u0259sas z\u0259rb\u0259 q\u00fcvv\u0259si 2-ci motoat\u0131c\u0131 tabor olmu\u015f, tabor 702 sayl\u0131 h\u0259rbi hiss\u0259nin dig\u0259r b\u00f6lm\u0259l\u0259ri il\u0259 \u0259laq\u0259li \u015f\u0259kild\u0259 d\u00fc\u015fm\u0259nin m\u00fcdafi\u0259sini yararaq, a\u011f\u0131r t\u0259lafata u\u011fratm\u0131\u015f, \u0259m\u0259liyyat\u0131 u\u011furla davam etdir\u0259r\u0259k q\u0131sa m\u00fcdd\u0259td\u0259 12 ya\u015fay\u0131\u015f m\u0259nt\u0259q\u0259sinin i\u015f\u011faldan azad etm\u0259y\u0259 nail olmu\u015fdur. H\u00fccumdan sars\u0131lan d\u00fc\u015fm\u0259n q\u00fcvv\u0259l\u0259ri m\u00fcqavim\u0259t g\u00f6st\u0259r\u0259 bilm\u0259y\u0259k ba\u015f\u0131pozuq \u015f\u0259kild\u0259 geri \u00e7\u0259kilmi\u015fdir.<\/p>\n\n\n\n<p><br>5 yanvar 1994-c\u00fc il s\u0259h\u0259r saat 7.10-da b\u00fct\u00fcn \u015f\u0259xsi hey\u0259ti v\u0259 2 \u0259d\u0259d T-72 tankla h\u00fccua ke\u00e7\u0259n tabor 15 d\u0259qiq\u0259 sonra B\u00f6y\u00fck B\u0259hm\u0259nli k\u0259ndind\u0259 d\u00fc\u015fm\u0259nin m\u00fcdafi\u0259sini yararaq, d\u00fc\u015fm\u0259nin Quru\u00e7ay k\u00f6rp\u00fcs\u00fcn\u00fcn \u00fcz\u0259rind\u0259 m\u00f6vqe tutmu\u015f 2 tank\u0131n\u0131 vurur. Daha sonra d\u00fc\u015fm\u0259nin Bak\u0131-Horadiz avtomobil magistral\u0131n\u0131n \u00fcz\u0259rind\u0259 &#8212; B\u00f6y\u00fck B\u0259hm\u0259nli k\u0259ndinin q\u0259bristanl\u0131\u011f\u0131ndak\u0131 2 tank\u0131 (449 v\u0259 161 n\u00f6mr\u0259li T-72) q\u0259nim\u0259t g\u00f6t\u00fcr\u00fcl\u0259r\u0259k, ehtiyatda olan ekipaj c\u0259lb edilm\u0259kl\u0259 h\u00fccumun davam etdirilm\u0259sind\u0259 istifad\u0259 olunur. Saat 10:30 rad\u0259l\u0259rind\u0259 \u015e\u00fck\u00fcrb\u0259yli k\u0259ndi d\u00fc\u015fm\u0259nd\u0259n azad edilir. \u015e\u00fck\u00fcrb\u0259yli yax\u0131nl\u0131\u011f\u0131nda d\u00fc\u015fm\u0259nin m\u00fcqavim\u0259ti q\u0131sa m\u00fcdd\u0259tli d\u00f6y\u00fc\u015fl\u0259 q\u0131r\u0131l\u0131r. D\u00fc\u015fm\u0259nin 80-d\u0259n \u00e7ox canl\u0131 q\u00fcvv\u0259si m\u0259hv edilir, sursat da\u015f\u0131yan bir \u0259d\u0259d Z\u0130L, bir \u0259d\u0259d \u201cKamAZ\u201d y\u00fck ma\u015f\u0131n\u0131n\u0131, \u201c\u015eturm-S\u201d tank \u0259leyhin\u0259 \u00f6z\u00fcyeriy\u0259n raket kompleksi, 4 \u0259d\u0259d MT-LB, 4 \u0259d\u0259d 122 mm D-30 haubitsas\u0131n\u0131 q\u0259nim\u0259t g\u00f6t\u00fcr\u00fcl\u00fcr. H\u00fccumun ilk g\u00fcn\u00fc tabor 3 \u015f\u0259hid, 17 yaral\u0131 ver\u0259r\u0259k qar\u015f\u0131ya qoyulan d\u00f6y\u00fc\u015f tap\u015f\u0131r\u0131\u011f\u0131n\u0131 yerin\u0259 yetirir.<\/p>\n\n\n\n<figure class=\"wp-block-image\"><img decoding=\"async\" src=\"https:\/\/scontent.fgyd4-2.fna.fbcdn.net\/v\/t1.0-0\/p640x640\/105571687_10158373191152556_6233826924318156243_o.jpg?_nc_cat=102&amp;_nc_sid=8024bb&amp;_nc_ohc=EIQ20A3VopUAX9RdN0t&amp;_nc_ht=scontent.fgyd4-2.fna&amp;_nc_tp=6&amp;oh=da5f882476581d87162c876731d2dff3&amp;oe=5F1C293E\" alt=\"\"\/><\/figure>\n\n\n\n<p>Tabor komandiri Zahir H\u0259s\u0259nov: \u201c\u015e\u00fck\u00fcrb\u0259yli k\u0259ndind\u0259 m\u0259n h\u0259rbi hiss\u0259 komandiri il\u0259 rabit\u0259 \u0259laq\u0259sin\u0259 \u00e7\u0131x\u0131b v\u0259ziyy\u0259ti m\u0259ruz\u0259 etdikd\u0259, h\u0259rbi hiss\u0259 komandiri polkovnik \u015eair Ramaldanov 14 km d\u0259rinliy\u0259 ir\u0259lil\u0259diyimizi, sa\u011f v\u0259 sol cinahlardak\u0131 q\u00fcvv\u0259l\u0259rin ir\u0259lil\u0259y\u0259 bilm\u0259diyi \u00fc\u00e7\u00fcn m\u00fchasir\u0259 \u015f\u0259raitind\u0259 oldu\u011fumuzu dedi. Sa\u011f v\u0259 sol cinahlar\u0131 (solda Horadiz q\u0259s\u0259b\u0259sinin \u00fcst\u00fcnd\u0259 olan y\u00fcks\u0259kliyin, Bur\u011fa d\u0259r\u0259sinin \u00fcst\u00fcn\u00fc v\u0259 sa\u011fda is\u0259 1-ci, 4-c\u00fc tabor v\u0259 777 sayl\u0131 h\u0259rbi hiss\u0259nin qar\u015f\u0131s\u0131n\u0131) a\u00e7maq bar\u0259d\u0259 \u0259mr verdi. Taborumuz 5 v\u0259 6 yanvar tarixl\u0259rind\u0259 bu \u0259mrin \u00f6hd\u0259sind\u0259n g\u0259ldi. Mehdili v\u0259 Cocuq M\u0259rcanl\u0131 k\u0259ndl\u0259rini, L\u0259l\u0259t\u0259p\u0259 y\u00fcks\u0259kliyini azad etdik\u201d.<\/p>\n\n\n\n<p><br>6 yanvar 1994-c\u00fc il tarixind\u0259 h\u00fccumun davam\u0131 olaraq, 2-ci motoat\u0131c\u0131 tabor Qorqan k\u0259ndi, t\u0259chizat taboru A\u015fa\u011f\u0131 Seyid\u0259hm\u0259dli, 4-c\u00fc motoat\u0131c\u0131 tabor is\u0259 Merdinli k\u0259ndin\u0259 h\u00fccum etm\u0259li olsa da, dig\u0259r iki taborun h\u00fccumu al\u0131nmad\u0131\u011f\u0131ndan 2-ci motoat\u0131c\u0131 tabor A\u015fa\u011f\u0131 Seyid\u0259hm\u0259dliy\u0259 h\u00fccuma ke\u00e7ir. Saat 12:00-da A\u015fa\u011f\u0131 Seyid\u0259hm\u0259dli k\u0259ndi \u2013 8 km \u0259razi d\u00fc\u015fm\u0259nd\u0259n azad edilir. A\u015fa\u011f\u0131 Seyid\u0259hm\u0259dli k\u0259ndi u\u011frunda ged\u0259n d\u00f6y\u00fc\u015fd\u0259 d\u00fc\u015fm\u0259nin sursat dolu 1 \u0259d\u0259d Z\u0130L-131 ma\u015f\u0131n\u0131 vurulur, 30-dan \u00e7ox canl\u0131 q\u00fcvv\u0259si m\u0259hv edilir. Tabor bu d\u00f6y\u00fc\u015fd\u0259 33 yaral\u0131, 6 \u015f\u0259hid itki verir.<\/p>\n\n\n\n<p><br>9 yanvar 1994-c\u00fc il tarixind\u0259 2-ci motoat\u0131c\u0131 tabor h\u00fccumu davam etdir\u0259r\u0259k A\u015fa\u011f\u0131 \u018fbd\u00fcrr\u0259hmanl\u0131 v\u0259 Horadiz k\u0259ndl\u0259rini d\u00fc\u015fm\u0259nd\u0259n t\u0259mizl\u0259yir.<br>11 yanvar 1994-c\u00fc il tarixind\u0259 Qorqan, A\u015fa\u011f\u0131 Seyid\u0259hm\u0259dli v\u0259 Yuxar\u0131 Seyid\u0259hm\u0259dli aras\u0131ndak\u0131 ki\u00e7ik t\u0259p\u0259cikl\u0259r azad olunur. H\u0259min istiqam\u0259tl\u0259rd\u0259 12 v\u0259 13 yanvar tarixl\u0259rind\u0259 d\u00fc\u015fm\u0259nin \u0259ks h\u00fccumlar\u0131n\u0131n qar\u015f\u0131s\u0131 al\u0131n\u0131r v\u0259 14 yanvarda d\u00fc\u015fm\u0259n dayanma\u011fa m\u0259cbur olur.<\/p>\n\n\n\n<p><br>Tabor komandiri Zahir H\u0259s\u0259nov: &#171;Qeyd edim ki, h\u00fccum zaman\u0131 erm\u0259ni t\u0259r\u0259find\u0259 m\u0259hv etdiyimiz h\u0259rb\u00e7il\u0259rin aras\u0131nda ruslara, ukraynal\u0131lara, Pribaltikadan, Suriyadan g\u0259tirilmi\u015f muzdlulara da rast g\u0259lirdik. 11 yanvar 1994-c\u00fc il tarixind\u0259 d\u00f6y\u00fc\u015fd\u0259 yaraland\u0131m v\u0259 14 yanvar tarixind\u0259 Sumqay\u0131t \u015f\u0259h\u0259rind\u0259 yerl\u0259\u015f\u0259n hospitala yerl\u0259\u015fdirildim. Yanvar ay\u0131n\u0131n 28-d\u0259k burada m\u00fcalic\u0259 ald\u0131m. 21-31 mart 1994-c\u00fc il tarixl\u0259rind\u0259 Mehdili, Horadiz k\u0259ndi, L\u0259l\u0259t\u0259p\u0259, A\u015fa\u011f\u0131 Seyid\u0259hm\u0259dli v\u0259 Qorqan k\u0259ndi yenid\u0259n i\u015f\u011fal edildi. A\u015fa\u011f\u0131 \u018fbd\u00fcrr\u0259hmanl\u0131 k\u0259ndi neytralda qald\u0131. Bu ya\u015fay\u0131\u015f m\u0259nt\u0259q\u0259l\u0259rinin geri al\u0131nmas\u0131 \u00fc\u00e7\u00fcn 10 may tarixin\u0259d\u0259k etdiyimiz h\u00fccumlar he\u00e7 bir n\u0259tic\u0259 verm\u0259di. May ay\u0131n\u0131n 10-da at\u0259\u015fk\u0259s elan olundu\u201d.<\/p>\n\n\n\n<figure class=\"wp-block-image is-resized\"><img loading=\"lazy\" decoding=\"async\" src=\"https:\/\/scontent.fgyd4-2.fna.fbcdn.net\/v\/t1.0-0\/p640x640\/104100304_10158345501427556_272062942837981587_o.jpg?_nc_cat=108&amp;_nc_sid=8024bb&amp;_nc_ohc=ocot-8huURsAX9dm0D-&amp;_nc_ht=scontent.fgyd4-2.fna&amp;_nc_tp=6&amp;oh=2cca0d16de854e48b7e17265d5210265&amp;oe=5F18C563\" alt=\"\u041d\u0430 \u0438\u0437\u043e\u0431\u0440\u0430\u0436\u0435\u043d\u0438\u0438 \u043c\u043e\u0436\u0435\u0442 \u043d\u0430\u0445\u043e\u0434\u0438\u0442\u044c\u0441\u044f: Rashad Suleymanov, \u043d\u0430 \u0443\u043b\u0438\u0446\u0435\" width=\"240\" height=\"160\"\/><\/figure>\n\n\n\n<p><strong>R\u0259\u015fad S\u00fcleymanov<\/strong><\/p>\n","protected":false},"excerpt":{"rendered":"<p>Silahl\u0131 Q\u00fcvv\u0259l\u0259rin&nbsp;102-ci ild\u00f6n\u00fcm\u00fc m\u00fcnasib\u0259ti il\u0259 Ali Ba\u015f Komandan t\u0259r\u0259find\u0259n t\u0259ltif olunanlar aras\u0131nda N sayl\u0131 F\u00fczuli k\u00f6n\u00fcll\u00fc \u00f6z\u00fcn\u00fcm\u00fcdafi\u0259 taborunun ke\u00e7mi\u015f komandiri, Horadiz \u0259m\u0259liyyat\u0131n\u0131n u\u011furla n\u0259tic\u0259l\u0259nm\u0259sind\u0259<\/p>\n","protected":false},"author":2,"featured_media":8583,"comment_status":"closed","ping_status":"closed","sticky":false,"template":"","format":"standard","meta":{"footnotes":""},"categories":[5],"tags":[],"class_list":["post-8582","post","type-post","status-publish","format-standard","has-post-thumbnail","hentry","category-veteran"],"aioseo_notices":[],"_links":{"self":[{"href":"https:\/\/fedai.az\/index.php?rest_route=\/wp\/v2\/posts\/8582","targetHints":{"allow":["GET"]}}],"collection":[{"href":"https:\/\/fedai.az\/index.php?rest_route=\/wp\/v2\/posts"}],"about":[{"href":"https:\/\/fedai.az\/index.php?rest_route=\/wp\/v2\/types\/post"}],"author":[{"embeddable":true,"href":"https:\/\/fedai.az\/index.php?rest_route=\/wp\/v2\/users\/2"}],"replies":[{"embeddable":true,"href":"https:\/\/fedai.az\/index.php?rest_route=%2Fwp%2Fv2%2Fcomments&post=8582"}],"version-history":[{"count":2,"href":"https:\/\/fedai.az\/index.php?rest_route=\/wp\/v2\/posts\/8582\/revisions"}],"predecessor-version":[{"id":8597,"href":"https:\/\/fedai.az\/index.php?rest_route=\/wp\/v2\/posts\/8582\/revisions\/8597"}],"wp:featuredmedia":[{"embeddable":true,"href":"https:\/\/fedai.az\/index.php?rest_route=\/wp\/v2\/media\/8583"}],"wp:attachment":[{"href":"https:\/\/fedai.az\/index.php?rest_route=%2Fwp%2Fv2%2Fmedia&parent=8582"}],"wp:term":[{"taxonomy":"category","embeddable":true,"href":"https:\/\/fedai.az\/index.php?rest_route=%2Fwp%2Fv2%2Fcategories&post=8582"},{"taxonomy":"post_tag","embeddable":true,"href":"https:\/\/fedai.az\/index.php?rest_route=%2Fwp%2Fv2%2Ftags&post=8582"}],"curies":[{"name":"wp","href":"https:\/\/api.w.org\/{rel}","templated":true}]}}