{"id":8585,"date":"2020-06-26T03:10:57","date_gmt":"2020-06-25T23:10:57","guid":{"rendered":"http:\/\/fedai.az\/?p=8585"},"modified":"2020-06-26T03:11:04","modified_gmt":"2020-06-25T23:11:04","slug":"ali-bas-komandan-n-sayli-h%c9%99rbi-hiss%c9%99nin-acilisi-zamani-bir-cox-m%c9%99qamlara-toxundu","status":"publish","type":"post","link":"https:\/\/fedai.az\/?p=8585","title":{"rendered":"Ali Ba\u015f Komandan N sayl\u0131 h\u0259rbi hiss\u0259nin a\u00e7\u0131l\u0131\u015f\u0131 zaman\u0131 bir \u00e7ox m\u0259qamlara toxundu"},"content":{"rendered":"\n<p><strong>Az\u0259rbaycan Respublikas\u0131n\u0131n Prezidenti, Silahl\u0131 Q\u00fcvv\u0259l\u0259rin Ali Ba\u015f Komandan\u0131 \u0130lham \u018fliyev iyunun 25-d\u0259 M\u00fcdafi\u0259 Nazirliyinin \u201cN\u201d sayl\u0131 h\u0259rbi hiss\u0259sinin a\u00e7\u0131l\u0131\u015f\u0131nda i\u015ftirak edib.<\/strong><\/p>\n\n\n\n<p>H\u0259rbi hiss\u0259 il\u0259 tan\u0131\u015fl\u0131qdan sonra Prezident \u0130lham \u018fliyev h\u0259rb\u00e7il\u0259rl\u0259 g\u00f6r\u00fc\u015f\u00fcb. D\u00f6vl\u0259t ba\u015f\u00e7\u0131s\u0131 g\u00f6r\u00fc\u015fd\u0259 nitq s\u00f6yl\u0259yi\u0259r\u0259k maraql\u0131 m\u0259qamlara toxunub. <\/p>\n\n\n\n<p><strong>H\u0259r k\u0259s \u00fc\u00e7\u00fcn maraql\u0131 olaca\u011f\u0131n\u0131 n\u0259z\u0259r\u0259 alaraq b\u0259zi m\u0259qamlar\u0131 bir daha diqq\u0259tiniz\u0259 \u00e7atd\u0131r\u0131r\u0131q.<\/strong><\/p>\n\n\n\n<figure class=\"wp-block-image\"><img decoding=\"async\" src=\"https:\/\/static.president.az\/media\/W1siZiIsIjIwMjAvMDYvMjUvM3Q2MnA2aGU1cl8wMjQuanBnIl0sWyJwIiwidGh1bWIiLCIxMzQweDEwMjAiXV0?sha=2547b6d29e51cc1c\" alt=\"\"\/><\/figure>\n\n\n\n<p>&#8230;Onu da bildirm\u0259liy\u0259m ki, \u015f\u0259xsi hey\u0259tin xidm\u0259t \u015f\u0259raitinin yax\u015f\u0131la\u015fd\u0131r\u0131lmas\u0131 il\u0259 b\u0259rab\u0259r, zabitl\u0259rin m\u0259i\u015f\u0259t probleml\u0259ri d\u0259 h\u0259ll olunur. Orduda 20 il q\u00fcsursuz xidm\u0259t ed\u0259n zabitl\u0259r\u0259 m\u0259nim g\u00f6st\u0259ri\u015fiml\u0259 d\u00f6vl\u0259t t\u0259r\u0259find\u0259n m\u0259nzill\u0259r verilir v\u0259 bu proqram icra edilir. Bu, \u0259lb\u0259tt\u0259 ki, b\u00f6y\u00fck v\u0259sait t\u0259l\u0259b edir v\u0259 biz bu v\u0259saiti ay\u0131r\u0131r\u0131q. Bu g\u00fcn\u0259 q\u0259d\u0259r 1700 zabit bu proqramla \u0259hat\u0259 olunub v\u0259 onlara yax\u015f\u0131 m\u0259nzill\u0259r verilibdir. M\u0259n bu yax\u0131nlarda g\u00f6st\u0259ri\u015f verdim ki, bu ilin sonuna q\u0259d\u0259r \u0259lav\u0259 419 zabit\u0259 d\u00f6vl\u0259t t\u0259r\u0259find\u0259n m\u0259nzill\u0259r verilsin. Bel\u0259likl\u0259, bu g\u00fcn\u0259 q\u0259d\u0259r olan v\u0259ziyy\u0259t\u0259 g\u00f6r\u0259, bu proqramla \u0259hat\u0259 olunan zabitl\u0259rin maksimum say\u0131 t\u0259min edilib. M\u0259n\u0259 veril\u0259n son m\u0259lumata g\u00f6r\u0259, t\u0259qrib\u0259n 200-d\u0259n bir q\u0259d\u0259r \u00e7ox zabit h\u0259l\u0259 n\u00f6vb\u0259d\u0259dir. Onlar\u0131n da m\u0259nzil probleml\u0259ri h\u0259llini tapacaq. Hesab edir\u0259m ki, bu da d\u00fcnya praktikas\u0131nda \u00e7ox nadir hallarda m\u00fc\u015fahid\u0259 olunan m\u0259nz\u0259r\u0259dir. Burada da Az\u0259rbaycan \u00f6n s\u0131ralardad\u0131r, yenilikl\u0259r g\u00f6st\u0259rir. \u00c7\u00fcnki V\u0259t\u0259n\u0259 s\u0259daq\u0259tl\u0259 v\u0259 q\u00fcsursuz xidm\u0259t ed\u0259n h\u0259rb\u00e7il\u0259r d\u00f6vl\u0259t t\u0259r\u0259find\u0259n g\u0259r\u0259k y\u00fcks\u0259k t\u0259minatla \u0259hat\u0259 olunsunlar. H\u0259r bir insan\u0131n h\u0259yat\u0131nda m\u0259nzil problemi \u00e7ox \u00f6n\u0259mli m\u0259s\u0259l\u0259dir, biz onu da h\u0259ll edirik. Ordumuza g\u00f6st\u0259ril\u0259n qay\u011f\u0131 bu m\u0259s\u0259l\u0259l\u0259rl\u0259 bitmir. H\u0259rb\u00e7il\u0259rin \u0259m\u0259khaqlar\u0131 m\u00fcnt\u0259z\u0259m olaraq qald\u0131r\u0131l\u0131r. X\u00fcsusil\u0259 dey\u0259 bil\u0259r\u0259m ki, f\u0259rql\u0259nmi\u015f h\u0259rb\u00e7il\u0259r m\u00fckafatland\u0131r\u0131l\u0131r. Bu da t\u0259biidir&#8230;<\/p>\n\n\n\n<figure class=\"wp-block-image\"><img decoding=\"async\" src=\"https:\/\/static.president.az\/media\/W1siZiIsIjIwMjAvMDYvMjUvM2h0enVlZ3YyM18wMTcuanBnIl0sWyJwIiwidGh1bWIiLCIxMzQweDEwMjAiXV0?sha=2c08a514d6ea3812\" alt=\"\"\/><\/figure>\n\n\n\n<p>&#8230;Bu g\u00fcn texniki t\u0259chizat bax\u0131m\u0131ndan Az\u0259rbaycan Ordusu g\u00fccl\u00fc ordular s\u0131ras\u0131ndad\u0131r. Bizim zirehli texnikam\u0131z \u0259n y\u00fcks\u0259k standartlara cavab verir. Bizim hava h\u00fccumuna qar\u015f\u0131 m\u00fcdafi\u0259 sistemimiz m\u00fcasirl\u0259\u015fib v\u0259 bu h\u0259rbi hiss\u0259nin v\u0259zif\u0259si m\u0259hz bundan ibar\u0259tdir. Biz bir ne\u00e7\u0259 \u00f6lk\u0259d\u0259n hava h\u00fccumuna qar\u015f\u0131 \u0259n m\u00fcasir qur\u011fular \u0259ld\u0259 etmi\u015fik. Onlar\u0131n Az\u0259rbaycanda \u2013 bizim co\u011frafiyada bir-birin\u0259 inteqrasiya edilm\u0259si d\u0259 asan m\u0259s\u0259l\u0259 deyil. \u00c7\u00fcnki bizim hava h\u00fccumuna qar\u015f\u0131 m\u00fcdafi\u0259 sisteml\u0259rimiz, \u2013 bu, sirr deyil, bu m\u0259lumat art\u0131q a\u00e7\u0131qlan\u0131b, \u2013 h\u0259m Rusiya istehsal\u0131d\u0131r, Belarus istehsal\u0131d\u0131r, \u0130srail istehsal\u0131d\u0131r, eyni zamanda, sovet vaxt\u0131ndan qalan qur\u011fulard\u0131r v\u0259 onlar da modernl\u0259\u015fdirilib. Onlar\u0131 bir-birin\u0259 el\u0259 inteqrasiya etm\u0259k, el\u0259 yerl\u0259\u015fdirm\u0259k laz\u0131md\u0131r ki, bizim b\u00fct\u00fcn strateji obyektl\u0259rimiz havadan qorunsun. \u018flb\u0259tt\u0259 ki, b\u00f6y\u00fck pe\u015f\u0259karl\u0131q v\u0259 v\u0259sait t\u0259l\u0259b edir&#8230;<\/p>\n\n\n\n<figure class=\"wp-block-image\"><img decoding=\"async\" src=\"https:\/\/static.president.az\/media\/W1siZiIsIjIwMjAvMDYvMjUvNzNzNGk5aHduc18wMTYuanBnIl0sWyJwIiwidGh1bWIiLCIxMzQweDEwMjAiXV0?sha=a56b1dd10e6df73d\" alt=\"\"\/><\/figure>\n\n\n\n<p>&#8230;Eyni zamanda, bizim d\u00f6y\u00fc\u015f t\u0259yyar\u0259l\u0259rimiz modernl\u0259\u015fdirilib, y\u00fczd\u0259n \u00e7ox h\u0259rbi v\u0259 h\u0259rbi-n\u0259qliyyat vertolyotumuz var. Bu da bizim b\u00f6y\u00fck potensial\u0131m\u0131zd\u0131r. Pilotsuz u\u00e7u\u015f aparatlar\u0131 \u0259n y\u00fcks\u0259k s\u0259viyy\u0259li istehsal\u00e7\u0131lar\u0131n istehsal\u0131d\u0131r. Eyni zamanda, Az\u0259rbaycanda da bu istehsal t\u0259min edilib&#8230;<\/p>\n\n\n\n<p>&#8230;Ona g\u00f6r\u0259 m\u0259n siz\u0259 tap\u015f\u0131r\u0131ram, b\u00fct\u00fcn h\u0259rbi hiss\u0259l\u0259rd\u0259 ideoloji v\u0259ziyy\u0259t\u0259 x\u00fcsusi \u0259h\u0259miyy\u0259t verilm\u0259lidir. <strong>\u00d6lk\u0259mizin tarixi \u2013 h\u0259m q\u0259dim tarixi, h\u0259m d\u0259 m\u00fcasir tarixi il\u0259 \u0259laq\u0259dar h\u0259r bir \u0259sg\u0259rd\u0259, zabitd\u0259 dol\u011fun t\u0259\u0259ss\u00fcrat olmal\u0131d\u0131r. \u00c7\u00fcnki m\u0259n bunu d\u0259f\u0259l\u0259rl\u0259 demi\u015f\u0259m, \u0259fsuslar olsun ki, biz real tariximizi bilm\u0259mi\u015fik. G\u00fcnah da bizd\u0259 deyil, \u00e7\u00fcnki bel\u0259 oxumu\u015fuq, biz\u0259 bel\u0259 d\u0259rs veribl\u0259r. Sovet vaxt\u0131nda tarix d\u0259rsl\u0259rinin \u00e7oxu saxta idi. Az\u0259rbaycan xalq\u0131n\u0131n d\u00fc\u015fm\u0259nl\u0259ri q\u0259hr\u0259man kimi q\u0259l\u0259m\u0259 verilirdi. Quldur 26 Bak\u0131 komissar\u0131 d\u0259st\u0259si q\u0259hr\u0259man kimi t\u0259qdim edilirdi. O d\u0259st\u0259nin ba\u015f\u0131nda dayanan cinay\u0259tkar erm\u0259ni mill\u0259t\u00e7il\u0259ri q\u0259hr\u0259man kimi t\u0259qdim olunurdu. Onlar\u0131n ad\u0131na rayonlar verilirdi, onlara abid\u0259l\u0259r qoyulurdu. Az\u0259rbaycan xalq\u0131n\u0131n c\u0259llad\u0131 \u015eaumyana abid\u0259 qoyulmu\u015fdu, onun ad\u0131 \u0259b\u0259dil\u0259\u015fdirilmi\u015fdi. Biz bu tarixi g\u00f6rm\u00fc\u015f\u00fck. Yen\u0259 d\u0259 g\u00fcnah bizd\u0259 deyil. Sovet hakimiyy\u0259tinin tarixi bu idi. M\u00fcst\u0259qilliyi quranlar d\u00fc\u015fm\u0259n kimi q\u0259l\u0259m\u0259 verilirdi. Az\u0259rbaycan Xalq C\u00fcmhuriyy\u0259ti antimilli qurum kimi q\u0259l\u0259m\u0259 verilirdi. Ancaq bizim m\u00fcst\u0259qilliyimizi \u0259limizd\u0259n alanlar, yerli satq\u0131nlar q\u0259hr\u0259man kimi q\u0259l\u0259m\u0259 verilirdi. K\u00fc\u00e7\u0259l\u0259r\u0259 onlar\u0131n adlar\u0131 verilir, onlara abid\u0259l\u0259r, monumentl\u0259r qoyulurdu. B\u0259lk\u0259 d\u0259 yaddan \u00e7\u0131x\u0131b, Sahil ba\u011f\u0131nda 26 Bak\u0131 komissarlar\u0131na abid\u0259 qoyulmu\u015fdu. M\u0259n fikirl\u0259\u015fdim ki, bu, n\u0259 m\u0259s\u0259l\u0259dir. Bunlar Az\u0259rbaycan xalq\u0131n\u0131n qan\u0131n\u0131 ax\u0131d\u0131blar, bizi m\u0259hv edibl\u0259r. He\u00e7 \u015f\u0259h\u0259rin m\u0259rk\u0259zind\u0259 bel\u0259 abid\u0259mi olar? O abid\u0259 d\u0259 v\u0259 o quldur d\u0259st\u0259sinin \u00fczvl\u0259rinin abid\u0259l\u0259ri d\u0259 s\u00f6k\u00fcld\u00fc v\u0259 d\u00fcz d\u0259 etmi\u015f\u0259m. B\u00fct\u00fcn dini ayinl\u0259ri g\u00f6zl\u0259m\u0259k \u015f\u0259rti il\u0259 onlar\u0131n q\u0259birl\u0259ri oradan k\u00f6\u00e7\u00fcr\u00fcld\u00fc. Ancaq bu, d\u00f6z\u00fclm\u0259z idi ki, \u015f\u0259h\u0259rimizin m\u0259rk\u0259zind\u0259 Az\u0259rbaycan xalq\u0131n\u0131n d\u00fc\u015fm\u0259nl\u0259rin\u0259 abid\u0259 ucald\u0131l\u0131b.<\/strong>..<\/p>\n\n\n\n<figure class=\"wp-block-image\"><img decoding=\"async\" src=\"https:\/\/static.president.az\/media\/W1siZiIsIjIwMjAvMDYvMjUvMjFlc3c1dmdmb18wMTMuanBnIl0sWyJwIiwidGh1bWIiLCIxMzQweDEwMjAiXV0?sha=4216ddf10374642a\" alt=\"\"\/><\/figure>\n\n\n\n<p>Ona g\u00f6r\u0259 m\u0259n deyir\u0259m, bizim g\u0259ncl\u0259r bu tarixi bilm\u0259lidirl\u0259r, q\u0259dim tariximizi bilm\u0259lidirl\u0259r. Bilm\u0259lidirl\u0259r ki, bug\u00fcnk\u00fc Erm\u0259nistan Az\u0259rbaycan torpaqlar\u0131nda formala\u015f\u0131b, bug\u00fcnk\u00fc Erm\u0259nistan x\u0259rit\u0259sind\u0259 co\u011frafi toponiml\u0259rin \u0259sl adlar\u0131n\u0131 bilm\u0259lidirl\u0259r. M\u0259n gedir\u0259m, haradasa x\u0259rit\u0259d\u0259 sonra d\u0259yi\u015fdirilmi\u015f erm\u0259ni adlar\u0131n\u0131 g\u00f6r\u00fcr\u0259m. B\u00fct\u00fcn yerli icra orqanlar\u0131na irad tuturam ki, bilmirsiniz, gedin soru\u015fun. Fikirl\u0259\u015fin n\u0259 yaz\u0131rs\u0131n\u0131z, ax\u0131, bunun q\u0259dim Az\u0259rbaycan ad\u0131 var. Bu, bizim torpa\u011f\u0131m\u0131zd\u0131r. Ona g\u00f6r\u0259, bu sah\u0259y\u0259 x\u00fcsusi diqq\u0259t g\u00f6st\u0259rm\u0259liyik. Orduda xidm\u0259t ed\u0259n h\u0259r bir g\u0259nc t\u0259rxis olunandan, m\u00fclki h\u0259yata qay\u0131dandan sonra \u00f6z tarixini oldu\u011fu kimi bilm\u0259lidir&#8230;<\/p>\n\n\n\n<figure class=\"wp-block-image\"><img decoding=\"async\" src=\"https:\/\/static.president.az\/media\/W1siZiIsIjIwMjAvMDYvMjUvYmt2bm1ibWRlXzAwNi5qcGciXSxbInAiLCJ0aHVtYiIsIjEzNDB4MTAyMCJdXQ?sha=75aab08a2f9c1488\" alt=\"\"\/><\/figure>\n\n\n\n<p>&#8230;\u0130\u015f\u011fal edilmi\u015f torpaqlarda bu g\u00fcn erm\u0259nil\u0259r qanunsuz m\u0259skunla\u015fma siyas\u0259ti apar\u0131r. Bu m\u0259s\u0259l\u0259 il\u0259 \u0259laq\u0259dar m\u0259n art\u0131q bir ne\u00e7\u0259 d\u0259f\u0259 \u00f6z fikirl\u0259rimi bildirmi\u015f\u0259m, o c\u00fcml\u0259d\u0259n x\u00fcsusil\u0259 beyn\u0259lxalq t\u0259dbirl\u0259r \u00e7\u0259r\u00e7iv\u0259sind\u0259. Avropa \u0130ttifaq\u0131n\u0131n sonuncu \u015e\u0259rq T\u0259r\u0259fda\u015fl\u0131\u011f\u0131 Zirv\u0259 g\u00f6r\u00fc\u015f\u00fc \u00e7\u0259r\u00e7iv\u0259sind\u0259 d\u0259 bu m\u0259s\u0259l\u0259y\u0259 diqq\u0259t yetirdim. Biz b\u00fct\u00fcn beyn\u0259lxalq t\u0259\u015fkilatlarda bu m\u0259s\u0259l\u0259ni qald\u0131r\u0131r\u0131q v\u0259 qald\u0131raca\u011f\u0131q. Qanunsuz m\u0259skunla\u015fmaya son qoyulmal\u0131d\u0131r. Beyn\u0259lxalq ictimaiyy\u0259ti buna \u00e7a\u011f\u0131r\u0131r\u0131q. Minsk qrupunun h\u0259ms\u0259drl\u0259rinin bu m\u0259s\u0259l\u0259y\u0259 x\u00fcsusi diqq\u0259t yetirm\u0259yini ist\u0259yirik ki, bu qanunsuz m\u0259skunla\u015fma dayans\u0131n. \u00c7\u00fcnki Erm\u0259nistan\u0131n siyas\u0259ti bundan ibar\u0259tdir. Onlar bizim \u015f\u0259h\u0259rl\u0259rin adlar\u0131n\u0131 d\u0259yi\u015fdiribl\u0259r. \u018fvv\u0259lc\u0259 indiki Erm\u0259nistan \u0259razisind\u0259, indi is\u0259 Da\u011fl\u0131q Qaraba\u011fda v\u0259 \u0259traf b\u00f6lg\u0259l\u0259rd\u0259. Orada yeni d\u0131rnaqaras\u0131 s\u0259rh\u0259dl\u0259r \u00e7\u0259kibl\u0259r, bizim tarixi ke\u00e7mi\u015fimizi, m\u0259scidl\u0259rimizi m\u0259hv edibl\u0259r, tarixi abid\u0259l\u0259rimizi, torpaqlar\u0131m\u0131z\u0131 erm\u0259nil\u0259\u015fdirm\u0259k ist\u0259yirl\u0259r. \u0130ndi qanunsuz m\u0259skunla\u015fma aparmaq ist\u0259yirl\u0259r, ancaq onlarda insan resursu olmad\u0131\u011f\u0131 \u00fc\u00e7\u00fcn \u00e7\u0259tinlik \u00e7\u0259kirl\u0259r. Amma yen\u0259 d\u0259 diaspor f\u0259aliyy\u0259ti n\u0259tic\u0259sind\u0259 buna \u00e7al\u0131\u015f\u0131rlar. Biz buna imkan verm\u0259y\u0259c\u0259yik, bunu h\u0259r k\u0259s bilsin. Biz m\u00fcnaqi\u015f\u0259 il\u0259 ba\u011fl\u0131 m\u00f6vqeyimizd\u0259 m\u00f6hk\u0259m dayanm\u0131\u015f\u0131q v\u0259 bir add\u0131m geri atmayaca\u011f\u0131q. Beyn\u0259lxalq t\u0259\u015fkilatlar indi \u0259razi b\u00fct\u00f6vl\u00fcy\u00fc prinsipini x\u00fcsusil\u0259 qeyd edirl\u0259r. Avropa \u0130ttifaq\u0131n\u0131n sonuncu \u015e\u0259rq T\u0259r\u0259fda\u015fl\u0131\u011f\u0131 Zirv\u0259 g\u00f6r\u00fc\u015f\u00fcnd\u0259 \u00e7\u0131x\u0131\u015f ed\u0259nl\u0259rin, d\u00fcnya liderl\u0259rinin bir \u00e7oxlar\u0131 bu m\u0259s\u0259l\u0259y\u0259 ayd\u0131nl\u0131q g\u0259tiribl\u0259r. \u018frazi b\u00fct\u00f6vl\u00fcy\u00fc prinsipi insanlar\u0131n, xalqlar\u0131n \u00f6z m\u00fcq\u0259dd\u0259rat\u0131n\u0131 t\u0259yin etm\u0259k prinsipind\u0259n \u00fcst\u00fcnd\u00fcr. He\u00e7 kimin bu haqda \u015f\u00fcbh\u0259si olmas\u0131n. B\u00fct\u00f6vl\u00fckd\u0259 Erm\u0259nistana v\u0259 Da\u011fl\u0131q Qaraba\u011f m\u0259s\u0259l\u0259sin\u0259 g\u0259ldikd\u0259, \u00f6z m\u00fcq\u0259dd\u0259rat\u0131n\u0131 m\u00fc\u0259yy\u0259netm\u0259 prinsipi i\u015fl\u0259mir, \u00e7\u00fcnki erm\u0259ni xalq\u0131 \u00f6z m\u00fcq\u0259dd\u0259rat\u0131n\u0131 bir d\u0259f\u0259 m\u00fc\u0259yy\u0259n edib, onlar\u0131n erm\u0259ni d\u00f6vl\u0259ti var, baxmayaraq ki, Az\u0259rbaycan torpa\u011f\u0131nda yarad\u0131l\u0131b. Az\u0259rbaycan torpa\u011f\u0131nda ikinci erm\u0259ni d\u00f6vl\u0259tinin yarad\u0131lmas\u0131na biz he\u00e7 c\u00fcr imkan ver\u0259 bilm\u0259rik. Ancaq bir daha dem\u0259k ist\u0259yir\u0259m ki, \u0259razi b\u00fct\u00f6vl\u00fcy\u00fc prinsipi bu g\u00fcn \u00fcst\u00fcnl\u00fck t\u0259\u015fkil edir. Ona g\u00f6r\u0259 bizim m\u00f6vqeyimiz beyn\u0259lxalq h\u00fcquq, tarixi \u0259dal\u0259t bax\u0131m\u0131ndan m\u00fck\u0259mm\u0259ldir. \u018flb\u0259tt\u0259 ki, m\u00fcnaqi\u015f\u0259 bu prinsipl\u0259r \u0259sas\u0131nda \u00f6z h\u0259llini tapmal\u0131d\u0131r. Ancaq bayaq qeyd etdiyim kimi, d\u00fcnyada g\u00fcc amili \u00f6n plana \u00e7\u0131x\u0131r v\u0259 biz bu g\u00fcc\u00fc toplamal\u0131y\u0131q, m\u0259s\u0259l\u0259ni ist\u0259nil\u0259n yolla h\u0259ll etm\u0259liyik&#8230;<\/p>\n\n\n\n<figure class=\"wp-block-image\"><img decoding=\"async\" src=\"https:\/\/static.president.az\/media\/W1siZiIsIjIwMjAvMDYvMjUvNjAwYWduNDlnel8wMDQuanBnIl0sWyJwIiwidGh1bWIiLCIxMzQweDEwMjAiXV0?sha=3c5d3c78faf605d0\" alt=\"\"\/><\/figure>\n\n\n\n<p>&#8230;<strong>M\u0259n bir daha Az\u0259rbaycan Silahl\u0131 Q\u00fcvv\u0259l\u0259rinin b\u00fct\u00fcn \u015f\u0259xsi hey\u0259tini bu g\u00f6z\u0259l bayram m\u00fcnasib\u0259til\u0259 t\u0259brik etm\u0259k ist\u0259yir\u0259m. Siz\u0259 yeni u\u011furlar, yeni q\u0259l\u0259b\u0259l\u0259r arzulay\u0131ram. Sa\u011f olun<\/strong>.<\/p>\n","protected":false},"excerpt":{"rendered":"<p>Az\u0259rbaycan Respublikas\u0131n\u0131n Prezidenti, Silahl\u0131 Q\u00fcvv\u0259l\u0259rin Ali Ba\u015f Komandan\u0131 \u0130lham \u018fliyev iyunun 25-d\u0259 M\u00fcdafi\u0259 Nazirliyinin \u201cN\u201d sayl\u0131 h\u0259rbi hiss\u0259sinin a\u00e7\u0131l\u0131\u015f\u0131nda i\u015ftirak edib. H\u0259rbi hiss\u0259 il\u0259<\/p>\n","protected":false},"author":2,"featured_media":0,"comment_status":"closed","ping_status":"closed","sticky":false,"template":"","format":"standard","meta":{"footnotes":""},"categories":[4],"tags":[],"class_list":["post-8585","post","type-post","status-publish","format-standard","hentry","category-qarabag"],"aioseo_notices":[],"_links":{"self":[{"href":"https:\/\/fedai.az\/index.php?rest_route=\/wp\/v2\/posts\/8585","targetHints":{"allow":["GET"]}}],"collection":[{"href":"https:\/\/fedai.az\/index.php?rest_route=\/wp\/v2\/posts"}],"about":[{"href":"https:\/\/fedai.az\/index.php?rest_route=\/wp\/v2\/types\/post"}],"author":[{"embeddable":true,"href":"https:\/\/fedai.az\/index.php?rest_route=\/wp\/v2\/users\/2"}],"replies":[{"embeddable":true,"href":"https:\/\/fedai.az\/index.php?rest_route=%2Fwp%2Fv2%2Fcomments&post=8585"}],"version-history":[{"count":1,"href":"https:\/\/fedai.az\/index.php?rest_route=\/wp\/v2\/posts\/8585\/revisions"}],"predecessor-version":[{"id":8586,"href":"https:\/\/fedai.az\/index.php?rest_route=\/wp\/v2\/posts\/8585\/revisions\/8586"}],"wp:attachment":[{"href":"https:\/\/fedai.az\/index.php?rest_route=%2Fwp%2Fv2%2Fmedia&parent=8585"}],"wp:term":[{"taxonomy":"category","embeddable":true,"href":"https:\/\/fedai.az\/index.php?rest_route=%2Fwp%2Fv2%2Fcategories&post=8585"},{"taxonomy":"post_tag","embeddable":true,"href":"https:\/\/fedai.az\/index.php?rest_route=%2Fwp%2Fv2%2Ftags&post=8585"}],"curies":[{"name":"wp","href":"https:\/\/api.w.org\/{rel}","templated":true}]}}