{"id":8601,"date":"2020-06-26T12:58:12","date_gmt":"2020-06-26T08:58:12","guid":{"rendered":"http:\/\/fedai.az\/?p=8601"},"modified":"2020-06-26T12:58:18","modified_gmt":"2020-06-26T08:58:18","slug":"gunun-mubar%c9%99k-az%c9%99rbaycan-%c9%99sg%c9%99ri","status":"publish","type":"post","link":"https:\/\/fedai.az\/?p=8601","title":{"rendered":"G\u00dcN\u00dcN M\u00dcBAR\u018fK, AZ\u018fRBAYCAN \u018fSG\u018fR\u0130!"},"content":{"rendered":"\n<figure class=\"wp-block-image is-resized\"><img loading=\"lazy\" decoding=\"async\" src=\"https:\/\/scontent.fgyd4-2.fna.fbcdn.net\/v\/t1.0-9\/p960x960\/103884378_2825246400934320_2007048868022145781_o.jpg?_nc_cat=104&amp;_nc_sid=85a577&amp;_nc_ohc=U_5henscwy0AX9R-9MF&amp;_nc_ht=scontent.fgyd4-2.fna&amp;_nc_tp=6&amp;oh=9bbbef4760af992a1a6232d9ecfdc1da&amp;oe=5F1D3EF2\" alt=\"\u041d\u0430 \u0438\u0437\u043e\u0431\u0440\u0430\u0436\u0435\u043d\u0438\u0438 \u043c\u043e\u0436\u0435\u0442 \u043d\u0430\u0445\u043e\u0434\u0438\u0442\u044c\u0441\u044f: Xaliq Huseynov, \u0441\u0438\u0434\u0438\u0442\" width=\"240\" height=\"240\"\/><\/figure>\n\n\n\n<p><strong>Xaliq H\u00fcseynov<\/strong><\/p>\n\n\n\n<p><em><strong>AVMV\u0130B-nin f\u0259xri \u00fczv\u00fc, h\u0259kim <\/strong><\/em><\/p>\n\n\n\n<p><strong>Bu g\u00fcn 26 iyun &#8212; Az\u0259rbaycan Silahl\u0131 Q\u00fcvv\u0259l\u0259r g\u00fcn\u00fcn\u00fc qeyd edirik.<\/strong><\/p>\n\n\n\n<p>V\u0259t\u0259n, torpaq, milli m\u0259nliy\u0259 d\u0259y\u0259r ver\u0259n h\u0259r bir k\u0259s \u00fc\u00e7\u00fcn m\u00fcq\u0259dd\u0259s g\u00fcnd\u00fcr, bu g\u00fcn! V\u0259t\u0259ni sevm\u0259k imandan oldu\u011fu kimi V\u0259t\u0259ni qoruyan orduya, \u0259sg\u0259r\u0259 olan v\u0259t\u0259np\u0259rv\u0259rlik ba\u011f\u0131 da m\u00f6hk\u0259m, q\u0131r\u0131lmaz olmal\u0131d\u0131r. <\/p>\n\n\n\n<p>100 ili a\u015fan tarix\u0259 malik ordumuza r\u0259smi qiym\u0259t &#8212; 26 iyunun &#8212; Silahl\u0131 Q\u00fcvv\u0259l\u0259r g\u00fcn\u00fc kimi qeyd olunmas\u0131 ilk d\u0259f\u0259 1998-ci ild\u0259 Ulu \u00d6nd\u0259r H. \u018fliyev t\u0259r\u0259find\u0259n imzalanan f\u0259rmanla verildi. \u00dcmummilli lider Heyd\u0259r \u018fliyev bu f\u0259rman\u0131 il\u0259 tarixi h\u0259qiq\u0259tin v\u0259 Milli Ordu quruculu\u011funda varislik \u0259n\u0259n\u0259l\u0259rinin b\u0259rpas\u0131 istiqam\u0259tind\u0259 \u00e7ox g\u0259r\u0259kli bir add\u0131m atd\u0131.Bir qisminin h\u0259qiqi V\u0259t\u0259n f\u0259daisi, bir qisminin is\u0259 v\u0259t\u0259n xaini oldu\u011fu h\u0259rbi birl\u0259\u015fm\u0259l\u0259rd\u0259n nizaml\u0131, m\u00fcz\u0259ff\u0259r bir ordu yaratmaq \u00e7\u0259tin v\u0259 m\u0259suliyy\u0259tli bir v\u0259zif\u0259 idi.Xalq\u0131n \u00e7\u0259tin g\u00fcnl\u0259rind\u0259 ona dayaq duran v\u0259t\u0259n f\u0259dail\u0259ri bir yer\u0259 toplanaraq, x\u0259yan\u0259tkarlardan ar\u0131nd\u0131lar, safla\u015fd\u0131lar.<\/p>\n\n\n\n<p>Bel\u0259likl\u0259, Az\u0259rbaycan ordusu yenid\u0259n, z\u0259rr\u0259l\u0259rd\u0259n toparlan\u0131b, g\u00fccl\u0259nm\u0259y\u0259, var olma\u011fa ba\u015flad\u0131. Bu m\u00f6ht\u0259\u015f\u0259m <strong>QURULU\u015eU <\/strong>layiqli davam\u00e7\u0131 <strong>c\u0259nab prezident \u0130lham \u018fliyev<\/strong> q\u00fcdr\u0259tli bir s\u0259rk\u0259rd\u0259y\u0259 xas olan c\u0259sar\u0259tli q\u0259rarlar\u0131, mahir ordu quruculu\u011fu qabiliyy\u0259ti olan \u0259sl v\u0259t\u0259np\u0259rv\u0259r kimi davam etdirm\u0259kd\u0259dir! Yar\u0131m qalm\u0131\u015f m\u00fcharib\u0259nin \u0259n d\u0259h\u015f\u0259tli z\u0259rb\u0259si ondan ibar\u0259t idi ki, ard-arda faci\u0259l\u0259r ya\u015fam\u0131\u015f xalq\u0131m\u0131z\u0131n d\u00f6y\u00fc\u015f ruhu s\u0131nd\u0131r\u0131lm\u0131\u015fd\u0131.Bu torpa\u011f\u0131n u\u011frunda can\u0131ndan ke\u00e7\u0259n says\u0131z \u015f\u0259hidl\u0259rimizin, sa\u011flaml\u0131\u011f\u0131n\u0131 itir\u0259n qazil\u0259rimizin, yenid\u0259n d\u00f6y\u00fc\u015f\u0259 at\u0131lma\u011fa haz\u0131r olan bac\u0131 v\u0259 qarda\u015flar\u0131m\u0131z\u0131n xidm\u0259ti \u0259v\u0259zsiz olsa da, torpaqlar\u0131m\u0131z\u0131n i\u015f\u011fal\u0131 h\u0259r birimizin m\u0259n\u0259vi \u00e7\u00f6k\u00fc\u015f\u00fcn\u0259 s\u0259b\u0259b olmu\u015fdu.Yeni bir h\u0259ml\u0259, yeni bir n\u0259f\u0259s il\u0259 ilk \u00f6nc\u0259 M\u00fcbariz \u0130brahimov, daha sonra 2016-ci il aprel d\u00f6y\u00fc\u015fl\u0259rind\u0259 misilsiz \u015f\u00fcca\u0259t g\u00f6st\u0259r\u0259n &#8212; \u015f\u0259hid, qazi, \u0259lil olan igidl\u0259rimizin timsal\u0131nda Az\u0259rbaycan ordusu \u00f6z yenilm\u0259zliyi il\u0259 tarix yazaraq yenid\u0259n \u00f6z q\u00fcdr\u0259tini \u00f6z\u00fcn\u0259 qaytard\u0131! Bu bir h\u0259qiq\u0259t v\u0259 reall\u0131qd\u0131r ki, Az\u0259rbaycan ordusunun q\u00fcdr\u0259tini, Az\u0259rbaycan \u0259sg\u0259rinin yenilm\u0259zlik obraz\u0131n\u0131 c\u0259miyy\u0259timiz\u0259, habel\u0259 d\u00fcnya ictimaiyy\u0259tin\u0259, m\u0259hz \u0130lham \u018fliyev t\u0259qdim etdi.<\/p>\n\n\n\n<p>Bir n\u00f6v g\u00f6z\u00fcm\u00fcz\u00fc q\u0131rma\u011fa \u00e7al\u0131\u015fan m\u0259nfur erm\u0259nil\u0259rin d\u00fcnya miqyas\u0131nda m\u00fck\u0259mm\u0259l siyasi taktika il\u0259 i\u015f\u011fal\u00e7\u0131, rasist v\u0259 terror\u00e7u bir mill\u0259t olduqlar\u0131 b\u00fct\u00fcn d\u00fcnyaya b\u0259yan edildi.<\/p>\n\n\n\n<p><strong>\u018fn m\u00f6t\u0259b\u0259r k\u00fcrs\u00fcd\u0259n erm\u0259ni d\u00f6vl\u0259tinin, m\u0259hz Az\u0259rbaycan torpaqlar\u0131nda yarad\u0131lmas\u0131 h\u0259qiq\u0259ti Az\u0259rbaycan tarixind\u0259 ilk d\u0259f\u0259 c\u0259sar\u0259tli bir s\u0259rk\u0259rd\u0259 kimi Ali Ba\u015f Komandan \u0130lham \u018fliyev t\u0259r\u0259find\u0259n diqt\u0259 edildi. Bu siyasi gedi\u015fl\u0259r Az\u0259rbaycan ordusunu add\u0131m-add\u0131m b\u00f6y\u00fck Q\u0259l\u0259b\u0259y\u0259 do\u011fru apar\u0131r! <\/strong><\/p>\n\n\n\n<p>Bu g\u00fcn h\u0259r bir az\u0259rbaycanl\u0131 inan\u0131r ki, Az\u0259rbaycan Ordusu ad\u0131n\u0131 tezlikl\u0259 qalib ordular c\u0259rg\u0259sin\u0259 yazacaq! Q\u0259l\u0259b\u0259 x\u0259b\u0259rini e\u015fid\u0259k, Az\u0259rbaycan ordusu! <\/p>\n\n\n\n<p>Q\u0259tiyy\u0259tin daim olsun, Ali Ba\u015f Komandan!<\/p>\n\n\n\n<p> Z\u0259f\u0259r g\u00fcn\u00fcn\u00fc bayram etm\u0259k dil\u0259yi il\u0259 V\u0259t\u0259n torpaqlar\u0131n\u0131n i\u015f\u011faldan azad olunmas\u0131n\u0131 s\u0259birsizlikl\u0259 g\u00f6zl\u0259y\u0259n, bu yolda m\u00fcs\u0259ll\u0259h \u0259sg\u0259r kimi h\u0259r an d\u00f6y\u00fc\u015f\u0259 haz\u0131r olan b\u00fct\u00fcn h\u0259mv\u0259t\u0259nl\u0259rimi 26 iyun Az\u0259rbaycan Silahl\u0131 Q\u00fcvv\u0259l\u0259r g\u00fcn\u00fc m\u00fcnasib\u0259til\u0259 t\u0259brik edir\u0259m!<\/p>\n\n\n\n<p> Uca Allah ke\u015fiyimizi \u00e7\u0259k\u0259n \u0259sg\u0259rl\u0259rimizi, b\u00fct\u00fcn h\u0259rb\u00e7il\u0259rimizi qorusun!<\/p>\n\n\n\n<p><strong>G\u00dcN\u00dcN M\u00dcBAR\u018fK, AZ\u018fRBAYCAN \u018fSG\u018fR\u0130!<\/strong><\/p>\n\n\n\n<figure class=\"wp-block-image\"><img decoding=\"async\" src=\"http:\/\/fedai.az\/wp-content\/uploads\/2020\/06\/105379849_983161832113074_2048394847403253942_n-715x400.jpg\" alt=\"\"\/><\/figure>\n\n\n\n<p><\/p>\n","protected":false},"excerpt":{"rendered":"<p>Xaliq H\u00fcseynov AVMV\u0130B-nin f\u0259xri \u00fczv\u00fc, h\u0259kim Bu g\u00fcn 26 iyun &#8212; Az\u0259rbaycan Silahl\u0131 Q\u00fcvv\u0259l\u0259r g\u00fcn\u00fcn\u00fc qeyd edirik. V\u0259t\u0259n, torpaq, milli m\u0259nliy\u0259 d\u0259y\u0259r ver\u0259n h\u0259r<\/p>\n","protected":false},"author":2,"featured_media":0,"comment_status":"closed","ping_status":"closed","sticky":false,"template":"","format":"standard","meta":{"footnotes":""},"categories":[5],"tags":[],"class_list":["post-8601","post","type-post","status-publish","format-standard","hentry","category-veteran"],"aioseo_notices":[],"_links":{"self":[{"href":"https:\/\/fedai.az\/index.php?rest_route=\/wp\/v2\/posts\/8601","targetHints":{"allow":["GET"]}}],"collection":[{"href":"https:\/\/fedai.az\/index.php?rest_route=\/wp\/v2\/posts"}],"about":[{"href":"https:\/\/fedai.az\/index.php?rest_route=\/wp\/v2\/types\/post"}],"author":[{"embeddable":true,"href":"https:\/\/fedai.az\/index.php?rest_route=\/wp\/v2\/users\/2"}],"replies":[{"embeddable":true,"href":"https:\/\/fedai.az\/index.php?rest_route=%2Fwp%2Fv2%2Fcomments&post=8601"}],"version-history":[{"count":1,"href":"https:\/\/fedai.az\/index.php?rest_route=\/wp\/v2\/posts\/8601\/revisions"}],"predecessor-version":[{"id":8603,"href":"https:\/\/fedai.az\/index.php?rest_route=\/wp\/v2\/posts\/8601\/revisions\/8603"}],"wp:attachment":[{"href":"https:\/\/fedai.az\/index.php?rest_route=%2Fwp%2Fv2%2Fmedia&parent=8601"}],"wp:term":[{"taxonomy":"category","embeddable":true,"href":"https:\/\/fedai.az\/index.php?rest_route=%2Fwp%2Fv2%2Fcategories&post=8601"},{"taxonomy":"post_tag","embeddable":true,"href":"https:\/\/fedai.az\/index.php?rest_route=%2Fwp%2Fv2%2Ftags&post=8601"}],"curies":[{"name":"wp","href":"https:\/\/api.w.org\/{rel}","templated":true}]}}