{"id":8605,"date":"2020-06-26T13:08:23","date_gmt":"2020-06-26T09:08:23","guid":{"rendered":"http:\/\/fedai.az\/?p=8605"},"modified":"2020-06-26T13:08:28","modified_gmt":"2020-06-26T09:08:28","slug":"erm%c9%99nil%c9%99r-isgal-altinda-olan-az%c9%99rbaycan-torpaqlarinda-h%c9%99rbi-t%c9%99lim-kecirl%c9%99r","status":"publish","type":"post","link":"https:\/\/fedai.az\/?p=8605","title":{"rendered":"Erm\u0259nil\u0259r i\u015f\u011fal alt\u0131nda olan Az\u0259rbaycan torpaqlar\u0131nda h\u0259rbi t\u0259lim ke\u00e7irl\u0259r"},"content":{"rendered":"\n<p><strong>Erm\u0259nistan Silahl\u0131 Q\u00fcvv\u0259l\u0259rinin b\u00f6lm\u0259l\u0259ri i\u015f\u011fal alt\u0131nda olan Az\u0259rbaycan torpaqlar\u0131nda n\u00f6vb\u0259ti d\u0259f\u0259 h\u0259rbi t\u0259liml\u0259r\u0259 ba\u015flay\u0131b.\u00a0<\/strong><\/p>\n\n\n\n<p><br>APA-n\u0131n x\u0259b\u0259rin\u0259 g\u00f6r\u0259, erm\u0259nil\u0259r bu d\u0259f\u0259 d\u0259 A\u011fdam\u0131n Uzund\u0259r\u0259 adlanan \u0259razisind\u0259 c\u0259ml\u0259\u015fib. \u0130\u015f\u011fal\u00e7\u0131 ordunun h\u0259rb\u00e7il\u0259ri t\u0259liml\u0259r\u0259 bu g\u00fcn saat 11:00 rad\u0259l\u0259rind\u0259 ba\u015flay\u0131b. Uzund\u0259r\u0259d\u0259 qura\u015fd\u0131r\u0131lan a\u011f\u0131r artilleriya qur\u011fular\u0131ndan \u00e7\u0131xan m\u0259rmil\u0259r \u015eahbulaq y\u00fcks\u0259kliyinin \u0259traf\u0131ndak\u0131 da\u011f massivin\u0259 d\u00fc\u015f\u00fcr. M\u0259rmil\u0259r h\u0259d\u0259f\u0259 d\u0259y\u0259rk\u0259n \u00e7\u0131xan partlay\u0131\u015f s\u0259sl\u0259ri c\u0259bh\u0259yan\u0131 ya\u015fay\u0131\u015f m\u0259nt\u0259q\u0259l\u0259rind\u0259n e\u015fidilir.<\/p>\n","protected":false},"excerpt":{"rendered":"<p>Erm\u0259nistan Silahl\u0131 Q\u00fcvv\u0259l\u0259rinin b\u00f6lm\u0259l\u0259ri i\u015f\u011fal alt\u0131nda olan Az\u0259rbaycan torpaqlar\u0131nda n\u00f6vb\u0259ti d\u0259f\u0259 h\u0259rbi t\u0259liml\u0259r\u0259 ba\u015flay\u0131b.\u00a0 APA-n\u0131n x\u0259b\u0259rin\u0259 g\u00f6r\u0259, erm\u0259nil\u0259r bu d\u0259f\u0259 d\u0259 A\u011fdam\u0131n Uzund\u0259r\u0259 adlanan<\/p>\n","protected":false},"author":2,"featured_media":8606,"comment_status":"closed","ping_status":"closed","sticky":false,"template":"","format":"standard","meta":{"footnotes":""},"categories":[4],"tags":[],"class_list":["post-8605","post","type-post","status-publish","format-standard","has-post-thumbnail","hentry","category-qarabag"],"aioseo_notices":[],"_links":{"self":[{"href":"https:\/\/fedai.az\/index.php?rest_route=\/wp\/v2\/posts\/8605","targetHints":{"allow":["GET"]}}],"collection":[{"href":"https:\/\/fedai.az\/index.php?rest_route=\/wp\/v2\/posts"}],"about":[{"href":"https:\/\/fedai.az\/index.php?rest_route=\/wp\/v2\/types\/post"}],"author":[{"embeddable":true,"href":"https:\/\/fedai.az\/index.php?rest_route=\/wp\/v2\/users\/2"}],"replies":[{"embeddable":true,"href":"https:\/\/fedai.az\/index.php?rest_route=%2Fwp%2Fv2%2Fcomments&post=8605"}],"version-history":[{"count":1,"href":"https:\/\/fedai.az\/index.php?rest_route=\/wp\/v2\/posts\/8605\/revisions"}],"predecessor-version":[{"id":8607,"href":"https:\/\/fedai.az\/index.php?rest_route=\/wp\/v2\/posts\/8605\/revisions\/8607"}],"wp:featuredmedia":[{"embeddable":true,"href":"https:\/\/fedai.az\/index.php?rest_route=\/wp\/v2\/media\/8606"}],"wp:attachment":[{"href":"https:\/\/fedai.az\/index.php?rest_route=%2Fwp%2Fv2%2Fmedia&parent=8605"}],"wp:term":[{"taxonomy":"category","embeddable":true,"href":"https:\/\/fedai.az\/index.php?rest_route=%2Fwp%2Fv2%2Fcategories&post=8605"},{"taxonomy":"post_tag","embeddable":true,"href":"https:\/\/fedai.az\/index.php?rest_route=%2Fwp%2Fv2%2Ftags&post=8605"}],"curies":[{"name":"wp","href":"https:\/\/api.w.org\/{rel}","templated":true}]}}