{"id":8608,"date":"2020-06-26T14:25:58","date_gmt":"2020-06-26T10:25:58","guid":{"rendered":"http:\/\/fedai.az\/?p=8608"},"modified":"2020-06-26T14:26:06","modified_gmt":"2020-06-26T10:26:06","slug":"bil%c9%99suvarli-veteranlar-s%c9%99hidl%c9%99rimizi-yad-etdil%c9%99r","status":"publish","type":"post","link":"https:\/\/fedai.az\/?p=8608","title":{"rendered":"Bil\u0259suvarl\u0131 veteranlar \u015f\u0259hidl\u0259rimizi yad etdil\u0259r"},"content":{"rendered":"\n<p>\u0130lk d\u0259f\u0259 Az\u0259rbaycan Respublikas\u0131 Prezidentinin 1992-ci il 18 sentyabr tarixli f\u0259rman\u0131 il\u0259 t\u0259sis edilmi\u015f v\u0259 1991-ci ild\u0259 Az\u0259rbaycan\u0131n d\u00f6vl\u0259t m\u00fcst\u0259qilliyinin b\u0259rpas\u0131ndan sonra Az\u0259rbaycan ordusunun yarad\u0131lmas\u0131 bar\u0259d\u0259 Az\u0259rbaycan Ali Sovetinin q\u0259rar\u0131n\u0131n q\u0259bul edildiyi tarix \u2013 9 oktyabr, Az\u0259rbaycan Respublikas\u0131 Silahl\u0131 Q\u00fcvv\u0259l\u0259ri g\u00fcn\u00fc elan edilmi\u015fdir. Az\u0259rbaycan Respublikas\u0131 Prezidentinin 22 may 1998-ci il tarixli F\u0259rman\u0131na \u0259sas\u0259n h\u0259min f\u0259rman q\u00fcvv\u0259d\u0259n d\u00fc\u015f\u00fcr\u00fclm\u00fc\u015f v\u0259 26 iyun tarixi Az\u0259rbaycan Respublikas\u0131 Silahl\u0131 Q\u00fcvv\u0259l\u0259ri g\u00fcn\u00fc elan edilmi\u015fdir.<\/p>\n\n\n\n<p><strong>AVMV\u0130B Bil\u0259suvar rayon \u015f\u00f6b\u0259sinin s\u0259dri Qurban Qurbanovun verdiyi m\u0259lumata g\u00f6r\u0259, Bil\u0259suvar rayonundan olan m\u00fcharib\u0259 veteranlar\u0131 \u0259n\u0259n\u0259vi olaraq \u015f\u0259hidl\u0259rin m\u0259zarlar\u0131n\u0131 ziyar\u0259t ed\u0259r\u0259k, g\u00fcl qoyublar.<\/strong><\/p>\n\n\n\n<p>B\u00f6lg\u0259 veteranlar\u0131n\u0131 Ordu G\u00fcn\u00fc m\u00fcnasib\u0259tiyl\u0259 t\u0259brik edirik. <\/p>\n\n\n\n<p><strong>Nurlan M\u0259mm\u0259dli<\/strong><\/p>\n\n\n\n<figure class=\"wp-block-image\"><img decoding=\"async\" src=\"https:\/\/scontent.fgyd4-2.fna.fbcdn.net\/v\/t1.0-9\/106359854_1667413673406201_5084552890650041571_n.jpg?_nc_cat=107&amp;_nc_sid=8024bb&amp;_nc_ohc=Oc84iCoY3G4AX9JKL6W&amp;_nc_ht=scontent.fgyd4-2.fna&amp;oh=f56262227355df7affb7a779a83b137c&amp;oe=5F1C282D\" alt=\"\"\/><\/figure>\n\n\n\n<figure class=\"wp-block-image\"><img decoding=\"async\" src=\"https:\/\/scontent.fgyd4-2.fna.fbcdn.net\/v\/t1.15752-9\/106064813_281387082917248_2888521363394327756_n.jpg?_nc_cat=105&amp;_nc_sid=b96e70&amp;_nc_ohc=mkON2E0z8dwAX9Qw64o&amp;_nc_ht=scontent.fgyd4-2.fna&amp;oh=2f29b73958dddaa8e9ea22d2a4a9a8a2&amp;oe=5F1985C6\" alt=\"\"\/><\/figure>\n\n\n\n<figure class=\"wp-block-image\"><img decoding=\"async\" src=\"https:\/\/scontent.fgyd4-2.fna.fbcdn.net\/v\/t1.15752-9\/83516525_268094937943798_8154536414853791814_n.jpg?_nc_cat=107&amp;_nc_sid=b96e70&amp;_nc_ohc=ZvMc0zQ4lroAX9MT1jL&amp;_nc_ht=scontent.fgyd4-2.fna&amp;oh=2ed2365d3ca4cd352cd7f07ddd609477&amp;oe=5F1B3428\" alt=\"\"\/><\/figure>\n","protected":false},"excerpt":{"rendered":"<p>\u0130lk d\u0259f\u0259 Az\u0259rbaycan Respublikas\u0131 Prezidentinin 1992-ci il 18 sentyabr tarixli f\u0259rman\u0131 il\u0259 t\u0259sis edilmi\u015f v\u0259 1991-ci ild\u0259 Az\u0259rbaycan\u0131n d\u00f6vl\u0259t m\u00fcst\u0259qilliyinin b\u0259rpas\u0131ndan sonra Az\u0259rbaycan ordusunun<\/p>\n","protected":false},"author":2,"featured_media":8609,"comment_status":"closed","ping_status":"closed","sticky":false,"template":"","format":"standard","meta":{"footnotes":""},"categories":[5],"tags":[],"class_list":["post-8608","post","type-post","status-publish","format-standard","has-post-thumbnail","hentry","category-veteran"],"aioseo_notices":[],"_links":{"self":[{"href":"https:\/\/fedai.az\/index.php?rest_route=\/wp\/v2\/posts\/8608","targetHints":{"allow":["GET"]}}],"collection":[{"href":"https:\/\/fedai.az\/index.php?rest_route=\/wp\/v2\/posts"}],"about":[{"href":"https:\/\/fedai.az\/index.php?rest_route=\/wp\/v2\/types\/post"}],"author":[{"embeddable":true,"href":"https:\/\/fedai.az\/index.php?rest_route=\/wp\/v2\/users\/2"}],"replies":[{"embeddable":true,"href":"https:\/\/fedai.az\/index.php?rest_route=%2Fwp%2Fv2%2Fcomments&post=8608"}],"version-history":[{"count":1,"href":"https:\/\/fedai.az\/index.php?rest_route=\/wp\/v2\/posts\/8608\/revisions"}],"predecessor-version":[{"id":8610,"href":"https:\/\/fedai.az\/index.php?rest_route=\/wp\/v2\/posts\/8608\/revisions\/8610"}],"wp:featuredmedia":[{"embeddable":true,"href":"https:\/\/fedai.az\/index.php?rest_route=\/wp\/v2\/media\/8609"}],"wp:attachment":[{"href":"https:\/\/fedai.az\/index.php?rest_route=%2Fwp%2Fv2%2Fmedia&parent=8608"}],"wp:term":[{"taxonomy":"category","embeddable":true,"href":"https:\/\/fedai.az\/index.php?rest_route=%2Fwp%2Fv2%2Fcategories&post=8608"},{"taxonomy":"post_tag","embeddable":true,"href":"https:\/\/fedai.az\/index.php?rest_route=%2Fwp%2Fv2%2Ftags&post=8608"}],"curies":[{"name":"wp","href":"https:\/\/api.w.org\/{rel}","templated":true}]}}