{"id":8612,"date":"2020-06-26T14:53:23","date_gmt":"2020-06-26T10:53:23","guid":{"rendered":"http:\/\/fedai.az\/?p=8612"},"modified":"2020-06-26T14:54:24","modified_gmt":"2020-06-26T10:54:24","slug":"avmvib-balak%c9%99n-rayon-sob%c9%99sind%c9%99","status":"publish","type":"post","link":"https:\/\/fedai.az\/?p=8612","title":{"rendered":"AVMV\u0130B Balak\u0259n rayon \u015f\u00f6b\u0259sind\u0259"},"content":{"rendered":"\n<p><strong>Az\u0259rbaycan Ordusunun 102 ya\u015f\u0131 tamam olur.<\/strong><\/p>\n\n\n\n<p>1918-ci il iyunun 26-da Az\u0259rbaycan Xalq C\u00fcmhuriyy\u0259tinin q\u0259rar\u0131 il\u0259 ilk m\u00fcnt\u0259z\u0259m h\u0259rbi hiss\u0259 \u2014 \u018flahidd\u0259 korpus yarand\u0131. Bu q\u0259rar \u015e\u0259rqin m\u00fcs\u0259lman al\u0259mind\u0259 ilk demokratik h\u00f6k\u00fcm\u0259tin \u00f6z ordusunun yaratmas\u0131na h\u00fcquqi \u0259sas verdi.<\/p>\n\n\n\n<p>Bunun ard\u0131nca \u00f6lk\u0259d\u0259 h\u0259rbi m\u00fck\u0259ll\u0259fiyy\u0259t \u2014 orduya \u00e7a\u011f\u0131r\u0131\u015f haqq\u0131nda h\u00f6kum\u0259t t\u0259r\u0259find\u0259n f\u0259rman verildi. Az bir vaxt \u0259rzind\u0259 Az\u0259rbaycanda milli ordu quruculu\u011funda \u0259sasl\u0131 n\u0259tic\u0259l\u0259r \u0259ld\u0259 olundu.<\/p>\n\n\n\n<p>1991-ci il oktyabr\u0131n 9-da Ordunun yaranmas\u0131 haqq\u0131nda Az\u0259rbaycan Respublikas\u0131n\u0131n Ali Soveti qanun q\u0259bul etdi.<\/p>\n\n\n\n<p>Az\u0259rbaycan prezidentinin 22 may 1998-ci il tarixli q\u0259rar\u0131na \u0259sas\u0259n 26 iyun \u2013 Silahl\u0131 Q\u00fcvv\u0259l\u0259r g\u00fcn\u00fc elan edilmi\u015fdir v\u0259 h\u0259r il Az\u0259rbaycan xalq\u0131 bu g\u00fcn\u00fc bayram edir.<\/p>\n\n\n\n<p><strong>AVMV\u0130B rayon \u015f\u00f6b\u0259l\u0259ri h\u0259r il bu g\u00fcn\u00fc co\u015fquyla qar\u015f\u0131lay\u0131rlar. AVMV\u0130B Balak\u0259n rayon \u015f\u00f6b\u0259sinin s\u0259dri Ayd\u0131n Abdullayev 2<\/strong>6 iyun Silahl\u0131 Q\u00fcvv\u0259l\u0259r G\u00fcn\u00fc m\u00fcnasib\u0259tiyl\u0259 \u0130ctimai Birliy\u0259 g\u00f6st\u0259rdikl\u0259ri k\u00f6m\u0259y\u0259 v\u0259 diqq\u0259t\u0259 g\u00f6r\u0259 Balak\u0259n rayon \u0130cra Hakimiyy\u0259tinin humanitar m\u0259s\u0259l\u0259l\u0259ri \u00fczr\u0259 m\u00fcavini N\u0259zak\u0259t R\u00fcst\u0259movaya, \u0130H sosial m\u0259s\u0259l\u0259l\u0259r \u00fczr\u0259 m\u00fcavin Mehpar\u0259 Nuriyevaya, rayon \u0130cra Hakimiyy\u0259ti Ba\u015f\u00e7\u0131s\u0131n\u0131n m\u00fcavini Azad Balayev\u0259 v\u0259 rayon \u0130cra Hakimiyy\u0259ti ictimai-siyasi, humanitar m\u0259s\u0259l\u0259l\u0259r \u015f\u00f6b\u0259si m\u00fcdirinin m\u00fcavini Fariz N\u0259c\u0259fova F\u0259xri F\u0259rmanlar t\u0259qdim etdi.<\/p>\n\n\n\n<p>Az\u0259rbaycan V\u0259t\u0259n M\u00fcharib\u0259si Veteranlar\u0131 \u0130ctimai Birliyi Balak\u0259n rayon \u015f\u00f6b\u0259sinin s\u0259dri Ayd\u0131n Abdullayev, t\u0259ltif olunanlar\u0131 Ordu G\u00fcn\u00fc m\u00fcnasib\u0259tiyl\u0259 t\u0259brik etdi.<\/p>\n\n\n\n<p><strong>E. S\u0259lim<\/strong><\/p>\n\n\n\n<figure class=\"wp-block-image\"><img decoding=\"async\" src=\"https:\/\/scontent.fgyd4-2.fna.fbcdn.net\/v\/t1.15752-9\/105606050_2944061819213227_7645232819611857823_n.jpg?_nc_cat=109&amp;_nc_sid=b96e70&amp;_nc_ohc=zCmiyXUuHuAAX_Gl5d6&amp;_nc_ht=scontent.fgyd4-2.fna&amp;oh=770505f270ddc0005b5800533b96f485&amp;oe=5F1C470F\" alt=\"\"\/><\/figure>\n\n\n\n<figure class=\"wp-block-image\"><img decoding=\"async\" src=\"https:\/\/scontent.fgyd4-2.fna.fbcdn.net\/v\/t1.15752-9\/105995809_765627954263611_4085220786919365075_n.jpg?_nc_cat=111&amp;_nc_sid=b96e70&amp;_nc_ohc=caIjufb9YBAAX9_M3iM&amp;_nc_ht=scontent.fgyd4-2.fna&amp;oh=222b8563b20bf5caff4900b84264691a&amp;oe=5F1B22E5\" alt=\"\"\/><\/figure>\n\n\n\n<figure class=\"wp-block-image\"><img decoding=\"async\" src=\"https:\/\/scontent.fgyd4-2.fna.fbcdn.net\/v\/t1.15752-9\/105706754_860597287764412_2917505525967615592_n.jpg?_nc_cat=108&amp;_nc_sid=b96e70&amp;_nc_ohc=4DVQRYegqKkAX-PBt9r&amp;_nc_ht=scontent.fgyd4-2.fna&amp;oh=fcc9ccb01f37704ccc669b2d42e57446&amp;oe=5F198E33\" alt=\"\"\/><\/figure>\n\n\n\n<figure class=\"wp-block-image\"><img decoding=\"async\" src=\"https:\/\/scontent.fgyd4-2.fna.fbcdn.net\/v\/t1.15752-9\/105973285_912258485921507_5626208690004376029_n.jpg?_nc_cat=108&amp;_nc_sid=b96e70&amp;_nc_ohc=U8pvHAzdma0AX8Qxite&amp;_nc_ht=scontent.fgyd4-2.fna&amp;oh=8b0a7f2ff5d5cb95426268121d5042ee&amp;oe=5F1AA0D1\" alt=\"\"\/><\/figure>\n","protected":false},"excerpt":{"rendered":"<p>Az\u0259rbaycan Ordusunun 102 ya\u015f\u0131 tamam olur. 1918-ci il iyunun 26-da Az\u0259rbaycan Xalq C\u00fcmhuriyy\u0259tinin q\u0259rar\u0131 il\u0259 ilk m\u00fcnt\u0259z\u0259m h\u0259rbi hiss\u0259 \u2014 \u018flahidd\u0259 korpus yarand\u0131. Bu<\/p>\n","protected":false},"author":2,"featured_media":0,"comment_status":"closed","ping_status":"closed","sticky":false,"template":"","format":"standard","meta":{"footnotes":""},"categories":[5],"tags":[],"class_list":["post-8612","post","type-post","status-publish","format-standard","hentry","category-veteran"],"aioseo_notices":[],"_links":{"self":[{"href":"https:\/\/fedai.az\/index.php?rest_route=\/wp\/v2\/posts\/8612","targetHints":{"allow":["GET"]}}],"collection":[{"href":"https:\/\/fedai.az\/index.php?rest_route=\/wp\/v2\/posts"}],"about":[{"href":"https:\/\/fedai.az\/index.php?rest_route=\/wp\/v2\/types\/post"}],"author":[{"embeddable":true,"href":"https:\/\/fedai.az\/index.php?rest_route=\/wp\/v2\/users\/2"}],"replies":[{"embeddable":true,"href":"https:\/\/fedai.az\/index.php?rest_route=%2Fwp%2Fv2%2Fcomments&post=8612"}],"version-history":[{"count":2,"href":"https:\/\/fedai.az\/index.php?rest_route=\/wp\/v2\/posts\/8612\/revisions"}],"predecessor-version":[{"id":8615,"href":"https:\/\/fedai.az\/index.php?rest_route=\/wp\/v2\/posts\/8612\/revisions\/8615"}],"wp:attachment":[{"href":"https:\/\/fedai.az\/index.php?rest_route=%2Fwp%2Fv2%2Fmedia&parent=8612"}],"wp:term":[{"taxonomy":"category","embeddable":true,"href":"https:\/\/fedai.az\/index.php?rest_route=%2Fwp%2Fv2%2Fcategories&post=8612"},{"taxonomy":"post_tag","embeddable":true,"href":"https:\/\/fedai.az\/index.php?rest_route=%2Fwp%2Fv2%2Ftags&post=8612"}],"curies":[{"name":"wp","href":"https:\/\/api.w.org\/{rel}","templated":true}]}}