{"id":8618,"date":"2020-06-27T00:16:09","date_gmt":"2020-06-26T20:16:09","guid":{"rendered":"http:\/\/fedai.az\/?p=8618"},"modified":"2020-06-27T00:16:13","modified_gmt":"2020-06-26T20:16:13","slug":"az%c9%99rbaycani-h%c9%99d%c9%99f-alan-h%c9%99rbi-t%c9%99liml%c9%99r-davam-edir","status":"publish","type":"post","link":"https:\/\/fedai.az\/?p=8618","title":{"rendered":"Az\u0259rbaycan\u0131 h\u0259d\u0259f alan h\u0259rbi t\u0259liml\u0259r davam edir"},"content":{"rendered":"\n<p><strong>\u0130\u015f\u011fal alt\u0131nda olan A\u011fdam rayonu Uzund\u0259r\u0259 \u0259razisind\u0259 ke\u00e7iril\u0259n h\u0259rbi t\u0259liml\u0259rd\u0259 d\u00fc\u015fm\u0259nl\u0259r h\u0259d\u0259f Az\u0259rbaycan olmas\u0131n\u0131 Az\u0259rbaycan bayra\u011f\u0131 il\u0259 i\u015far\u0259l\u0259yibl\u0259r.<\/strong><\/p>\n\n\n\n<p>Onlarla zirehli texnika, artilleriya qur\u011fular\u0131 v\u0259 x\u00fcsusi t\u0259yinatl\u0131 q\u00fcvv\u0259l\u0259rin i\u015ftirak\u0131 il\u0259 apar\u0131lan t\u0259liml\u0259r zaman\u0131 h\u0259rb\u00e7il\u0259rd\u0259n biri Az\u0259rbaycan bayra\u011f\u0131n\u0131 yer\u0259 at\u0131r.<\/p>\n\n\n\n<p>T\u0259liml\u0259ri Qaraba\u011f separat\u00e7\u0131lar\u0131n\u0131n yeni lideri Araik Arutunyan, Erm\u0259nistan\u0131n Ba\u015f Q\u0259rargah r\u0259isi, general-leytenant Onik Qasparyan v\u0259 s. \u015f\u0259xsl\u0259r izl\u0259yib. T\u0259liml\u0259rin Az\u0259rbaycan Milli Ordu G\u00fcn\u00fcn\u00fcn qeyd edildiyi vaxtda t\u0259yin olunmas\u0131 da Erm\u0259nistan r\u0259hb\u0259rliyinin bu tarixi t\u0259sad\u00fcf\u0259n se\u00e7m\u0259diyin\u0259 i\u015far\u0259dir.<\/p>\n\n\n\n<p><strong>\u018fn az\u0131 bu \u0259m\u0259lin\u0259 g\u00f6r\u0259, Az\u0259rbaycan v\u0259t\u0259nda\u015f\u0131 olan separat\u00e7\u0131lar\u0131n\u0131n yeni lideri Araik Arutunyan bar\u0259sind\u0259 cinay\u0259t i\u015fi qald\u0131rmaq olar.<\/strong><\/p>\n\n\n\n<figure class=\"wp-block-image\"><img decoding=\"async\" src=\"https:\/\/konkret.az\/cloud\/uploads\/2020\/06\/modern.az_BAY_686-768x403.jpg\" alt=\"Erm\u0259nil\u0259r Qaraba\u011fda t\u0259liml\u0259r zaman\u0131 Az\u0259rbaycan bayra\u011f\u0131n\u0131 h\u0259d\u0259f ald\u0131 \u2013 V\u0130DEO\"\/><\/figure>\n\n\n\n<figure class=\"wp-block-embed-youtube wp-block-embed is-type-video is-provider-youtube wp-embed-aspect-16-9 wp-has-aspect-ratio\"><div class=\"wp-block-embed__wrapper\">\n<iframe loading=\"lazy\" title=\"\u0412 \u0410\u0440\u0446\u0430\u0445\u0435 \u0430\u0440\u043c\u044f\u043d\u0441\u043a\u0438\u0435 \u0432\u043e\u0439\u0441\u043a\u0430 \u043f\u0440\u043e\u0432\u0435\u043b\u0438 \u0432\u043e\u0435\u043d\u043d\u044b\u0435 \u0443\u0447\u0435\u043d\u0438\u044f\" width=\"715\" height=\"402\" src=\"https:\/\/www.youtube.com\/embed\/OGDdNcXf-8M?feature=oembed\" frameborder=\"0\" allow=\"accelerometer; autoplay; encrypted-media; gyroscope; picture-in-picture\" allowfullscreen><\/iframe>\n<\/div><\/figure>\n","protected":false},"excerpt":{"rendered":"<p>\u0130\u015f\u011fal alt\u0131nda olan A\u011fdam rayonu Uzund\u0259r\u0259 \u0259razisind\u0259 ke\u00e7iril\u0259n h\u0259rbi t\u0259liml\u0259rd\u0259 d\u00fc\u015fm\u0259nl\u0259r h\u0259d\u0259f Az\u0259rbaycan olmas\u0131n\u0131 Az\u0259rbaycan bayra\u011f\u0131 il\u0259 i\u015far\u0259l\u0259yibl\u0259r. Onlarla zirehli texnika, artilleriya qur\u011fular\u0131 v\u0259<\/p>\n","protected":false},"author":2,"featured_media":8620,"comment_status":"closed","ping_status":"closed","sticky":false,"template":"","format":"standard","meta":{"footnotes":""},"categories":[4],"tags":[],"class_list":["post-8618","post","type-post","status-publish","format-standard","has-post-thumbnail","hentry","category-qarabag"],"aioseo_notices":[],"_links":{"self":[{"href":"https:\/\/fedai.az\/index.php?rest_route=\/wp\/v2\/posts\/8618","targetHints":{"allow":["GET"]}}],"collection":[{"href":"https:\/\/fedai.az\/index.php?rest_route=\/wp\/v2\/posts"}],"about":[{"href":"https:\/\/fedai.az\/index.php?rest_route=\/wp\/v2\/types\/post"}],"author":[{"embeddable":true,"href":"https:\/\/fedai.az\/index.php?rest_route=\/wp\/v2\/users\/2"}],"replies":[{"embeddable":true,"href":"https:\/\/fedai.az\/index.php?rest_route=%2Fwp%2Fv2%2Fcomments&post=8618"}],"version-history":[{"count":1,"href":"https:\/\/fedai.az\/index.php?rest_route=\/wp\/v2\/posts\/8618\/revisions"}],"predecessor-version":[{"id":8621,"href":"https:\/\/fedai.az\/index.php?rest_route=\/wp\/v2\/posts\/8618\/revisions\/8621"}],"wp:featuredmedia":[{"embeddable":true,"href":"https:\/\/fedai.az\/index.php?rest_route=\/wp\/v2\/media\/8620"}],"wp:attachment":[{"href":"https:\/\/fedai.az\/index.php?rest_route=%2Fwp%2Fv2%2Fmedia&parent=8618"}],"wp:term":[{"taxonomy":"category","embeddable":true,"href":"https:\/\/fedai.az\/index.php?rest_route=%2Fwp%2Fv2%2Fcategories&post=8618"},{"taxonomy":"post_tag","embeddable":true,"href":"https:\/\/fedai.az\/index.php?rest_route=%2Fwp%2Fv2%2Ftags&post=8618"}],"curies":[{"name":"wp","href":"https:\/\/api.w.org\/{rel}","templated":true}]}}