{"id":86201,"date":"2022-11-16T01:59:52","date_gmt":"2022-11-15T21:59:52","guid":{"rendered":"https:\/\/fedai.az\/?p=86201"},"modified":"2022-11-16T01:59:54","modified_gmt":"2022-11-15T21:59:54","slug":"imisli-rayonunda-s%c9%99hidin-movludu-qeyd-olunub","status":"publish","type":"post","link":"https:\/\/fedai.az\/?p=86201","title":{"rendered":"\u0130mi\u015fli rayonunda \u015f\u0259hidin m\u00f6vludu qeyd olunub"},"content":{"rendered":"\n<p><strong>Az\u0259rbaycan V\u0259t\u0259n M\u00fcharib\u0259si Veteranlar\u0131 \u0130ctimai Birliyi (AVMV\u0130B) \u0130mi\u015fli rayon \u015f\u00f6b\u0259sinin \u00fczv\u00fc olan m\u00fcharib\u0259 veteranlar\u0131 \u015f\u0259hid Sabir Hikm\u0259t o\u011flu \u018fzizlinin m\u00f6vlud g\u00fcn\u00fcnd\u0259 i\u015ftirak edibl\u0259r.<\/strong><\/p>\n\n\n\n<p>Bu bar\u0259d\u0259 Az\u0259rbaycan V\u0259t\u0259n M\u00fcharib\u0259si Veteranlar\u0131 \u0130ctimai Birliyi (AVMV\u0130B) \u0130mi\u015fli rayon \u015f\u00f6b\u0259si s\u0259drinin m\u00fcavini El\u00e7in Zeynalov m\u0259lumat verib.<\/p>\n\n\n\n<p>Bildirib ki, Az\u0259rbaycan V\u0259t\u0259n M\u00fcharib\u0259si Veteranlar\u0131 \u0130ctimai Birliyi (AVMV\u0130B) \u0130mi\u015fli rayon \u015f\u00f6b\u0259sinin s\u0259dri Taleh Tapd\u0131qov \u015f\u0259hidin valideynl\u0259rin\u0259 m\u00fcharib\u0259 veteranlar\u0131 ad\u0131ndan ba\u015fsa\u011fl\u0131\u011f\u0131 verib v\u0259 m\u00fcharib\u0259 veteranlar\u0131n\u0131n daim \u015f\u0259hid ail\u0259l\u0259rinin yan\u0131nda olduqlar\u0131n\u0131 bildirib.<\/p>\n\n\n\n<p><strong>Allah \u015f\u0259hidl\u0259rimiz\u0259 r\u0259hm\u0259t el\u0259sin!<\/strong><\/p>\n\n\n\n<p><strong>El\u00e7in Q\u0259dirov<br>Qaraba\u011f \u00fczr\u0259 x\u00fcsusi m\u00fcxbir<\/strong><\/p>\n","protected":false},"excerpt":{"rendered":"<p>Az\u0259rbaycan V\u0259t\u0259n M\u00fcharib\u0259si Veteranlar\u0131 \u0130ctimai Birliyi (AVMV\u0130B) \u0130mi\u015fli rayon \u015f\u00f6b\u0259sinin \u00fczv\u00fc olan m\u00fcharib\u0259 veteranlar\u0131 \u015f\u0259hid Sabir Hikm\u0259t o\u011flu \u018fzizlinin m\u00f6vlud g\u00fcn\u00fcnd\u0259 i\u015ftirak edibl\u0259r. Bu<\/p>\n","protected":false},"author":2,"featured_media":86203,"comment_status":"closed","ping_status":"closed","sticky":false,"template":"","format":"standard","meta":{"footnotes":""},"categories":[5],"tags":[],"class_list":["post-86201","post","type-post","status-publish","format-standard","has-post-thumbnail","hentry","category-veteran"],"aioseo_notices":[],"_links":{"self":[{"href":"https:\/\/fedai.az\/index.php?rest_route=\/wp\/v2\/posts\/86201","targetHints":{"allow":["GET"]}}],"collection":[{"href":"https:\/\/fedai.az\/index.php?rest_route=\/wp\/v2\/posts"}],"about":[{"href":"https:\/\/fedai.az\/index.php?rest_route=\/wp\/v2\/types\/post"}],"author":[{"embeddable":true,"href":"https:\/\/fedai.az\/index.php?rest_route=\/wp\/v2\/users\/2"}],"replies":[{"embeddable":true,"href":"https:\/\/fedai.az\/index.php?rest_route=%2Fwp%2Fv2%2Fcomments&post=86201"}],"version-history":[{"count":1,"href":"https:\/\/fedai.az\/index.php?rest_route=\/wp\/v2\/posts\/86201\/revisions"}],"predecessor-version":[{"id":86204,"href":"https:\/\/fedai.az\/index.php?rest_route=\/wp\/v2\/posts\/86201\/revisions\/86204"}],"wp:featuredmedia":[{"embeddable":true,"href":"https:\/\/fedai.az\/index.php?rest_route=\/wp\/v2\/media\/86203"}],"wp:attachment":[{"href":"https:\/\/fedai.az\/index.php?rest_route=%2Fwp%2Fv2%2Fmedia&parent=86201"}],"wp:term":[{"taxonomy":"category","embeddable":true,"href":"https:\/\/fedai.az\/index.php?rest_route=%2Fwp%2Fv2%2Fcategories&post=86201"},{"taxonomy":"post_tag","embeddable":true,"href":"https:\/\/fedai.az\/index.php?rest_route=%2Fwp%2Fv2%2Ftags&post=86201"}],"curies":[{"name":"wp","href":"https:\/\/api.w.org\/{rel}","templated":true}]}}