{"id":86207,"date":"2022-11-16T02:31:52","date_gmt":"2022-11-15T22:31:52","guid":{"rendered":"https:\/\/fedai.az\/?p=86207"},"modified":"2022-11-16T02:35:15","modified_gmt":"2022-11-15T22:35:15","slug":"dusm%c9%99n-n%c9%99-dusunur-t%c9%99hluk%c9%99sizlik-v%c9%99-g%c9%99l%c9%99c%c9%99k","status":"publish","type":"post","link":"https:\/\/fedai.az\/?p=86207","title":{"rendered":"D\u00fc\u015fm\u0259n n\u0259 d\u00fc\u015f\u00fcn\u00fcr: T\u0259hl\u00fck\u0259sizlik v\u0259 g\u0259l\u0259c\u0259k?"},"content":{"rendered":"\n<p><strong><mark style=\"background-color:rgba(0, 0, 0, 0)\" class=\"has-inline-color has-vivid-red-color\">Fedai.az Ara\u015fd\u0131rma Qrupu:<\/mark><em><mark style=\"background-color:rgba(0, 0, 0, 0)\" class=\"has-inline-color has-vivid-red-color\"> <\/mark>H\u0259rd\u0259n d\u00fc\u015f\u00fcn\u00fcr\u0259m ki, ola bilm\u0259z ki, bir mill\u0259t toplum olaraq axmaq olsun. Amma erm\u0259nil\u0259rin \u0259n a\u011f\u0131ll\u0131 adam\u0131n\u0131 dinl\u0259y\u0259nd\u0259 bel\u0259 bir axmaql\u0131\u011f\u0131n da\u015f\u0131y\u0131c\u0131s\u0131 olmas\u0131na heyr\u0259t edirs\u0259n. A\u011f\u0131ll\u0131 erm\u0259ni bu g\u00fcn Qaraba\u011fda qalmamal\u0131d\u0131r. Onlar \u00f6z ya\u015fam limitini x\u0259yan\u0259tl\u0259riyl\u0259 bitirdil\u0259r. Hay bo\u015f qara\u00e7\u0131lar\u0131 unutdu\u011fu bir m\u0259qam var. Erm\u0259ni xalq\u0131 d\u00f6vl\u0259t qurmaq \u00fc\u00e7\u00fcn material deyil. Tarixin b\u00fct\u00fcn d\u00f6vrl\u0259rind\u0259 bunlar plasdarm n\u00f6k\u0259rl\u0259ri olublar v\u0259 ist\u0259s\u0259l\u0259r d\u0259 bu xisl\u0259td\u0259n qurtula bilm\u0259zl\u0259r. Qara\u00e7\u0131 \u0259xlaq\u0131n\u0131 t\u0259rk ed\u0259 bilm\u0259yibl\u0259r v\u0259 taborun 100 il bir regionda qalmas\u0131 m\u00fcmk\u00fcn deyil. Bu bir qara\u00e7\u0131 ad\u0259tidir. D\u00fc\u015fd\u00fckl\u0259ri \u0259razini talad\u0131qdan sonra daha toxunulmaz \u0259razil\u0259rin axtar\u0131\u015f\u0131 ba\u015flan\u0131r. Krasnodartsax n\u00f6vb\u0259ti d\u00fc\u015f\u0259rg\u0259 yeri ola bil\u0259r. Erm\u0259nil\u0259r Armaviri ikinci paytaxt kimi g\u00f6r\u00fcrl\u0259r. Hay bo\u015flar\u0131n d\u00f6vl\u0259t\u00e7i xalq olmamas\u0131 onlar\u0131n monoetnik \u00f6lk\u0259y\u0259 can atmalar\u0131d\u0131r. Qara\u00e7\u0131lar \u00f6z \u0259razil\u0259rind\u0259 qeyri mill\u0259tl\u0259rin olmas\u0131na yol verm\u0259zl\u0259r. Ara Tadevosyan adl\u0131 m\u00fc\u0259llif \u00f6z xalq\u0131, daha d\u0259qiq taboru \u00fc\u00e7\u00fcn g\u0259l\u0259c\u0259k axtar\u0131\u015f\u0131na \u00e7\u0131x\u0131b. Amma h\u0259l\u0259 d\u0259 sArsaqlay\u0131r. Bu a\u011f\u0131lla c\u0259h\u0259nn\u0259m\u0259d\u0259k yolunuz var. Unutmay\u0131n ki, t\u0259k yolunuz \u00f6nc\u0259 Qaraba\u011f\u0131, sonra is\u0259 Qafqaz\u0131 t\u0259rk etm\u0259yinizd\u0259dir.<\/em><\/strong><\/p>\n\n\n\n<p><strong><mark style=\"background-color:rgba(0, 0, 0, 0)\" class=\"has-inline-color has-vivid-red-color\">***************<\/mark><\/strong><\/p>\n\n\n\n<figure class=\"wp-block-image size-full is-resized\"><img loading=\"lazy\" decoding=\"async\" src=\"https:\/\/fedai.az\/wp-content\/uploads\/2022\/11\/f82d34e2471ed0b8c2cde19471f94c41.jpg\" alt=\"\" class=\"wp-image-85740\" width=\"281\" height=\"281\" srcset=\"https:\/\/fedai.az\/wp-content\/uploads\/2022\/11\/f82d34e2471ed0b8c2cde19471f94c41.jpg 290w, https:\/\/fedai.az\/wp-content\/uploads\/2022\/11\/f82d34e2471ed0b8c2cde19471f94c41-150x150.jpg 150w, https:\/\/fedai.az\/wp-content\/uploads\/2022\/11\/f82d34e2471ed0b8c2cde19471f94c41-215x215.jpg 215w\" sizes=\"auto, (max-width: 281px) 100vw, 281px\" \/><\/figure>\n\n\n\n<ul class=\"wp-block-list\"><li><strong>Ara Tadevosyan \u2014 Mediamax-\u0131n direktoru<\/strong><\/li><\/ul>\n\n\n\n<p><strong>Getdikc\u0259 \u00f6z\u00fcm\u00fcz\u0259 sual veririk ki, Erm\u0259nistan\u0131 n\u0259 g\u00f6zl\u0259yir? Biz davaml\u0131 olaraq narahatl\u0131q ke\u00e7iririk ki, bu, b\u0259z\u0259n azal\u0131r, lakin he\u00e7 vaxt tamamil\u0259 yox olmur.<\/strong><\/p>\n\n\n\n<p>Bir ne\u00e7\u0259 aydan sonra biz Az\u0259rbaycanla sazi\u015f imzalanmas\u0131n\u0131n 20 illiyini qeyd ed\u0259c\u0259yik. T\u00fcrkiy\u0259 il\u0259 s\u0259rh\u0259d iyirmi ildir ba\u011fl\u0131d\u0131r. 20 ildir ki, biz m\u00fchasir\u0259y\u0259 al\u0131nm\u0131\u015f qaladak\u0131 kimi ya\u015fay\u0131r\u0131q v\u0259 yax\u0131n g\u0259l\u0259c\u0259kd\u0259 b\u00f6y\u00fck d\u0259yi\u015fiklikl\u0259rin olmayaca\u011f\u0131 g\u00f6z qaba\u011f\u0131ndad\u0131r.<\/p>\n\n\n\n<p>G\u0259lin s\u0259mimi etiraf ed\u0259k ki, Qaraba\u011f probleminin bizim \u00fc\u00e7\u00fcn m\u0259qbul olan h\u0259lli o zaman m\u00fcmk\u00fcnd\u00fcr ki, Az\u0259rbaycanda &#171;Artsax&#187;\u0131n Bak\u0131n\u0131n n\u0259zar\u0259ti alt\u0131na he\u00e7 vaxt geri qay\u0131tmayacaq erm\u0259ni torpa\u011f\u0131 oldu\u011funu etiraf etm\u0259y\u0259 haz\u0131r olan insanlar hakimiyy\u0259t\u0259 g\u0259lsin. Az\u0259rbaycanda bel\u0259 adamlar he\u00e7 vaxt hakimiyy\u0259t\u0259 g\u0259lm\u0259y\u0259c\u0259k. Yax\u015f\u0131, ya da n\u00f6vb\u0259ti 100 ild\u0259. \u00dcmid edir\u0259m ki, bu da m\u00fctl\u0259q aksiomad\u0131r ki, &#171;Artsax&#187;\u0131 alver predmetin\u0259 \u00e7evirm\u0259y\u0259 haz\u0131r olan adamlar Erm\u0259nistanda he\u00e7 vaxt hakimiyy\u0259t\u0259 g\u0259lm\u0259y\u0259c\u0259k.<\/p>\n\n\n\n<p>\u0130ctimai r\u0259yd\u0259 T\u00fcrkiy\u0259 il\u0259 v\u0259ziyy\u0259t daha az t\u0259hl\u00fck\u0259li g\u00f6r\u00fcn\u00fcr, lakin unutmaq olmaz ki, 1993-c\u00fc ild\u0259 T\u00fcrkiy\u0259nin 3-c\u00fc S\u0259hra Ordusunun qo\u015funlar\u0131 Erm\u0259nistan s\u0259rh\u0259dl\u0259rin\u0259 yax\u0131nla\u015f\u0131b. Yen\u0259 d\u0259, tam d\u00fcz\u00fcn\u00fc des\u0259m, he\u00e7 kim bilmir ki, s\u0259rh\u0259din o tay\u0131nda Rusiya h\u0259rbi bazas\u0131 v\u0259 rus q\u0131r\u0131c\u0131lar\u0131 olmasayd\u0131, bu qo\u015funlar\u0131n sonrak\u0131 h\u0259r\u0259k\u0259tl\u0259ri nec\u0259 olard\u0131.<\/p>\n\n\n\n<p>Xarici siyas\u0259t\u0259 r\u0259\u011fb\u0259timizd\u0259n v\u0259 meyll\u0259rimizd\u0259n as\u0131l\u0131 olmayaraq, etiraf etm\u0259k laz\u0131md\u0131r ki, Rusiyan\u0131n Erm\u0259nistanda h\u0259rbi m\u00f6vcudlu\u011fu faktoru m\u00fchasir\u0259y\u0259 al\u0131nm\u0131\u015f qalan\u0131n m\u00fc\u0259yy\u0259n sakitliyini t\u0259min ed\u0259n ciddi amildir.<\/p>\n\n\n\n<p>B\u0259li, o Rusiya ki, orada insanlar\u0131n h\u00fcquqlar\u0131 v\u0259 demokratik azadl\u0131qlar\u0131 pozulur. B\u0259li, o Rusiya ki, \u00f6z\u00fcn\u00fcn \u0259yal\u0259t \u015f\u0259h\u0259rl\u0259rind\u0259 insanlar onillikl\u0259r boyu he\u00e7 bir ya\u015fay\u0131\u015f \u015f\u0259raiti olmayan evl\u0259rd\u0259 ya\u015fay\u0131rlar. B\u0259li, o Rusiya ki, polis b\u00f6lm\u0259l\u0259rind\u0259 g\u00fcnahs\u0131z insanlara m\u00fck\u0259mm\u0259l \u015f\u0259kild\u0259 i\u015fg\u0259nc\u0259 verilir, q\u00fcsursuz cinay\u0259tin g\u00fcnah\u0131n\u0131 \u00f6z \u00fcz\u0259rin\u0259 g\u00f6t\u00fcrm\u0259yi t\u0259l\u0259b edirl\u0259r.<\/p>\n\n\n\n<p>B\u00fct\u00fcn bunlar\u0131 b\u0259y\u0259n\u0259 bilm\u0259zsiniz. Amma, dig\u0259r t\u0259r\u0259fd\u0259n, Erm\u0259nistana yeni S-300 v\u0259 ya S-400 zenit-raket kompleksl\u0259rinin g\u0259lm\u0259si il\u0259 ba\u011fl\u0131 x\u0259b\u0259rl\u0259ri oxuyanda ham\u0131m\u0131z (b\u0259zil\u0259ri ucadan, b\u0259zil\u0259ri is\u0259 al\u00e7aq s\u0259sl\u0259) sevinir. \u00dcst\u0259lik, \u0259limizi \u00fcr\u0259yimizin \u00fcst\u00fcn\u0259 qoyub raz\u0131la\u015faq ki, bizim \u00fc\u00e7\u00fcn \u00fcmumiyy\u0259tl\u0259, bu raketl\u0259rin erm\u0259ni birl\u0259\u015fm\u0259l\u0259rinin yerl\u0259\u015fdiyi yerd\u0259 olmas\u0131n\u0131n v\u0259 ya Rusiyan\u0131n h\u0259rbi bazas\u0131na aid olmas\u0131n\u0131n f\u0259rqi yoxdur. Bizim \u00fc\u00e7\u00fcn onlar\u0131n Erm\u0259nistanda olmas\u0131, m\u00fchasir\u0259y\u0259 al\u0131nm\u0131\u015f qalan\u0131n nisbi t\u0259hl\u00fck\u0259siz \u015f\u0259raitd\u0259 ya\u015fama\u011fa davam etm\u0259sini t\u0259min etm\u0259k \u00fc\u00e7\u00fcn vacibdir.<\/p>\n\n\n\n<p>M\u0259s\u0259l\u0259 bunun yax\u015f\u0131 v\u0259 ya pis olmas\u0131nda deyil. Bu, t\u0259bii q\u0259bul edilm\u0259li bir faktd\u0131r. Bu, Erm\u0259nistanda v\u0259 &#171;Artsax&#187;da s\u00fclh \u00fc\u00e7\u00fcn \u00f6d\u0259diyimiz qiym\u0259tdir. K\u00f6vr\u0259k, lakin dinc. Ayd\u0131nd\u0131r ki, bu g\u00fcn ya\u015fad\u0131\u011f\u0131m\u0131z Erm\u0259nistan b\u0259zil\u0259ri pulsuz, b\u0259zil\u0259ri is\u0259 g\u00fcz\u0259\u015ftli qiym\u0259tl\u0259rl\u0259 veril\u0259n Rusiya silahlar\u0131 olmadan g\u00fcc balans\u0131n\u0131 saxlaya bilm\u0259z.<\/p>\n\n\n\n<p>Dig\u0259r t\u0259r\u0259fd\u0259n, biz realist olmal\u0131 v\u0259 ba\u015fa d\u00fc\u015fm\u0259liyik ki, T\u00fcrkiy\u0259 v\u0259 Az\u0259rbaycan\u0131n iqtisadi potensial\u0131 ild\u0259n-il\u0259 artma\u011fa davam ed\u0259c\u0259k v\u0259 gec-tez g\u00fcc balans\u0131n\u0131n pozulaca\u011f\u0131 m\u0259qam g\u0259l\u0259c\u0259k &#8212; bu da bizim xeyrimiz\u0259 deyil. 2013-c\u00fc ild\u0259 Az\u0259rbaycan iqtisadiyyat\u0131na qoyulan investisiyalar\u0131n h\u0259cmi 28 milyard dollar, strateji valyuta ehtiyatlar\u0131 is\u0259 50 milyard dollara \u00e7at\u0131b. Bu r\u0259q\u0259ml\u0259r \u015fi\u015firdils\u0259 bel\u0259, Erm\u0259nistan iqtisadiyyat\u0131n\u0131n yax\u0131n onillikl\u0259rd\u0259 bel\u0259 h\u0259cml\u0259r\u0259 \u00e7atmayaca\u011f\u0131 ayd\u0131nd\u0131r.<\/p>\n\n\n\n<p>\u00c7oxunuz dey\u0259c\u0259ksiniz ki, m\u0259n \u00fcmidsizlik yay\u0131ram. Amma g\u00fcn\u00fcn reall\u0131\u011f\u0131 bel\u0259 deyilmi? Erm\u0259nistan prezidentinin G\u00f6mr\u00fck \u0130ttifaq\u0131na qo\u015fulmaq q\u0259rar\u0131 hakimiyy\u0259tin bu reall\u0131\u011f\u0131n d\u0259yi\u015fdirilm\u0259si ehtimal\u0131n\u0131 istisna etdiyin\u0259 \u0259yani s\u00fcbut oldu. Bu q\u0259rar etiraf idi ki, Erm\u0259nistan Rusiyas\u0131z \u00f6z t\u0259hl\u00fck\u0259sizliyini t\u0259min etm\u0259k iqtidar\u0131nda deyil v\u0259 Moskvan\u0131n xo\u015funa g\u0259lm\u0259y\u0259n add\u0131mlar ata bilm\u0259z. Sentyabr\u0131n \u0259vv\u0259lind\u0259 \u0130r\u0259vana g\u0259l\u0259n \u015etefan F\u00fcle bir ay \u0259vv\u0259l \u0130r\u0259vana s\u0259f\u0259r ed\u0259rk\u0259n v\u0259 Viln\u00fcs sammitind\u0259 Assosiasiya Sazi\u015fini paraflamaq niyy\u0259ti il\u0259 ba\u011fl\u0131 \u0259n\u0259n\u0259vi b\u0259yanatlar\u0131 dinl\u0259y\u0259nd\u0259 niy\u0259 ona he\u00e7 n\u0259 deyilm\u0259diyini ba\u015fa d\u00fc\u015f\u0259 bilm\u0259di.<\/p>\n\n\n\n<p>Hakimiyy\u0259td\u0259kil\u0259r h\u0259r \u015feyi vulqar sad\u0259l\u0259\u015fdirm\u0259y\u0259 &#8212; &#171;Avropa biz\u0259 yaln\u0131z d\u0259y\u0259rl\u0259r t\u0259klif edir&#187; deyirl\u0259r, Rusiya is\u0259 silahland\u0131rma\u011fa \u00e7al\u0131\u015f\u0131rlar. Bel\u0259 olan halda niy\u0259 \u00fc\u00e7 ild\u0259n art\u0131q dan\u0131\u015f\u0131qlar apar\u0131l\u0131b v\u0259 minl\u0259rl\u0259 (!) s\u0259hif\u0259lik m\u0259tnin raz\u0131la\u015fd\u0131r\u0131ld\u0131\u011f\u0131 sual\u0131 havada as\u0131l\u0131 qal\u0131b.<\/p>\n\n\n\n<p>Bu g\u00fcn v\u0259 ya he\u00e7 olmasa sabah sa\u011f qalma modelind\u0259n imtina etm\u0259k m\u00fcmk\u00fcnd\u00fcrm\u00fc? \u00dcmumiyy\u0259tl\u0259, \u00f6lk\u0259nin \u201cn\u0259 s\u00fclh, n\u0259 d\u0259 m\u00fcharib\u0259\u201d \u015f\u0259raitind\u0259 ya\u015fad\u0131\u011f\u0131 bir \u015f\u0259raitd\u0259 firavanl\u0131qdan dan\u0131\u015fmaq n\u0259 d\u0259r\u0259c\u0259d\u0259 m\u0259qs\u0259d\u0259uy\u011fundur? Fiziki t\u0259hl\u00fck\u0259sizlikl\u0259 g\u0259l\u0259c\u0259k \u00fc\u00e7\u00fcn t\u0259bii narahatl\u0131q aras\u0131nda tarazl\u0131\u011f\u0131 nec\u0259 saxlamaq olar? Bunlar ayd\u0131n cavab\u0131 olmayan \u00e7\u0259tin suallard\u0131r.<\/p>\n\n\n\n<p>Cavablardan biri Rusiya il\u0259 inteqrasiyan\u0131n bel\u0259 bir formas\u0131 ola bil\u0259r ki, bunun n\u0259tic\u0259sind\u0259 Erm\u0259nistan v\u0259 &#171;Artsax&#187; bu \u00f6lk\u0259nin ayr\u0131lmaz hiss\u0259si kimi q\u0259bul olunacaq v\u0259 bu, Az\u0259rbaycan v\u0259 T\u00fcrkiy\u0259nin h\u0259r hans\u0131 h\u0259rbi m\u00fcdaxil\u0259sini son d\u0259r\u0259c\u0259 m\u00fcmk\u00fcns\u00fcz ed\u0259c\u0259k. Bel\u0259 olan halda biz fiziki t\u0259hl\u00fck\u0259sizliyimizi t\u0259min ed\u0259c\u0259yik. Amma buna daha \u00e7ox sevin\u0259c\u0259yikmi? Narahatl\u0131q hissl\u0259rimiz bizi t\u0259rk ed\u0259c\u0259kmi, yoxsa \u015f\u0259xsiyy\u0259tin qism\u0259n v\u0259 ya tam itirilm\u0259si qar\u015f\u0131s\u0131nda daha da g\u00fccl\u0259n\u0259c\u0259k?<\/p>\n\n\n\n<p>Alternativ olaraq m\u00fchasir\u0259y\u0259 al\u0131nm\u0131\u015f Qalan\u0131 sad\u0259c\u0259 bir qalaya \u00e7evirm\u0259y\u0259 \u00e7al\u0131\u015fmaq olard\u0131. El\u0259 bir Qala ki, o, tamamil\u0259 toxunulmaz olmasa da (m\u00fcasir d\u00fcnyada bel\u0259l\u0259ri yoxdur), lakin o q\u0259d\u0259r g\u00fccl\u00fcd\u00fcr ki, onu m\u00fchasir\u0259y\u0259 almaq ist\u0259yi sa\u011flam d\u00fc\u015f\u00fcnc\u0259y\u0259 yol verm\u0259y\u0259c\u0259k.<\/p>\n\n\n\n<p>Bunun \u00fc\u00e7\u00fcn m\u00fchasir\u0259y\u0259 al\u0131nm\u0131\u015f Qalan\u0131n mikroiqlimini m\u00fcmk\u00fcn q\u0259d\u0259r tez d\u0259yi\u015fm\u0259y\u0259 ba\u015flamal\u0131, ilk n\u00f6vb\u0259d\u0259 \u0259dal\u0259ti v\u0259 c\u0259zan\u0131n qa\u00e7\u0131lmazl\u0131\u011f\u0131n\u0131 m\u00fctl\u0259q imperativl\u0259r\u0259 \u00e7evirm\u0259lis\u0259n. \u00ab\u043e\u043d \u0432\u0441\u0435\u0445 \u043d\u0430 ..\u044e \u0432\u0435\u0440\u0442\u0435\u043b\u00bb, dey\u0259 ucadan b\u0259yan ed\u0259n ayamal\u0131 deputat partiyas\u0131, lideri (\u00f6lk\u0259 prezidenti) t\u0259r\u0259find\u0259n ictimai \u0259ng\u0259ll\u0259r\u0259 m\u0259ruz qalmal\u0131 v\u0259 n\u0259 vaxtsa parlament\u0259 qay\u0131tmaq imkan\u0131n\u0131 itirm\u0259lidir. Televiziya kameralar\u0131n\u0131n qar\u015f\u0131s\u0131nda g\u0259nc jurnalistl\u0259ri s\u00f6y\u0259r\u0259k \u201cnamiz\u0259dlik i\u015fi\u201dni m\u00fcdafi\u0259 ed\u0259n b\u0259l\u0259diyy\u0259 s\u0259drinin \u201cdincliyini qoruyan\u201d quldurlar geri qay\u0131tmaq h\u00fcququ olmadan universitetd\u0259n xaric edilm\u0259lidir. Ba\u015f ver\u0259nl\u0259r\u0259 s\u0259ssizc\u0259 tama\u015fa ed\u0259n polis \u0259m\u0259kda\u015flar\u0131n\u0131n \u00e7iyin qay\u0131\u015flar\u0131 xalq\u0131n g\u00f6z\u00fc qar\u015f\u0131s\u0131nda qopar\u0131lmal\u0131 v\u0259 h\u00fcquq-m\u00fchafiz\u0259 orqanlar\u0131nda f\u0259aliyy\u0259tini davam etdirm\u0259sin\u0259 imkan verilm\u0259m\u0259lidir. Yaln\u0131z bu c\u00fcr t\u0259dbirl\u0259r m\u00fchasir\u0259y\u0259 al\u0131nm\u0131\u015f qalan\u0131n m\u00fcdafi\u0259\u00e7il\u0259rin\u0259 rahatl\u0131q ver\u0259 bil\u0259r.<\/p>\n\n\n\n<p>Amma g\u00f6r\u00fcn\u00fcr, hakimiyy\u0259t yaln\u0131z bir m\u0259s\u0259l\u0259 il\u0259 m\u0259\u015f\u011fuldur &#8212; m\u00fchasir\u0259y\u0259 al\u0131nm\u0131\u015f qalan\u0131 laz\u0131mi miqdarda bar\u0131t v\u0259 m\u0259rmi il\u0259 t\u0259min etm\u0259k. Hakimiyy\u0259t, dey\u0259s\u0259n, m\u0259rmi g\u0259tir\u0259n m\u0259rmil\u0259rin getdikc\u0259 daha az olmas\u0131 bar\u0259d\u0259 d\u00fc\u015f\u00fcnm\u00fcr.<\/p>\n\n\n\n<p>\u00c7oxlu obyektiv f\u0259rql\u0259r\u0259 g\u00f6r\u0259 \u0130sraill\u0259 m\u00fcqayis\u0259ni he\u00e7 vaxt b\u0259y\u0259nm\u0259mi\u015f\u0259m. Ancaq \u0130srail bunu etdi &#8212; M\u00fchasir\u0259y\u0259 al\u0131nm\u0131\u015f qalan\u0131 sad\u0259c\u0259 bir qalaya \u00e7evirdi. U\u011furun \u0259sas a\u00e7ar\u0131 o idi ki, o, \u00f6z v\u0259t\u0259nda\u015flar\u0131na h\u00f6rm\u0259t edir, d\u0259y\u0259r verir, onlara z\u00fclm etmirdi, d\u00fcnyan\u0131n h\u0259r yerind\u0259n istedadl\u0131 h\u0259mv\u0259t\u0259nl\u0259r toplay\u0131r, ba\u015fqa \u00f6lk\u0259l\u0259rd\u0259 ya\u015fayan y\u0259hudil\u0259rin \u0130srail\u0259 s\u0259rmay\u0259 qoymas\u0131na \u015f\u0259rait yarad\u0131rd\u0131.<\/p>\n\n\n\n<p>Erm\u0259nistan hakimiyy\u0259tinin bir ne\u00e7\u0259 il \u0259vv\u0259l ir\u0259li s\u00fcrd\u00fcy\u00fc \u201cerm\u0259ni d\u00fcnyas\u0131\u201d konsepsiyas\u0131n\u0131n bo\u015f oldu\u011fu ortaya \u00e7\u0131xd\u0131. V\u0259t\u0259nd\u0259 hakimiyy\u0259t korrupsioner hakiml\u0259ri, o\u011fru m\u0259murlar\u0131, t\u0259k\u0259bb\u00fcrl\u00fc \u201cxalq\u0131n qulluq\u00e7ular\u0131n\u0131\u201d c\u0259zaland\u0131rmaq g\u00fcc\u00fcnd\u0259 olmayanda \u201cerm\u0259ni d\u00fcnyas\u0131\u201d qurmaq olmaz.<\/p>\n\n\n\n<p>T\u0259hl\u00fck\u0259sizlik v\u0259 g\u0259l\u0259c\u0259k. Daha vacib n\u0259dir? Tarazl\u0131q, q\u0259rib\u0259 d\u0259 olsa, bu iki anlay\u0131\u015f\u0131n uy\u011funla\u015fd\u0131r\u0131lmas\u0131ndad\u0131r. G\u0259l\u0259c\u0259yi olmayan t\u0259hl\u00fck\u0259sizlik absurd s\u0259sl\u0259nir. Ancaq g\u0259l\u0259c\u0259k konsepsiyas\u0131n\u0131n \u00f6z\u00fc t\u0259hl\u00fck\u0259sizlik olmadan m\u00fcmk\u00fcn deyil.<\/p>\n\n\n\n<p>Professor \u0130tshak Adizesin s\u00f6zl\u0259ri \u00fcz\u0259rind\u0259 d\u00fc\u015f\u00fcn\u0259k:<\/p>\n\n\n\n<p>Yaponiya niy\u0259 u\u011fur qazan\u0131r? Orada n\u0259 var? N\u0259 almaz, n\u0259 neft, n\u0259 q\u0131z\u0131l &#8212; he\u00e7 n\u0259! Bununla bel\u0259, onlar b\u00f6y\u00fck yeddiliyin \u00fczvl\u0259ridir. V\u0259 C\u0259nubi Afrikaya bax\u0131n: q\u0131z\u0131l, neft, almaz, platin &#8212; onun d\u00fcnyada yeri n\u0259dir? Anqolan\u0131n n\u0259 q\u0259d\u0259r z\u0259ngin oldu\u011funu bilirsinizmi? Onlar\u0131n heyr\u0259tamiz torpaqlar\u0131 var, qulaqlar\u0131n\u0131n dibind\u0259n brilyant \u00e7\u0131x\u0131r, neft&#8230; B\u0259s Anqola haqq\u0131nda kim e\u015fitm\u0259yib? \u0130sve\u00e7r\u0259d\u0259 n\u0259 var? B\u00fct\u00fcn qanunauy\u011funluqlara g\u00f6r\u0259, \u0130sve\u00e7r\u0259 z\u0259if olmal\u0131 idi. Frans\u0131zlar\u0131, almanlar\u0131 v\u0259 italyanlar\u0131 bir \u00f6lk\u0259d\u0259 bir yerd\u0259 t\u0259s\u0259vv\u00fcr ed\u0259 bil\u0259rsinizmi? Daha d\u0259h\u015f\u0259tli bir \u015fey t\u0259s\u0259vv\u00fcr etm\u0259k \u00e7\u0259tindir. Amma bu, ona g\u00f6r\u0259 ba\u015f verm\u0259di ki, onlarda qar\u015f\u0131l\u0131ql\u0131 yard\u0131m m\u0259d\u0259niyy\u0259ti v\u0259 bir-birinin fikir ayr\u0131l\u0131\u011f\u0131na h\u00f6rm\u0259tl\u0259 yana\u015f\u0131rlar. Onlar\u0131 u\u011fura aparan m\u0259d\u0259niyy\u0259t idi\u201d.<\/p>\n\n\n\n<p>B\u0259li, biz Yaponiya v\u0259 ya \u0130sve\u00e7r\u0259 deyilik. Ancaq biz h\u0259l\u0259 d\u0259 t\u0259hl\u00fck\u0259sizliyi v\u0259 g\u0259l\u0259c\u0259yi birl\u0259\u015fdir\u0259 bil\u0259rik. \u018fg\u0259r yax\u0131n 5-6 ild\u0259 bunu etm\u0259s\u0259k, fiziki t\u0259hl\u00fck\u0259sizlik art\u0131q aktual m\u0259s\u0259l\u0259 olmayacaq &#8212; bu m\u00fchasir\u0259y\u0259 al\u0131nm\u0131\u015f qalada \u00e7ox az adam qalacaq.<\/p>\n","protected":false},"excerpt":{"rendered":"<p>Fedai.az Ara\u015fd\u0131rma Qrupu: H\u0259rd\u0259n d\u00fc\u015f\u00fcn\u00fcr\u0259m ki, ola bilm\u0259z ki, bir mill\u0259t toplum olaraq axmaq olsun. Amma erm\u0259nil\u0259rin \u0259n a\u011f\u0131ll\u0131 adam\u0131n\u0131 dinl\u0259y\u0259nd\u0259 bel\u0259 bir axmaql\u0131\u011f\u0131n<\/p>\n","protected":false},"author":2,"featured_media":86211,"comment_status":"closed","ping_status":"closed","sticky":false,"template":"","format":"standard","meta":{"footnotes":""},"categories":[6],"tags":[],"class_list":["post-86207","post","type-post","status-publish","format-standard","has-post-thumbnail","hentry","category-arasdirma"],"aioseo_notices":[],"_links":{"self":[{"href":"https:\/\/fedai.az\/index.php?rest_route=\/wp\/v2\/posts\/86207","targetHints":{"allow":["GET"]}}],"collection":[{"href":"https:\/\/fedai.az\/index.php?rest_route=\/wp\/v2\/posts"}],"about":[{"href":"https:\/\/fedai.az\/index.php?rest_route=\/wp\/v2\/types\/post"}],"author":[{"embeddable":true,"href":"https:\/\/fedai.az\/index.php?rest_route=\/wp\/v2\/users\/2"}],"replies":[{"embeddable":true,"href":"https:\/\/fedai.az\/index.php?rest_route=%2Fwp%2Fv2%2Fcomments&post=86207"}],"version-history":[{"count":1,"href":"https:\/\/fedai.az\/index.php?rest_route=\/wp\/v2\/posts\/86207\/revisions"}],"predecessor-version":[{"id":86209,"href":"https:\/\/fedai.az\/index.php?rest_route=\/wp\/v2\/posts\/86207\/revisions\/86209"}],"wp:featuredmedia":[{"embeddable":true,"href":"https:\/\/fedai.az\/index.php?rest_route=\/wp\/v2\/media\/86211"}],"wp:attachment":[{"href":"https:\/\/fedai.az\/index.php?rest_route=%2Fwp%2Fv2%2Fmedia&parent=86207"}],"wp:term":[{"taxonomy":"category","embeddable":true,"href":"https:\/\/fedai.az\/index.php?rest_route=%2Fwp%2Fv2%2Fcategories&post=86207"},{"taxonomy":"post_tag","embeddable":true,"href":"https:\/\/fedai.az\/index.php?rest_route=%2Fwp%2Fv2%2Ftags&post=86207"}],"curies":[{"name":"wp","href":"https:\/\/api.w.org\/{rel}","templated":true}]}}