{"id":86230,"date":"2022-11-16T13:53:58","date_gmt":"2022-11-16T09:53:58","guid":{"rendered":"https:\/\/fedai.az\/?p=86230"},"modified":"2022-11-16T13:54:02","modified_gmt":"2022-11-16T09:54:02","slug":"separatcilar-qarabagda-qanunsuz-referenduma-hazirlasirlar","status":"publish","type":"post","link":"https:\/\/fedai.az\/?p=86230","title":{"rendered":"Separat\u00e7\u0131lar Qaraba\u011fda qanunsuz \u201creferendum\u201da haz\u0131rla\u015f\u0131rlar"},"content":{"rendered":"\n<p><strong>Qaraba\u011fdak\u0131 erm\u0259ni separat\u00e7\u0131lar\u0131 44 g\u00fcnl\u00fck m\u00fcharib\u0259d\u0259n h\u0259l\u0259 d\u0259 d\u0259rs \u00e7\u0131xarmay\u0131blar. B\u00f6lg\u0259d\u0259ki m\u00fcv\u0259qq\u0259ti yerl\u0259\u015fmi\u015f rus s\u00fclhm\u0259raml\u0131lar\u0131na g\u00fcv\u0259n\u0259r\u0259k, bir s\u0131ra t\u0259xribatlara \u0259l atmaqda davam edirl\u0259r. <\/strong><\/p>\n\n\n\n<p><strong> Son iki g\u00fcnd\u0259 A\u011fdam v\u0259 K\u0259lb\u0259c\u0259rin m\u0259hz ruslar\u0131n olduqlar\u0131 \u0259razid\u0259n at\u0259\u015f\u0259 tutulmas\u0131 da bunu dem\u0259y\u0259 \u0259sas verir.<\/strong><\/p>\n\n\n\n<p>Lakin separat\u00e7\u0131lar bununla da yetinmirl\u0259r. Onlar Qaraba\u011fda \u201creferendum\u201d ke\u00e7irm\u0259y\u0259 haz\u0131rla\u015f\u0131rlar. \u201cHraparak\u201d q\u0259zetinin yayd\u0131\u011f\u0131 m\u0259lumata g\u00f6r\u0259, separat\u00e7\u0131lar bu ist\u0259kl\u0259rinin g\u0259l\u0259n ilin yaz\u0131nda ke\u00e7irm\u0259yi d\u00fc\u015f\u00fcn\u00fcrd\u00fcl\u0259r. \u201cAmma son zamanlar xeyli t\u0259l\u0259sm\u0259y\u0259 ba\u015flay\u0131blar. G\u00fcman edilir ki, bu ilin 20-22 dekabrlar\u0131nda referendum ke\u00e7irsinl\u0259r\u201d.<\/p>\n\n\n\n<p>Q\u0259zet bunu onunla \u0259sasland\u0131r\u0131r ki, d\u00fcn\u0259n Qaraba\u011fdak\u0131 separat\u00e7\u0131lar\u0131n qondarma \u201cparlamenti\u201d t\u0259cili topla\u015faraq, \u201cSe\u00e7ki M\u0259c\u0259ll\u0259sin\u0259 \u0259lav\u0259 v\u0259 d\u0259yi\u015fiklikl\u0259r edilm\u0259si haqq\u0131nda\u201d v\u0259 \u201cReferendum haqq\u0131nda qanuna d\u0259yi\u015fiklikl\u0259r edilm\u0259si haqq\u0131nda\u201d \u201cqanun\u201d layih\u0259l\u0259rini m\u00fczakir\u0259 ed\u0259r\u0259k, q\u0259bul edirl\u0259r. \u201cH\u0259min layih\u0259y\u0259 \u0259sas\u0259n 44 g\u00fcnl\u00fck m\u00fcharib\u0259d\u0259n sonra Erm\u0259nistana k\u00f6\u00e7m\u00fc\u015f Qaraba\u011f sakinl\u0259ri d\u0259 referendumda i\u015ftirak ed\u0259 bil\u0259c\u0259kl\u0259r. Y\u0259qin ki, Erm\u0259nistanda vahid se\u00e7ki m\u0259nt\u0259q\u0259si olacaq v\u0259 orada operativ q\u0259rargah\u0131 yerl\u0259\u015f\u0259c\u0259k\u201d.<\/p>\n\n\n\n<p>Bu \u0259snada o da m\u0259lum olub ki, separat\u00e7\u0131lar \u201creferendum\u201ddan sonra \u201cprezident se\u00e7kil\u0259ri\u201d d\u0259 ke\u00e7irm\u0259y\u0259 qar\u015f\u0131lar\u0131na m\u0259qs\u0259d qoyublar. Bel\u0259 ki, onlar 2024-c\u00fc ild\u0259 \u00f6zl\u0259rin\u0259 yeni \u201cprezident\u201d se\u00e7m\u0259k niyy\u0259tind\u0259dirl\u0259r.<\/p>\n\n\n\n<p><strong><em>G\u00f6r\u00fcn\u0259n odur ki, Qaraba\u011fdak\u0131 erm\u0259nil\u0259r 2025-ci il\u0259 q\u0259d\u0259r, y\u0259ni rus s\u00fclhm\u0259raml\u0131lar\u0131n\u0131n \u00e7\u0131xar\u0131lmas\u0131na q\u0259d\u0259r bir s\u0131ra t\u0259xribatlara \u0259l atmaq fikirind\u0259dirl\u0259r. Az\u0259rbaycan\u0131n suveren \u0259razisi olan Qaraba\u011fda h\u0259r hans\u0131 \u201creferendum\u201d v\u0259 ya \u201cprezident se\u00e7kil\u0259ri\u201d birm\u0259nal\u0131 olaraq t\u0259xribatd\u0131r, separatizmdir v\u0259 bunun qar\u015f\u0131s\u0131 m\u00fctl\u0259q al\u0131nmal\u0131d\u0131r.<\/em><\/strong><\/p>\n\n\n\n<p>M\u0259nb\u0259: JAMAZ.\u0130NFO<\/p>\n","protected":false},"excerpt":{"rendered":"<p>Qaraba\u011fdak\u0131 erm\u0259ni separat\u00e7\u0131lar\u0131 44 g\u00fcnl\u00fck m\u00fcharib\u0259d\u0259n h\u0259l\u0259 d\u0259 d\u0259rs \u00e7\u0131xarmay\u0131blar. B\u00f6lg\u0259d\u0259ki m\u00fcv\u0259qq\u0259ti yerl\u0259\u015fmi\u015f rus s\u00fclhm\u0259raml\u0131lar\u0131na g\u00fcv\u0259n\u0259r\u0259k, bir s\u0131ra t\u0259xribatlara \u0259l atmaqda davam edirl\u0259r. Son<\/p>\n","protected":false},"author":2,"featured_media":86231,"comment_status":"closed","ping_status":"closed","sticky":false,"template":"","format":"standard","meta":{"footnotes":""},"categories":[4],"tags":[],"class_list":["post-86230","post","type-post","status-publish","format-standard","has-post-thumbnail","hentry","category-qarabag"],"aioseo_notices":[],"_links":{"self":[{"href":"https:\/\/fedai.az\/index.php?rest_route=\/wp\/v2\/posts\/86230","targetHints":{"allow":["GET"]}}],"collection":[{"href":"https:\/\/fedai.az\/index.php?rest_route=\/wp\/v2\/posts"}],"about":[{"href":"https:\/\/fedai.az\/index.php?rest_route=\/wp\/v2\/types\/post"}],"author":[{"embeddable":true,"href":"https:\/\/fedai.az\/index.php?rest_route=\/wp\/v2\/users\/2"}],"replies":[{"embeddable":true,"href":"https:\/\/fedai.az\/index.php?rest_route=%2Fwp%2Fv2%2Fcomments&post=86230"}],"version-history":[{"count":1,"href":"https:\/\/fedai.az\/index.php?rest_route=\/wp\/v2\/posts\/86230\/revisions"}],"predecessor-version":[{"id":86232,"href":"https:\/\/fedai.az\/index.php?rest_route=\/wp\/v2\/posts\/86230\/revisions\/86232"}],"wp:featuredmedia":[{"embeddable":true,"href":"https:\/\/fedai.az\/index.php?rest_route=\/wp\/v2\/media\/86231"}],"wp:attachment":[{"href":"https:\/\/fedai.az\/index.php?rest_route=%2Fwp%2Fv2%2Fmedia&parent=86230"}],"wp:term":[{"taxonomy":"category","embeddable":true,"href":"https:\/\/fedai.az\/index.php?rest_route=%2Fwp%2Fv2%2Fcategories&post=86230"},{"taxonomy":"post_tag","embeddable":true,"href":"https:\/\/fedai.az\/index.php?rest_route=%2Fwp%2Fv2%2Ftags&post=86230"}],"curies":[{"name":"wp","href":"https:\/\/api.w.org\/{rel}","templated":true}]}}