{"id":86240,"date":"2022-11-16T14:48:29","date_gmt":"2022-11-16T10:48:29","guid":{"rendered":"https:\/\/fedai.az\/?p=86240"},"modified":"2022-11-16T14:48:32","modified_gmt":"2022-11-16T10:48:32","slug":"donald-tramp-amerikani-m%c9%99glub-etdi-bayden-trampin-secki-q%c9%99rarina-reaksiya-verdi","status":"publish","type":"post","link":"https:\/\/fedai.az\/?p=86240","title":{"rendered":"\u201cDONALD TRAMP AMER\u0130KANI M\u018f\u011eLUB ETD\u0130\u2026\u201d &#8212; Bayden Tramp\u0131n se\u00e7ki q\u0259rar\u0131na reaksiya verdi"},"content":{"rendered":"\n<p><strong>AB\u015e prezidenti Co Bayden \u201cTwitter\u201dd\u0259 &#171;Donald Tramp Amerikan\u0131 m\u0259\u011flub etdi&#187; ba\u015fl\u0131ql\u0131 video yay\u0131mlay\u0131b.<\/strong><\/p>\n\n\n\n<p><strong>Qafqaz.media\u00a0<\/strong>x\u0259b\u0259r verir ki, Amerikan\u0131n haz\u0131rk\u0131 prezidenti videoda s\u0259l\u0259finin &#171;nailiyy\u0259tl\u0259rini&#187; sadalay\u0131b:\u00a0<strong>\u201c\u0130qtisadiyyat\u0131 z\u0259nginl\u0259r\u0259 y\u00f6n\u0259ltm\u0259k, rekord i\u015fsizlik, s\u0259hiyy\u0259 sistemin\u0259 h\u00fccumlar, ekstremistl\u0259rl\u0259 fl\u00f6rt etm\u0259k, qad\u0131nlar\u0131n h\u00fcquqlar\u0131na h\u00fccumlar v\u0259 s\u201d.<\/strong><\/p>\n\n\n\n<p>Noyabr\u0131n 16-da m\u0259lum olmu\u015fdu ki, Tramp 2024-c\u00fc ild\u0259 ke\u00e7iril\u0259c\u0259k se\u00e7kil\u0259rd\u0259 Respublika\u00e7\u0131lar Partiyas\u0131ndan AB\u015e prezidentliyin\u0259 namiz\u0259dliyini ir\u0259li s\u00fcrm\u0259k niyy\u0259tind\u0259dir. Tramp noyabr\u0131n 8-d\u0259 2024-c\u00fc il prezident se\u00e7kil\u0259rind\u0259 i\u015ftirak etm\u0259k niyy\u0259tin\u0259 eyham vuraraq, noyabr\u0131n 15-d\u0259 \u201c\u00e7ox vacib a\u00e7\u0131qlama\u201d ver\u0259c\u0259yini a\u00e7\u0131qlam\u0131\u015fd\u0131.<\/p>\n\n\n\n<figure class=\"wp-block-embed is-type-rich is-provider-twitter wp-block-embed-twitter\"><div class=\"wp-block-embed__wrapper\">\n<blockquote class=\"twitter-tweet\" data-width=\"550\" data-dnt=\"true\"><p lang=\"en\" dir=\"ltr\">Donald Trump failed America. <a href=\"https:\/\/t.co\/fylyocYcse\">pic.twitter.com\/fylyocYcse<\/a><\/p>&mdash; Joe Biden (@JoeBiden) <a href=\"https:\/\/twitter.com\/JoeBiden\/status\/1592704151384985602?ref_src=twsrc%5Etfw\">November 16, 2022<\/a><\/blockquote><script async src=\"https:\/\/platform.twitter.com\/widgets.js\" charset=\"utf-8\"><\/script>\n<\/div><\/figure>\n","protected":false},"excerpt":{"rendered":"<p>AB\u015e prezidenti Co Bayden \u201cTwitter\u201dd\u0259 &#171;Donald Tramp Amerikan\u0131 m\u0259\u011flub etdi&#187; ba\u015fl\u0131ql\u0131 video yay\u0131mlay\u0131b. Qafqaz.media\u00a0x\u0259b\u0259r verir ki, Amerikan\u0131n haz\u0131rk\u0131 prezidenti videoda s\u0259l\u0259finin &#171;nailiyy\u0259tl\u0259rini&#187; sadalay\u0131b:\u00a0\u201c\u0130qtisadiyyat\u0131 z\u0259nginl\u0259r\u0259<\/p>\n","protected":false},"author":2,"featured_media":86241,"comment_status":"closed","ping_status":"closed","sticky":false,"template":"","format":"standard","meta":{"footnotes":""},"categories":[13],"tags":[],"class_list":["post-86240","post","type-post","status-publish","format-standard","has-post-thumbnail","hentry","category-xarici"],"aioseo_notices":[],"_links":{"self":[{"href":"https:\/\/fedai.az\/index.php?rest_route=\/wp\/v2\/posts\/86240","targetHints":{"allow":["GET"]}}],"collection":[{"href":"https:\/\/fedai.az\/index.php?rest_route=\/wp\/v2\/posts"}],"about":[{"href":"https:\/\/fedai.az\/index.php?rest_route=\/wp\/v2\/types\/post"}],"author":[{"embeddable":true,"href":"https:\/\/fedai.az\/index.php?rest_route=\/wp\/v2\/users\/2"}],"replies":[{"embeddable":true,"href":"https:\/\/fedai.az\/index.php?rest_route=%2Fwp%2Fv2%2Fcomments&post=86240"}],"version-history":[{"count":1,"href":"https:\/\/fedai.az\/index.php?rest_route=\/wp\/v2\/posts\/86240\/revisions"}],"predecessor-version":[{"id":86242,"href":"https:\/\/fedai.az\/index.php?rest_route=\/wp\/v2\/posts\/86240\/revisions\/86242"}],"wp:featuredmedia":[{"embeddable":true,"href":"https:\/\/fedai.az\/index.php?rest_route=\/wp\/v2\/media\/86241"}],"wp:attachment":[{"href":"https:\/\/fedai.az\/index.php?rest_route=%2Fwp%2Fv2%2Fmedia&parent=86240"}],"wp:term":[{"taxonomy":"category","embeddable":true,"href":"https:\/\/fedai.az\/index.php?rest_route=%2Fwp%2Fv2%2Fcategories&post=86240"},{"taxonomy":"post_tag","embeddable":true,"href":"https:\/\/fedai.az\/index.php?rest_route=%2Fwp%2Fv2%2Ftags&post=86240"}],"curies":[{"name":"wp","href":"https:\/\/api.w.org\/{rel}","templated":true}]}}