{"id":86243,"date":"2022-11-16T15:27:26","date_gmt":"2022-11-16T11:27:26","guid":{"rendered":"https:\/\/fedai.az\/?p=86243"},"modified":"2022-11-16T15:27:28","modified_gmt":"2022-11-16T11:27:28","slug":"s%c9%99hid-ail%c9%99si-statusunun-verilm%c9%99si-qaydasi-d%c9%99yisdi","status":"publish","type":"post","link":"https:\/\/fedai.az\/?p=86243","title":{"rendered":"\u015e\u0259hid ail\u0259si statusunun verilm\u0259si qaydas\u0131 d\u0259yi\u015fdi"},"content":{"rendered":"\n<p><strong>\u015e\u0259hid ail\u0259si statusu gizir v\u0259 zabit hey\u0259ti \u00fc\u00e7\u00fcn F\u00f6vq\u0259lad\u0259 Hallar Nazirliyinin verdiyi aray\u0131\u015flarla da t\u0259sdiq olunacaq.<\/strong><\/p>\n\n\n\n<p>Bu bar\u0259d\u0259 Nazirl\u0259r Kabineti m\u00fcvafiq q\u0259rar q\u0259bul edib.<\/p>\n\n\n\n<p>F\u00f6vq\u0259lad\u0259 Hallar Nazirliyi \u015f\u0259hid v\u0259 \u015f\u0259hid ail\u0259si statusu verildiyi tarixd\u0259n 5 (be\u015f) i\u015f g\u00fcn\u00fc m\u00fcdd\u0259tind\u0259 bu bar\u0259d\u0259 m\u0259lumat\u0131 Az\u0259rbaycan Respublikas\u0131 \u018fm\u0259k v\u0259 \u018fhalinin Sosial M\u00fcdafi\u0259si Nazirliyinin M\u0259rk\u0259zl\u0259\u015fdirilmi\u015f elektron informasiya sisteminin \u201cZ\u0259f\u0259r\u201d altsistemin\u0259 daxil ed\u0259c\u0259k.<\/p>\n\n\n\n<p>Qeyd ed\u0259k ki, haz\u0131rda \u015f\u0259hid ail\u0259si statusu gizir v\u0259 zabit hey\u0259ti \u00fc\u00e7\u00fcn M\u00fcdafi\u0259 Nazirliyinin, Daxili \u0130\u015fl\u0259r Nazirliyinin, D\u00f6vl\u0259t T\u0259hl\u00fck\u0259sizliyi Xidm\u0259ti, Xarici K\u0259\u015ffiyyat Xidm\u0259tinin, D\u00f6vl\u0259t S\u0259rh\u0259d Xidm\u0259tinin, Az\u0259rbaycan Respublikas\u0131 Prezidentinin T\u0259hl\u00fck\u0259sizlik Xidm\u0259tinin, X\u00fcsusi Rabit\u0259 v\u0259 \u0130nformasiya T\u0259hl\u00fck\u0259sizliyi D\u00f6vl\u0259t Xidm\u0259tinin, Strateji Obyektl\u0259rin M\u00fchafiz\u0259si D\u00f6vl\u0259t Agentliyinin kadrlar idar\u0259si, dig\u0259r h\u0259rbi qulluq\u00e7ulara h\u0259rbi qeydiyyatda olduqlar\u0131 S\u0259f\u0259rb\u0259rlik v\u0259 H\u0259rbi Xidm\u0259t\u0259 \u00c7a\u011f\u0131r\u0131\u015f \u00fczr\u0259 D\u00f6vl\u0259t Xidm\u0259tinin m\u00fcvafiq olaraq yerli ba\u015f idar\u0259, idar\u0259, \u015f\u00f6b\u0259 v\u0259 b\u00f6lm\u0259l\u0259ri, m\u00fclki v\u0259t\u0259nda\u015flara is\u0259 rayon (\u015f\u0259h\u0259r) icra hakimiyy\u0259ti orqanlar\u0131n\u0131n verdiyi aray\u0131\u015flarla t\u0259sdiq olunur. Az\u0259rbaycan Respublikas\u0131n\u0131n M\u00fcdafi\u0259 Nazirliyi, Az\u0259rbaycan Respublikas\u0131n\u0131n Daxili \u0130\u015fl\u0259r Nazirliyi, Az\u0259rbaycan Respublikas\u0131n\u0131n \u018fdliyy\u0259 Nazirliyi, Az\u0259rbaycan Respublikas\u0131n\u0131n S\u0259f\u0259rb\u0259rlik v\u0259 H\u0259rbi Xidm\u0259t\u0259 \u00c7a\u011f\u0131r\u0131\u015f \u00fczr\u0259 D\u00f6vl\u0259t Xidm\u0259ti, Az\u0259rbaycan Respublikas\u0131 Prezidentinin T\u0259hl\u00fck\u0259sizlik Xidm\u0259ti, Az\u0259rbaycan Respublikas\u0131n\u0131n X\u00fcsusi Rabit\u0259 v\u0259 \u0130nformasiya T\u0259hl\u00fck\u0259sizliyi D\u00f6vl\u0259t Xidm\u0259ti, Az\u0259rbaycan Respublikas\u0131n\u0131n D\u00f6vl\u0259t S\u0259rh\u0259d Xidm\u0259ti, Az\u0259rbaycan Respublikas\u0131n\u0131n Strateji Obyektl\u0259rin M\u00fchafiz\u0259si D\u00f6vl\u0259t Agentliyi v\u0259 yerli icra hakimiyy\u0259ti orqanlar\u0131 \u015f\u0259hid v\u0259 \u015f\u0259hid ail\u0259si statusu verildiyi tarixd\u0259n 5 (be\u015f) i\u015f g\u00fcn\u00fc m\u00fcdd\u0259tind\u0259 bu bar\u0259d\u0259 m\u0259lumat\u0131 Az\u0259rbaycan Respublikas\u0131 \u018fm\u0259k v\u0259 \u018fhalinin Sosial M\u00fcdafi\u0259si Nazirliyinin M\u0259rk\u0259zl\u0259\u015fdirilmi\u015f elektron informasiya sisteminin \u201cZ\u0259f\u0259r\u201d altsistemin\u0259 daxil edirl\u0259r.<\/p>\n","protected":false},"excerpt":{"rendered":"<p>\u015e\u0259hid ail\u0259si statusu gizir v\u0259 zabit hey\u0259ti \u00fc\u00e7\u00fcn F\u00f6vq\u0259lad\u0259 Hallar Nazirliyinin verdiyi aray\u0131\u015flarla da t\u0259sdiq olunacaq. Bu bar\u0259d\u0259 Nazirl\u0259r Kabineti m\u00fcvafiq q\u0259rar q\u0259bul edib.<\/p>\n","protected":false},"author":2,"featured_media":86244,"comment_status":"closed","ping_status":"closed","sticky":false,"template":"","format":"standard","meta":{"footnotes":""},"categories":[12],"tags":[],"class_list":["post-86243","post","type-post","status-publish","format-standard","has-post-thumbnail","hentry","category-sosial"],"aioseo_notices":[],"_links":{"self":[{"href":"https:\/\/fedai.az\/index.php?rest_route=\/wp\/v2\/posts\/86243","targetHints":{"allow":["GET"]}}],"collection":[{"href":"https:\/\/fedai.az\/index.php?rest_route=\/wp\/v2\/posts"}],"about":[{"href":"https:\/\/fedai.az\/index.php?rest_route=\/wp\/v2\/types\/post"}],"author":[{"embeddable":true,"href":"https:\/\/fedai.az\/index.php?rest_route=\/wp\/v2\/users\/2"}],"replies":[{"embeddable":true,"href":"https:\/\/fedai.az\/index.php?rest_route=%2Fwp%2Fv2%2Fcomments&post=86243"}],"version-history":[{"count":1,"href":"https:\/\/fedai.az\/index.php?rest_route=\/wp\/v2\/posts\/86243\/revisions"}],"predecessor-version":[{"id":86245,"href":"https:\/\/fedai.az\/index.php?rest_route=\/wp\/v2\/posts\/86243\/revisions\/86245"}],"wp:featuredmedia":[{"embeddable":true,"href":"https:\/\/fedai.az\/index.php?rest_route=\/wp\/v2\/media\/86244"}],"wp:attachment":[{"href":"https:\/\/fedai.az\/index.php?rest_route=%2Fwp%2Fv2%2Fmedia&parent=86243"}],"wp:term":[{"taxonomy":"category","embeddable":true,"href":"https:\/\/fedai.az\/index.php?rest_route=%2Fwp%2Fv2%2Fcategories&post=86243"},{"taxonomy":"post_tag","embeddable":true,"href":"https:\/\/fedai.az\/index.php?rest_route=%2Fwp%2Fv2%2Ftags&post=86243"}],"curies":[{"name":"wp","href":"https:\/\/api.w.org\/{rel}","templated":true}]}}