{"id":86248,"date":"2022-11-16T19:33:56","date_gmt":"2022-11-16T15:33:56","guid":{"rendered":"https:\/\/fedai.az\/?p=86248"},"modified":"2022-11-16T19:34:00","modified_gmt":"2022-11-16T15:34:00","slug":"fransanin-erm%c9%99nip%c9%99r%c9%99st-siyasi-movqeyi-inkarolunmazdir","status":"publish","type":"post","link":"https:\/\/fedai.az\/?p=86248","title":{"rendered":"Fransan\u0131n erm\u0259nip\u0259r\u0259st siyasi m\u00f6vqeyi inkarolunmazd\u0131r"},"content":{"rendered":"\n<p><strong>Bildiyimiz kimi, oktyabr ay\u0131n\u0131n 3-d\u0259 bir qrup senator anti-Az\u0259rbaycan q\u0259tnam\u0259 layih\u0259sini Fransa senat\u0131na t\u0259qdim edib. Bu q\u0259tnam\u0259 noyabr ay\u0131n\u0131n 15-d\u0259 b\u00f6y\u00fck s\u0259s \u00e7oxlu\u011fu il\u0259 q\u0259bul edilib. Senat\u0131n 6 \u00fczv\u00fcn\u00fcn haz\u0131rlad\u0131\u011f\u0131 v\u0259 bax\u0131lmas\u0131 15 noyabr tarixin\u0259 t\u0259yin edil\u0259n q\u0259tnam\u0259 layih\u0259sind\u0259 Fransa hakimiyy\u0259tinin v\u0259 dig\u0259r Avropa \u0130ttifaq\u0131 \u00f6lk\u0259l\u0259rinin \u201cAz\u0259rbaycandan idxal edil\u0259n qaz v\u0259 neft\u0259 embarqo t\u0259tbiq etm\u0259k\u201d \u00e7a\u011f\u0131r\u0131\u015f\u0131 yer al\u0131b, \u00f6lk\u0259miz Beyn\u0259lxalq Cinay\u0259t M\u0259hk\u0259m\u0259si il\u0259 t\u0259hdid edilib.<\/strong><\/p>\n\n\n\n<p> Bu q\u0259tnam\u0259, az\u0259rbaycanl\u0131lardan &#171;Erm\u0259nistan \u0259razisini t\u0259rk etm\u0259l\u0259rini&#187; t\u0259l\u0259b ed\u0259r\u0259k, m\u0259suliyy\u0259ti bil\u0259r\u0259kd\u0259n t\u0259hrif edir v\u0259 dig\u0259rinin \u00fcz\u0259rin\u0259 at\u0131r. S\u00f6z\u00fcged\u0259n s\u0259n\u0259dd\u0259 erm\u0259ni \u0259sirl\u0259rin \u00f6lk\u0259l\u0259rin\u0259 qaytar\u0131lmas\u0131n\u0131 t\u0259l\u0259b ed\u0259r\u0259k, erm\u0259ni diversantlar\u0131n\u0131n davaml\u0131 h\u00fccumlar\u0131na, Erm\u0259nistan h\u00f6kum\u0259tinin Az\u0259rbaycan torpaqlar\u0131nda basd\u0131r\u0131lm\u0131\u015f minalar\u0131n x\u0259rit\u0259l\u0259rini verm\u0259kd\u0259n imtina etm\u0259sin\u0259 m\u0259h\u0259l qoymur, m\u00fcnaqi\u015f\u0259l\u0259r zaman\u0131 itkin d\u00fc\u015fm\u00fc\u015f 4 min az\u0259rbaycanl\u0131n\u0131n taleyinin m\u00fc\u0259yy\u0259n edilm\u0259sini n\u0259z\u0259r\u0259 alm\u0131r. Ukraynan\u0131 d\u0259st\u0259kl\u0259m\u0259k, eyni zamanda Rusiya qo\u015funlar\u0131 il\u0259 \u00e7iyin-\u00e7iyin\u0259 d\u00f6y\u00fc\u015f\u0259n Erm\u0259nistan\u0131n t\u0259r\u0259fini tutmaq paradoksu il\u0259 d\u0259 narahat deyil, baxmayaraq ki, Az\u0259rbaycan m\u00fcnaqi\u015f\u0259nin ba\u015flan\u011f\u0131c\u0131ndan Kiyevi d\u0259st\u0259kl\u0259yib v\u0259 ona yard\u0131m g\u00f6st\u0259rib. T\u0259bii ki, Fransa parlamentaril\u0259rini bu ac\u0131nacaql\u0131 maskarada s\u00fcr\u00fckl\u0259m\u0259yi bacaran erm\u0259ni ekstremistl\u0259rinin istehzal\u0131 reklam\u0131 olan Senat epizodu, \u00f6z\u00fcn\u00fcn islamofob daxili siyas\u0259ti, habel\u0259, Qafqaz, M\u0259rk\u0259zi Asiya d\u00f6vl\u0259tl\u0259rin\u0259 qar\u015f\u0131 a\u015fa\u011f\u0131lay\u0131c\u0131 xarici siyas\u0259t aparan v\u0259 bununla da getdikc\u0259 siyasi, m\u0259d\u0259ni, h\u0259tta, linqvistik bax\u0131mdan xalqlar aras\u0131nda n\u00fcfuzunu itir\u0259n Fransan\u0131n \u00f6z fundamental prinsipl\u0259rind\u0259n \u00fcz d\u00f6nd\u0259rm\u0259sinin \u0259ksidir.<\/p>\n\n\n\n<p>Qaraba\u011fdak\u0131 \u00fcns\u00fcrl\u0259rin Fransaya s\u0259f\u0259rin\u0259 v\u0259 m\u00fcxt\u0259lif \u0259razi vahidl\u0259rinin, d\u00f6vl\u0259t strukturlar\u0131n\u0131n r\u0259hb\u0259rl\u0259ri, senatorlarla g\u00f6r\u00fc\u015f\u00fcn\u0259 \u015f\u0259rait yarad\u0131l\u0131rsa, dem\u0259li, ortada r\u0259smi Parisin konkret m\u00f6vqeyi var. Bu qanuna zidd hallara g\u00f6r\u0259 m\u0259suliyy\u0259ti d\u0259 m\u0259hz, Fransa r\u0259hb\u0259rliyi da\u015f\u0131y\u0131r. Fransa milyonlarla m\u00fcs\u0259lman\u0131n h\u00fcquqlar\u0131n\u0131n pozuldu\u011fu, diskriminasiyaya m\u0259ruz qald\u0131\u011f\u0131 bir \u00f6lk\u0259dir. \u00d6z\u00fcn\u00fc guya haqq\u0131n t\u0259r\u0259fdar\u0131 kimi t\u0259qdim ed\u0259n Fransa r\u0259smil\u0259ri, senatorlar\u0131 v\u0259 s. \u00f6z \u00f6lk\u0259l\u0259rind\u0259 m\u00f6vcud olan bu eyb\u0259c\u0259rlikl\u0259r bar\u0259d\u0259 niy\u0259 susurlar? \u0130nsanlar haql\u0131 \u015f\u0259kild\u0259 Fransan\u0131n anla\u015f\u0131lmaz siyas\u0259tind\u0259n narahatd\u0131rlar. Fransan\u0131n&nbsp; d\u0259st\u0259yind\u0259n b\u0259hr\u0259l\u0259n\u0259n Erm\u0259nistan quruculuq i\u015fl\u0259rin\u0259 imkanlar\u0131n\u0131 b\u0259rpa etmir, \u0259ksin\u0259 qar\u015f\u0131durma meyill\u0259rinin g\u00fccl\u0259ndiurilm\u0259sin\u0259 y\u00f6n\u0259ldir. Fransa Erm\u0259nistan\u0131n x\u0259trin\u0259 kobud \u015f\u0259kild\u0259 t\u0259l\u0259bke\u015flik etm\u0259kl\u0259&nbsp; ikili standartlar\u0131n n\u0259 olmas\u0131n\u0131 b\u00fcruz\u0259 verir. Bu onu g\u00f6st\u0259rir ki, Az\u0259rbaycan v\u0259 Erm\u0259nistan m\u00fcnaqi\u015f\u0259sind\u0259 r\u0259smi Paris b\u00fct\u00f6vl\u00fckl\u0259 erm\u0259nip\u0259r\u0259st m\u00f6vqe s\u0259rgil\u0259yir. Erm\u0259nistan\u0131n m\u00f6vqeyi, \u0259lb\u0259tt\u0259 ki, s\u0259mimi deyil. Fransa da, Erm\u0259nistan da, Az\u0259rbaycan\u0131n siyasi, h\u0259rbi u\u011furlar\u0131n\u0131 h\u0259zm ed\u0259 bilmir.<\/p>\n\n\n\n<p>Bu g\u00fcn, Makron Fransan\u0131 i\u015f\u011fal\u00e7\u0131 Erm\u0259nistan\u0131n fa\u015fizm siyas\u0259tinin \u0259sirin\u0259 \u00e7evirib. O, Da\u011fl\u0131q Qaraba\u011f m\u00fcnaqi\u015f\u0259sinin h\u0259llind\u0259n m\u0259suliyy\u0259t da\u015f\u0131yan AT\u018fT-in Minsk qrupunun \u00fc\u00e7 h\u0259ms\u0259dr d\u00f6vl\u0259tind\u0259n birinin r\u0259hb\u0259ri kimi ba\u015f ver\u0259n h\u0259rbi \u0259m\u0259liyyatlarda t\u0259r\u0259fl\u0259ri t\u0259kc\u0259 s\u00fclh\u0259 d\u0259v\u0259t ets\u0259ydi ba\u015fa d\u00fc\u015f\u00fcl\u0259n olard\u0131, lakin Fransa prezidenti \u00f6z\u00fcn\u00fc h\u0259ms\u0259dr d\u00f6vl\u0259tin r\u0259hb\u0259ri kimi yox, i\u015f\u011fal\u00e7\u0131 \u00f6lk\u0259nin s\u00f6z\u00e7\u00fcs\u00fc kimi apard\u0131, a\u00e7\u0131q \u015f\u0259kild\u0259 m\u00fcnaqi\u015f\u0259nin \u0259sas s\u0259b\u0259bkar\u0131n\u0131n yan\u0131nda yer ald\u0131 v\u0259 r\u0259hb\u0259rlik etdiyi \u00f6lk\u0259nin maraqlar\u0131n\u0131 bel\u0259 i\u015f\u011fal\u00e7\u0131 Erm\u0259nistan\u0131n fa\u015fizm siyas\u0259tin\u0259 qurban verdi. Bel\u0259 bir n\u0259tic\u0259y\u0259 g\u0259lm\u0259k olar ki, erm\u0259ni diasporunun v\u0259 lobbisinin Fransa xarici siyas\u0259tin\u0259 m\u00fch\u00fcm t\u0259siri inkarolunmaz bir h\u0259qiq\u0259tdir&#8230;<\/p>\n\n\n\n<p><strong>Ya\u015fas\u0131n m\u00fcst\u0259qil Az\u0259rbaycan Respublikas\u0131! E\u015fq olsun Az\u0259rbaycan xalq\u0131na v\u0259 R\u0259\u015fad\u0259tli Az\u0259rbaycan Ordusuna! Allah c\u0259mi \u015f\u0259hidl\u0259rimiz\u0259 r\u0259hm\u0259t etsin, yaral\u0131 h\u0259rbi qulluq\u00e7ular\u0131m\u0131za \u015f\u0259fa versin! Uca Allahdan xalq\u0131m\u0131z\u0131n \u00dcmummilli Lideri Heyd\u0259r \u018fliyev\u0259 r\u0259hm\u0259t dil\u0259yirik!. H\u0259r birimiz Az\u0259rbaycan Respublikas\u0131n\u0131n Prezidenti, Ali Ba\u015f Komandan, c\u0259nab \u0130lham \u018fliyevl\u0259 q\u00fcrur duyuruq!!!&#8230; Qaraba\u011f Az\u0259rbaycand\u0131r!&#8230;<\/strong><\/p>\n\n\n\n<figure class=\"wp-block-image size-full is-resized\"><img loading=\"lazy\" decoding=\"async\" src=\"https:\/\/fedai.az\/wp-content\/uploads\/2022\/10\/I65-1.jpg\" alt=\"\" class=\"wp-image-83433\" width=\"315\" height=\"333\" srcset=\"https:\/\/fedai.az\/wp-content\/uploads\/2022\/10\/I65-1.jpg 394w, https:\/\/fedai.az\/wp-content\/uploads\/2022\/10\/I65-1-284x300.jpg 284w, https:\/\/fedai.az\/wp-content\/uploads\/2022\/10\/I65-1-142x150.jpg 142w\" sizes=\"auto, (max-width: 315px) 100vw, 315px\" \/><\/figure>\n\n\n\n<p><strong>H\u00f6rm\u0259tl\u0259,<\/strong> <strong>M\u00fc\u015ffiq \u018fliyev<\/strong><\/p>\n\n\n\n<p><strong><em>Az\u0259rbaycan Respublikas\u0131 \u015e\u0259hid Ail\u0259l\u0259rin\u0259 \u201cQay\u011f\u0131\u201d C\u0259miyy\u0259tinin s\u0259dri, Az\u0259rbaycan Respublikas\u0131 Qeyri H\u00f6kum\u0259t T\u0259\u015fkilatlar\u0131na D\u0259st\u0259k Agentliyinin Layih\u0259l\u0259r r\u0259hb\u0259ri. Qaraba\u011f qazisi.<\/em><\/strong><\/p>\n","protected":false},"excerpt":{"rendered":"<p>Bildiyimiz kimi, oktyabr ay\u0131n\u0131n 3-d\u0259 bir qrup senator anti-Az\u0259rbaycan q\u0259tnam\u0259 layih\u0259sini Fransa senat\u0131na t\u0259qdim edib. Bu q\u0259tnam\u0259 noyabr ay\u0131n\u0131n 15-d\u0259 b\u00f6y\u00fck s\u0259s \u00e7oxlu\u011fu il\u0259<\/p>\n","protected":false},"author":2,"featured_media":86250,"comment_status":"closed","ping_status":"closed","sticky":false,"template":"","format":"standard","meta":{"footnotes":""},"categories":[18],"tags":[],"class_list":["post-86248","post","type-post","status-publish","format-standard","has-post-thumbnail","hentry","category-dbi-dusunclr"],"aioseo_notices":[],"_links":{"self":[{"href":"https:\/\/fedai.az\/index.php?rest_route=\/wp\/v2\/posts\/86248","targetHints":{"allow":["GET"]}}],"collection":[{"href":"https:\/\/fedai.az\/index.php?rest_route=\/wp\/v2\/posts"}],"about":[{"href":"https:\/\/fedai.az\/index.php?rest_route=\/wp\/v2\/types\/post"}],"author":[{"embeddable":true,"href":"https:\/\/fedai.az\/index.php?rest_route=\/wp\/v2\/users\/2"}],"replies":[{"embeddable":true,"href":"https:\/\/fedai.az\/index.php?rest_route=%2Fwp%2Fv2%2Fcomments&post=86248"}],"version-history":[{"count":1,"href":"https:\/\/fedai.az\/index.php?rest_route=\/wp\/v2\/posts\/86248\/revisions"}],"predecessor-version":[{"id":86251,"href":"https:\/\/fedai.az\/index.php?rest_route=\/wp\/v2\/posts\/86248\/revisions\/86251"}],"wp:featuredmedia":[{"embeddable":true,"href":"https:\/\/fedai.az\/index.php?rest_route=\/wp\/v2\/media\/86250"}],"wp:attachment":[{"href":"https:\/\/fedai.az\/index.php?rest_route=%2Fwp%2Fv2%2Fmedia&parent=86248"}],"wp:term":[{"taxonomy":"category","embeddable":true,"href":"https:\/\/fedai.az\/index.php?rest_route=%2Fwp%2Fv2%2Fcategories&post=86248"},{"taxonomy":"post_tag","embeddable":true,"href":"https:\/\/fedai.az\/index.php?rest_route=%2Fwp%2Fv2%2Ftags&post=86248"}],"curies":[{"name":"wp","href":"https:\/\/api.w.org\/{rel}","templated":true}]}}