{"id":86254,"date":"2022-11-17T01:11:14","date_gmt":"2022-11-16T21:11:14","guid":{"rendered":"https:\/\/fedai.az\/?p=86254"},"modified":"2022-11-17T01:11:18","modified_gmt":"2022-11-16T21:11:18","slug":"abs-dovl%c9%99t-departamentinin-bas-m%c9%99sl%c9%99h%c9%99tcisi-minsk-qrupu-mexanizmi-artiq-f%c9%99aliyy%c9%99t-gost%c9%99rmir","status":"publish","type":"post","link":"https:\/\/fedai.az\/?p=86254","title":{"rendered":"AB\u015e D\u00f6vl\u0259t Departamentinin ba\u015f m\u0259sl\u0259h\u0259t\u00e7isi: \u201cMinsk qrupu mexanizmi art\u0131q f\u0259aliyy\u0259t g\u00f6st\u0259rmir\u201d"},"content":{"rendered":"\n<p><strong>\u201cArt\u0131q AT\u018fT-in Minsk qrupu mexanizmi i\u015fl\u0259mir v\u0259 Va\u015finqton Az\u0259rbaycan v\u0259 Erm\u0259nistan aras\u0131nda s\u00fclh yolu il\u0259 nizamlanman\u0131 t\u0259min etm\u0259k \u00fc\u00e7\u00fcn yaln\u0131z Bak\u0131 v\u0259 \u0130r\u0259vanla birba\u015fa qar\u015f\u0131l\u0131ql\u0131 \u0259laq\u0259 prosesind\u0259 \u00e7al\u0131\u015f\u0131r\u201d.<\/strong><\/p>\n\n\n\n<p>\u201cReport\u201d TASS-a istinad\u0259n x\u0259b\u0259r verir ki, bunu&nbsp;AB\u015e D\u00f6vl\u0259t Departamentinin Qafqaz \u00fczr\u0259 ba\u015f m\u0259sl\u0259h\u0259t\u00e7isi Filip Riker Birl\u0259\u015fmi\u015f \u015etatlar&nbsp;Konqresinin Senat\u0131n\u0131n Xarici \u018flaq\u0259l\u0259r Komit\u0259sind\u0259 ke\u00e7iril\u0259n dinl\u0259m\u0259l\u0259rd\u0259 deyib.<\/p>\n\n\n\n<p>\u201cM\u0259n\u0259 el\u0259 g\u0259lir ki, o, konsensus yolu il\u0259 bu mandata son qoya bil\u0259c\u0259yimiz h\u0259dd\u0259 \u00e7at\u0131b. Buna baxmayaraq, mandat\u0131n \u00f6z\u00fc kifay\u0259t q\u0259d\u0259r faydal\u0131d\u0131r. H\u0259r\u00e7\u0259nd ki Minsk qrupunun h\u0259ms\u0259drl\u0259ri aras\u0131nda qar\u015f\u0131l\u0131ql\u0131 f\u0259aliyy\u0259t prosesi art\u0131q f\u0259aliyy\u0259t g\u00f6st\u0259rmir. Biz (AB\u015e administrasiyas\u0131n\u0131n v\u0259zif\u0259li \u015f\u0259xsl\u0259ri \u2013 red.) t\u0259r\u0259fl\u0259rl\u0259 onlar\u0131n s\u00fclh prosesind\u0259 birba\u015fa i\u015ftirak edirik\u201d, &#8212; diplomat bildirib.<\/p>\n","protected":false},"excerpt":{"rendered":"<p>\u201cArt\u0131q AT\u018fT-in Minsk qrupu mexanizmi i\u015fl\u0259mir v\u0259 Va\u015finqton Az\u0259rbaycan v\u0259 Erm\u0259nistan aras\u0131nda s\u00fclh yolu il\u0259 nizamlanman\u0131 t\u0259min etm\u0259k \u00fc\u00e7\u00fcn yaln\u0131z Bak\u0131 v\u0259 \u0130r\u0259vanla birba\u015fa<\/p>\n","protected":false},"author":2,"featured_media":86255,"comment_status":"closed","ping_status":"closed","sticky":false,"template":"","format":"standard","meta":{"footnotes":""},"categories":[1],"tags":[],"class_list":["post-86254","post","type-post","status-publish","format-standard","has-post-thumbnail","hentry","category-siyast"],"aioseo_notices":[],"_links":{"self":[{"href":"https:\/\/fedai.az\/index.php?rest_route=\/wp\/v2\/posts\/86254","targetHints":{"allow":["GET"]}}],"collection":[{"href":"https:\/\/fedai.az\/index.php?rest_route=\/wp\/v2\/posts"}],"about":[{"href":"https:\/\/fedai.az\/index.php?rest_route=\/wp\/v2\/types\/post"}],"author":[{"embeddable":true,"href":"https:\/\/fedai.az\/index.php?rest_route=\/wp\/v2\/users\/2"}],"replies":[{"embeddable":true,"href":"https:\/\/fedai.az\/index.php?rest_route=%2Fwp%2Fv2%2Fcomments&post=86254"}],"version-history":[{"count":1,"href":"https:\/\/fedai.az\/index.php?rest_route=\/wp\/v2\/posts\/86254\/revisions"}],"predecessor-version":[{"id":86256,"href":"https:\/\/fedai.az\/index.php?rest_route=\/wp\/v2\/posts\/86254\/revisions\/86256"}],"wp:featuredmedia":[{"embeddable":true,"href":"https:\/\/fedai.az\/index.php?rest_route=\/wp\/v2\/media\/86255"}],"wp:attachment":[{"href":"https:\/\/fedai.az\/index.php?rest_route=%2Fwp%2Fv2%2Fmedia&parent=86254"}],"wp:term":[{"taxonomy":"category","embeddable":true,"href":"https:\/\/fedai.az\/index.php?rest_route=%2Fwp%2Fv2%2Fcategories&post=86254"},{"taxonomy":"post_tag","embeddable":true,"href":"https:\/\/fedai.az\/index.php?rest_route=%2Fwp%2Fv2%2Ftags&post=86254"}],"curies":[{"name":"wp","href":"https:\/\/api.w.org\/{rel}","templated":true}]}}