{"id":86257,"date":"2022-11-17T01:49:26","date_gmt":"2022-11-16T21:49:26","guid":{"rendered":"https:\/\/fedai.az\/?p=86257"},"modified":"2022-11-17T01:49:29","modified_gmt":"2022-11-16T21:49:29","slug":"beyn%c9%99lxalq-t%c9%99skilatlardaki-ugurlu-%c9%99m%c9%99kdasligimiz-bizim-%c9%99laq%c9%99l%c9%99rimizi-gucl%c9%99ndirir","status":"publish","type":"post","link":"https:\/\/fedai.az\/?p=86257","title":{"rendered":"Beyn\u0259lxalq t\u0259\u015fkilatlardak\u0131 u\u011furlu \u0259m\u0259kda\u015fl\u0131\u011f\u0131m\u0131z bizim \u0259laq\u0259l\u0259rimizi g\u00fccl\u0259ndirir"},"content":{"rendered":"\n<div class=\"wp-block-media-text alignwide is-stacked-on-mobile\" style=\"grid-template-columns:43% auto\"><figure class=\"wp-block-media-text__media\"><img loading=\"lazy\" decoding=\"async\" width=\"394\" height=\"416\" src=\"https:\/\/fedai.az\/wp-content\/uploads\/2021\/12\/I65-2.jpg\" alt=\"\" class=\"wp-image-56704 size-full\" srcset=\"https:\/\/fedai.az\/wp-content\/uploads\/2021\/12\/I65-2.jpg 394w, https:\/\/fedai.az\/wp-content\/uploads\/2021\/12\/I65-2-284x300.jpg 284w, https:\/\/fedai.az\/wp-content\/uploads\/2021\/12\/I65-2-142x150.jpg 142w\" sizes=\"auto, (max-width: 394px) 100vw, 394px\" \/><\/figure><div class=\"wp-block-media-text__content\">\n<h1 class=\"wp-block-heading\"><strong><mark style=\"background-color:rgba(0, 0, 0, 0)\" class=\"has-inline-color has-vivid-red-color\">M\u00fc\u015ffiq \u018fliyev<\/mark><\/strong><\/h1>\n\n\n\n<p><strong><em>Az\u0259rbaycan Respublikas\u0131 \u015e\u0259hid Ail\u0259l\u0259rin\u0259 \u201cQay\u011f\u0131\u201d C\u0259miyy\u0259tinin s\u0259dri, Az\u0259rbaycan V\u0259t\u0259n M\u00fcharib\u0259si Veteranlar\u0131 \u0130ctimai Birliyi S\u0259drinin humanitar m\u0259s\u0259l\u0259l\u0259r \u00fczr\u0259 s\u0259lahiyy\u0259tli n\u00fcmay\u0259nd\u0259si<\/em><\/strong><\/p>\n\n\n\n<p><strong>X\u018fZ\u018fR RAYON SAK\u0130N\u0130<\/strong><\/p>\n<\/div><\/div>\n\n\n\n<p><\/p>\n\n\n\n<p><strong>M\u0259lumdur ki, Az\u0259rbaycan d\u00f6vl\u0259tinin xarici siyas\u0259ti h\u0259m milli maraqlar\u0131 g\u00f6zl\u0259yir, h\u0259m d\u0259, d\u00fcnya siyas\u0259tinin b\u00fct\u00fcn subyektl\u0259rinin b\u0259rab\u0259rh\u00fcquqlu i\u015ftirak\u0131n\u0131 t\u0259min ed\u0259n f\u0259aliyy\u0259t modelin\u0259 \u00fcst\u00fcnl\u00fck verir. Az\u0259rbaycan\u0131n xarici siyas\u0259tind\u0259 \u00e7oxvektorluq \u00fcst\u00fcnl\u00fck t\u0259\u015fkil etdiyind\u0259n onun qlobal miqyasda geosiyasi \u00e7\u0259kisi durmadan art\u0131r.\u00a0Bu m\u0259qamlar\u0131 n\u0259z\u0259r\u0259 alsaq, bel\u0259 n\u0259tic\u0259y\u0259 g\u0259l\u0259 bil\u0259rik ki, Az\u0259rbaycan\u0131n regional v\u0259 qlobal siyas\u0259tin m\u00fcst\u0259qil m\u0259rk\u0259zi olmas\u0131nda, Heyd\u0259r \u018fliyev t\u0259r\u0259find\u0259n m\u00fc\u0259yy\u0259n edilmi\u015f \u00e7oxvektorlu xarici siyas\u0259t kursu h\u0259lledici rol oynam\u0131\u015fd\u0131r.\u00a0H\u0259min m\u0259qam \u00f6lk\u0259mizin dinamik inki\u015faf\u0131 \u00fc\u00e7\u00fcn geni\u015f perspektivl\u0259r a\u00e7\u0131r.<\/strong><\/p>\n\n\n\n<p>&nbsp;Bu g\u00fcn, Prezident \u0130lham \u018fliyevin m\u0259qs\u0259dy\u00f6nl\u00fc xarici siyas\u0259ti n\u0259tic\u0259sind\u0259 Az\u0259rbaycan regional v\u0259 qlobal \u0259h\u0259miyy\u0259tli iqtisadi, siyasi v\u0259 humanitar layih\u0259l\u0259rin m\u0259rk\u0259zin\u0259 \u00e7evrilib, bir s\u0131ra \u0259h\u0259miyy\u0259tli \u0259m\u0259kda\u015fl\u0131q formatlar\u0131n\u0131n t\u0259\u015f\u0259bb\u00fcskar\u0131 olub. M\u00fcasir d\u00f6vrd\u0259 Az\u0259rbaycan\u0131n beyn\u0259lxalq s\u0259viyy\u0259d\u0259 h\u0259yata ke\u00e7irdiyi b\u0259rab\u0259rh\u00fcquqlu v\u0259 qar\u015f\u0131l\u0131ql\u0131 maraqlar prinsipl\u0259rin\u0259 s\u00f6yk\u0259n\u0259n xarici siyas\u0259t strategiyas\u0131 ekspertl\u0259r t\u0259r\u0259find\u0259n t\u0259qdir olunan model kimi qiym\u0259tl\u0259ndirilib. \u00dcmumilikd\u0259, Prezident \u0130lham \u018fliyevin h\u0259yata ke\u00e7irdiyi xarici siyas\u0259t kursu h\u0259mi\u015f\u0259 \u00f6z dinamikliyi, intensivliyi v\u0259 \u00e7evikliyi il\u0259 xarakteriz\u0259 olunub v\u0259 daim milli maraqlara s\u00f6yk\u0259nib.<\/p>\n\n\n\n<p>Dig\u0259r d\u00f6vl\u0259tl\u0259rl\u0259 oldu\u011fu kimi, Az\u0259rbaycan v\u0259 Albaniya aras\u0131nda da konstruktiv siyasi dialoq m\u00f6vcuddur. Albaniya prezidentl\u0259ri \u0259vv\u0259lki ill\u0259rd\u0259 Az\u0259rbaycana d\u0259f\u0259l\u0259rl\u0259 s\u0259f\u0259r etmi\u015fdil\u0259r. Bu il ke\u00e7mi\u015f Prezident Meta Az\u0259rbaycanda s\u0259f\u0259rd\u0259 idi. Eyni zamanda, bu ilin aprel ay\u0131nda Ba\u015f nazir Edi Rama da bizim qona\u011f\u0131m\u0131z idi. Siyasi dialoqun \u00e7ox g\u00fccl\u00fc dinamizmi var. Albaniya h\u0259mi\u015f\u0259 Az\u0259rbaycan\u0131n \u0259razi b\u00fct\u00f6vl\u00fcy\u00fcn\u00fc d\u0259st\u0259kl\u0259yib v\u0259 bu d\u0259st\u0259k h\u0259mi\u015f\u0259 qar\u015f\u0131l\u0131ql\u0131 olub. H\u0259m i\u015f\u011fal d\u00f6vr\u00fcnd\u0259, h\u0259m \u0130kinci Qaraba\u011f m\u00fcharib\u0259si d\u00f6vr\u00fcnd\u0259 Albaniya r\u0259smil\u0259rinin b\u0259yanatlar\u0131n\u0131, Az\u0259rbaycan\u0131n \u0259razi b\u00fct\u00f6vl\u00fcy\u00fcn\u0259 g\u00f6st\u0259ril\u0259n d\u0259st\u0259yi biz \u00e7ox y\u00fcks\u0259k qiym\u0259tl\u0259ndiririk. V\u0259t\u0259n m\u00fcharib\u0259sinin n\u0259tic\u0259si olaraq Az\u0259rbaycan \u00f6z \u0259z\u0259li torpaqlar\u0131n\u0131 i\u015f\u011fal\u00e7\u0131lardan azad etdi v\u0259 beyn\u0259lxalq h\u00fcququ b\u0259rpa etdi. BMT T\u0259hl\u00fck\u0259sizlik \u015euras\u0131n\u0131n m\u00fcvafiq q\u0259tnam\u0259l\u0259ri 1993-c\u00fc ild\u0259 q\u0259bul olunmas\u0131na baxmayaraq, bu q\u0259tnam\u0259l\u0259r 27 il \u0259rzind\u0259 icra edilmirdi. Erm\u0259nistan bu q\u0259tnam\u0259l\u0259rin icras\u0131na maraq g\u00f6st\u0259rmirdi, faktiki olaraq m\u0259h\u0259l qoymurdu, beyn\u0259lxalq ictimaiyy\u0259t, beyn\u0259lxalq birlik is\u0259 sad\u0259c\u0259 olaraq, buna g\u00f6z yumurdu v\u0259 Erm\u0259nistana h\u0259r hans\u0131 bir sanksiya t\u0259tbiq edilm\u0259mi\u015fdir. Az\u0259rbaycan \u0259razisinin 20 faizini i\u015f\u011fal etm\u0259k b\u00f6y\u00fck cinay\u0259tdir v\u0259 i\u015f\u011fal edilmi\u015f torpaqlarda qanunsuz m\u0259skunla\u015fma aparmaq h\u0259rbi cinay\u0259tdir. Orada t\u00f6r\u0259dilmi\u015f da\u011f\u0131nt\u0131lar faktiki olaraq o torpaqlar\u0131 tamamil\u0259 cans\u0131z edib. <\/p>\n\n\n\n<p>Erm\u0259nil\u0259r i\u015f\u011fal d\u00f6vr\u00fcnd\u0259 67 m\u0259scidd\u0259n 65-ni yerl\u0259-yeksan etmi\u015fl\u0259r, qalan iki m\u0259scidd\u0259 is\u0259 heyvan &#8212; in\u0259k, donuz saxlam\u0131\u015flar v\u0259 b\u00fct\u00fcn m\u00fcs\u0259lmanlar\u0131n hissl\u0259rin\u0259 toxunmu\u015flar. Azad edilmi\u015f torpaqlarda indi Az\u0259rbaycan Bayra\u011f\u0131 dal\u011falan\u0131r. Az\u0259rbaycan xalq\u0131 \u00f6z do\u011fma torpaqlar\u0131na qay\u0131d\u0131b v\u0259 bu torpaqlara h\u0259yat qay\u0131d\u0131r. \u0130qtisadiyyat v\u0259 s\u0259naye \u00fczr\u0259 yarad\u0131lm\u0131\u015f m\u00fc\u015ft\u0259r\u0259k i\u015f\u00e7i qrupu tezlikl\u0259 birinci iclas\u0131n\u0131 ke\u00e7irm\u0259lidir. M\u00fczakir\u0259 edil\u0259si m\u0259s\u0259l\u0259l\u0259r \u00e7oxdur. \u00d6n\u0259mli \u0259m\u0259kda\u015fl\u0131q istiqam\u0259tl\u0259rind\u0259n biri qaz sah\u0259sidir. Ancaq \u0259m\u0259kda\u015fl\u0131q \u00fc\u00e7\u00fcn enerji sektorundan ba\u015fqa da \u00e7ox yax\u015f\u0131 imkanlar var &#8212; qar\u015f\u0131l\u0131ql\u0131 s\u0259rmay\u0259 qoyulu\u015fu, Albaniya v\u0259 Az\u0259rbaycan \u015firk\u0259tl\u0259rinin birg\u0259 f\u0259aliyy\u0259ti, birg\u0259 m\u00fc\u0259ssis\u0259l\u0259rin yarad\u0131lmas\u0131, turizm, k\u0259nd t\u0259s\u0259rr\u00fcfat\u0131, m\u00fcasir texnologiyalar sah\u0259l\u0259ri. Az\u0259rbaycan v\u0259 Albaniya TAP layih\u0259sinin \u00fczvl\u0259ridir v\u0259 C\u0259nub Qaz D\u0259hlizinin icras\u0131nda bizim \u00f6lk\u0259l\u0259rimiz \u00e7ox \u00f6n\u0259mli rol oynay\u0131blar. Az\u0259rbaycan\u0131n v\u0259 Avropa \u0130ttifaq\u0131n\u0131n s\u0259drliyi il\u0259 bu g\u00fcn\u0259 q\u0259d\u0259r ke\u00e7irilmi\u015f C\u0259nub Qaz D\u0259hlizi M\u0259\u015fv\u0259r\u0259t \u015euras\u0131n\u0131n bir \u00e7ox toplant\u0131lar\u0131nda Albaniya n\u00fcmay\u0259nd\u0259l\u0259ri h\u0259mi\u015f\u0259 \u00e7ox f\u0259al i\u015ftirak etmi\u015fl\u0259r. Bu g\u00fcn Az\u0259rbaycan qaz\u0131 Avropan\u0131n enerji t\u0259hl\u00fck\u0259sizliyin\u0259 d\u0259 \u00f6z t\u00f6hf\u0259sini verir. Bu ilin iyul ay\u0131nda Az\u0259rbaycanla Avropa Komissiyas\u0131 aras\u0131nda enerji sah\u0259sind\u0259 strateji \u0259m\u0259kda\u015fl\u0131q \u00fczr\u0259 Anla\u015fma Memorandumu imzalanm\u0131\u015fd\u0131r. <\/p>\n\n\n\n<p>H\u0259min Memorandum \u0259sas\u0131nda 2027-ci il\u0259 q\u0259d\u0259r Avropaya ged\u0259n qaz t\u0259chizat\u0131 iki d\u0259f\u0259 art\u0131r\u0131lacaqd\u0131r. Az\u0259rbaycan\u0131n qaz ehtiyatlar\u0131 \u00e7ox z\u0259ngindir. Haz\u0131rda h\u0259m TAP, h\u0259m TANAP qaz k\u0259m\u0259rl\u0259rinin iki d\u0259f\u0259 geni\u015fl\u0259ndirilm\u0259si m\u0259s\u0259l\u0259si m\u00fczakir\u0259 olunur. Az\u0259rbaycan Avropa \u0130ttifaq\u0131 r\u0259smil\u0259ri t\u0259r\u0259find\u0259n art\u0131q etibarl\u0131 t\u0259r\u0259fda\u015f kimi tan\u0131n\u0131r v\u0259 qiym\u0259tl\u0259ndirilir. Az\u0259rbaycan Albaniyada qaz t\u0259s\u0259rr\u00fcfat\u0131n\u0131n inki\u015faf\u0131na \u00f6z t\u00f6hf\u0259sini ver\u0259c\u0259kdir. Albaniyada bu g\u00fcn\u0259 q\u0259d\u0259r qaz \u015f\u0259b\u0259k\u0259si yarad\u0131lmam\u0131\u015fd\u0131r. Az\u0259rbaycan bu sah\u0259d\u0259 d\u0259 investor kimi i\u015ftirak ed\u0259 bil\u0259r. Az\u0259rbaycan\u0131n NATO il\u0259 s\u0131x \u0259m\u0259kda\u015fl\u0131q platformas\u0131 var. Az\u0259rbaycan uzun ill\u0259r \u018ffqan\u0131standa NATO-nun \u0259m\u0259liyyatlar\u0131nda f\u0259al i\u015ftirak edib. Dem\u0259k olar NATO-ya \u00fczv olmayan \u00f6lk\u0259l\u0259r aras\u0131nda birincil\u0259r s\u0131ras\u0131nda idik ki, biz s\u00fclhm\u0259raml\u0131 missiyaya qo\u015fulduq. Biz \u018ffqan\u0131standan \u00e7\u0131xan son iki \u00f6lk\u0259 aras\u0131nday\u0131q &#8212; son iki \u00f6lk\u0259 T\u00fcrkiy\u0259 v\u0259 Az\u0259rbaycan idi. Qalan b\u00fct\u00fcn NATO \u00fczvl\u0259ri bizd\u0259n qabaq oradan \u00e7\u0131xm\u0131\u015fd\u0131lar. Albaniya da NATO-nun \u00fczv\u00fc kimi NATO-Az\u0259rbaycan \u0259laq\u0259l\u0259rin\u0259 h\u0259mi\u015f\u0259 b\u00f6y\u00fck d\u0259st\u0259k vermi\u015fdir.<\/p>\n\n\n\n<p>B\u00fct\u00f6vl\u00fckd\u0259, Az\u0259rbaycan\u0131n xarici siyas\u0259ti \u00f6lk\u0259nin milli t\u0259hl\u00fck\u0259sizliyinin etibarl\u0131 t\u0259minat\u0131d\u0131r.&nbsp;Bu, \u0259sas\u0131 Ulu \u00d6nd\u0259r Heyd\u0259r \u018fliyev t\u0259r\u0259find\u0259n qoyulmu\u015f v\u0259 Prezident \u0130lham \u018fliyev t\u0259r\u0259find\u0259n u\u011furla inki\u015faf etdiril\u0259n m\u00fcasir xarici siyas\u0259t kursunun m\u0259zmunundan qaynaqlan\u0131r. \u018fsas\u0131n\u0131 varislik il\u0259 yenilik aras\u0131ndak\u0131 tarazl\u0131q t\u0259\u015fkil ed\u0259n bu model m\u00f6vcud konyunkturan\u0131n d\u0259yi\u015fiklikl\u0259rin\u0259 \u0259m\u0259li sur\u0259td\u0259 cavab verm\u0259y\u0259, eyni zamanda, \u00f6lk\u0259nin davaml\u0131 inki\u015faf\u0131n\u0131 t\u0259min etm\u0259k \u00fc\u00e7\u00fcn \u0259lveri\u015fli xarici \u015f\u0259raitin yarad\u0131lmas\u0131na y\u00f6n\u0259l\u0259n diplomatik strategiyan\u0131n saxlan\u0131lmas\u0131na imkan yaratm\u0131\u015fd\u0131r. B\u00fct\u00fcn bunlar onu dem\u0259y\u0259 \u0259sas verir ki, bu g\u00fcn, Az\u0259rbaycan\u0131n d\u00fcnya miqyas\u0131nda n\u00fcfuzu xeyli art\u0131b. Bu da, \u00f6lk\u0259mizin C\u0259nubi Qafqaz regionunda lider d\u00f6vl\u0259t\u0259 \u00e7evrilm\u0259sini \u015f\u0259rtl\u0259ndirib. Bu bax\u0131mdan, Prezident \u0130lham \u018fliyevin u\u011furlu xarici siyas\u0259tinin t\u0259m\u0259lind\u0259 Az\u0259rbaycan\u0131n milli maraqlar\u0131n\u0131n h\u0259r zaman \u00fcst\u00fcn tutuldu\u011funu \u0259minlikl\u0259 s\u00f6yl\u0259m\u0259k olar.<\/p>\n\n\n\n<p><strong>Ya\u015fas\u0131n m\u00fcst\u0259qil Az\u0259rbaycan Respublikas\u0131! E\u015fq olsun Az\u0259rbaycan xalq\u0131na v\u0259 R\u0259\u015fad\u0259tli Az\u0259rbaycan Ordusuna! Allah c\u0259mi \u015f\u0259hidl\u0259rimiz\u0259 r\u0259hm\u0259t etsin, yaral\u0131 h\u0259rbi qulluq\u00e7ular\u0131m\u0131za \u015f\u0259fa versin! Uca Allahdan xalq\u0131m\u0131z\u0131n \u00dcmummilli Lideri Heyd\u0259r \u018fliyev\u0259 r\u0259hm\u0259t dil\u0259yirik!. H\u0259r birimiz Az\u0259rbaycan Respublikas\u0131n\u0131n Prezidenti, Ali Ba\u015f Komandan, c\u0259nab \u0130lham \u018fliyevl\u0259 q\u00fcrur duyuruq!!!&#8230; Qaraba\u011f Az\u0259rbaycand\u0131r!&#8230;<\/strong><\/p>\n","protected":false},"excerpt":{"rendered":"<p>M\u00fc\u015ffiq \u018fliyev Az\u0259rbaycan Respublikas\u0131 \u015e\u0259hid Ail\u0259l\u0259rin\u0259 \u201cQay\u011f\u0131\u201d C\u0259miyy\u0259tinin s\u0259dri, Az\u0259rbaycan V\u0259t\u0259n M\u00fcharib\u0259si Veteranlar\u0131 \u0130ctimai Birliyi S\u0259drinin humanitar m\u0259s\u0259l\u0259l\u0259r \u00fczr\u0259 s\u0259lahiyy\u0259tli n\u00fcmay\u0259nd\u0259si X\u018fZ\u018fR RAYON SAK\u0130N\u0130<\/p>\n","protected":false},"author":2,"featured_media":86258,"comment_status":"closed","ping_status":"closed","sticky":false,"template":"","format":"standard","meta":{"footnotes":""},"categories":[3],"tags":[],"class_list":["post-86257","post","type-post","status-publish","format-standard","has-post-thumbnail","hentry","category-gundm"],"aioseo_notices":[],"_links":{"self":[{"href":"https:\/\/fedai.az\/index.php?rest_route=\/wp\/v2\/posts\/86257","targetHints":{"allow":["GET"]}}],"collection":[{"href":"https:\/\/fedai.az\/index.php?rest_route=\/wp\/v2\/posts"}],"about":[{"href":"https:\/\/fedai.az\/index.php?rest_route=\/wp\/v2\/types\/post"}],"author":[{"embeddable":true,"href":"https:\/\/fedai.az\/index.php?rest_route=\/wp\/v2\/users\/2"}],"replies":[{"embeddable":true,"href":"https:\/\/fedai.az\/index.php?rest_route=%2Fwp%2Fv2%2Fcomments&post=86257"}],"version-history":[{"count":1,"href":"https:\/\/fedai.az\/index.php?rest_route=\/wp\/v2\/posts\/86257\/revisions"}],"predecessor-version":[{"id":86259,"href":"https:\/\/fedai.az\/index.php?rest_route=\/wp\/v2\/posts\/86257\/revisions\/86259"}],"wp:featuredmedia":[{"embeddable":true,"href":"https:\/\/fedai.az\/index.php?rest_route=\/wp\/v2\/media\/86258"}],"wp:attachment":[{"href":"https:\/\/fedai.az\/index.php?rest_route=%2Fwp%2Fv2%2Fmedia&parent=86257"}],"wp:term":[{"taxonomy":"category","embeddable":true,"href":"https:\/\/fedai.az\/index.php?rest_route=%2Fwp%2Fv2%2Fcategories&post=86257"},{"taxonomy":"post_tag","embeddable":true,"href":"https:\/\/fedai.az\/index.php?rest_route=%2Fwp%2Fv2%2Ftags&post=86257"}],"curies":[{"name":"wp","href":"https:\/\/api.w.org\/{rel}","templated":true}]}}