{"id":86309,"date":"2022-11-17T04:39:10","date_gmt":"2022-11-17T00:39:10","guid":{"rendered":"https:\/\/fedai.az\/?p=86309"},"modified":"2022-11-17T04:39:13","modified_gmt":"2022-11-17T00:39:13","slug":"az%c9%99rbaycan-fransaya-nota-verdi","status":"publish","type":"post","link":"https:\/\/fedai.az\/?p=86309","title":{"rendered":"Az\u0259rbaycan Fransaya\u00a0NOTA VERD\u0130"},"content":{"rendered":"\n<p><strong>Noyabr\u0131n 16-da Fransan\u0131n Az\u0259rbaycandak\u0131 m\u00fcv\u0259qq\u0259ti i\u015fl\u0259r v\u0259kili J\u00fcLyen L\u00f6 Lan Xarici \u0130\u015fl\u0259r Nazirliyin\u0259 (X\u0130N) \u00e7a\u011f\u0131r\u0131laraq, noyabr\u0131n 15-d\u0259 Fransa Senat\u0131nda Az\u0259rbaycan \u0259leyhin\u0259 q\u0259bul edilmi\u015f q\u0259tnam\u0259 il\u0259 ba\u011fl\u0131 X\u0130N-in etiraz notas\u0131 t\u0259qdim edilib.<\/strong><\/p>\n\n\n\n<p>Bu bar\u0259d\u0259\u00a0X\u0130N-d\u0259n m\u0259lumat verilib.<\/p>\n\n\n\n<p>G\u00f6r\u00fc\u015f zaman\u0131 Fransa Senat\u0131nda q\u0259bul edilmi\u015f tamamil\u0259 h\u0259qiq\u0259td\u0259n uzaq, yalan v\u0259 iftira dolu m\u00fcdd\u0259alar\u0131n \u0259ks olundu\u011fu q\u0259tnam\u0259nin Az\u0259rbaycan t\u0259r\u0259find\u0259n q\u0259tiyy\u0259tl\u0259 r\u0259dd edildiyi diqq\u0259t\u0259 \u00e7atd\u0131r\u0131l\u0131b.<\/p>\n\n\n\n<p>Q\u0259tnam\u0259nin a\u00e7\u0131q t\u0259xribat xarakteri da\u015f\u0131d\u0131\u011f\u0131 v\u0259 s\u00fclh prosesin\u0259 \u00f6z t\u00f6hf\u0259sini verm\u0259k iddias\u0131nda olan Fransan\u0131n n\u00f6vb\u0259ti d\u0259f\u0259 erm\u0259nip\u0259r\u0259st, q\u0259r\u0259zli v\u0259 birt\u0259r\u0259fli m\u00f6vqeyini bariz \u015f\u0259kild\u0259 n\u00fcmayi\u015f etdirdiyi bildirilib.<ins><ins><\/ins><\/ins><\/p>\n\n\n\n<p>Fransan\u0131n bu add\u0131m\u0131n\u0131n regionda s\u00fclh\u00fcn b\u0259rq\u0259rar olmas\u0131na, x\u00fcsusil\u0259 d\u0259, \u00f6lk\u0259mizin israrl\u0131 oldu\u011fu Az\u0259rbaycanla Erm\u0259nistan aras\u0131nda m\u00fcnasib\u0259tl\u0259rin bir-birinin suverenliyi, \u0259razi b\u00fct\u00f6vl\u00fcy\u00fc v\u0259 s\u0259rh\u0259dl\u0259rinin toxunulmazl\u0131\u011f\u0131n\u0131n qar\u015f\u0131l\u0131ql\u0131 tan\u0131nmas\u0131 v\u0259 h\u00f6rm\u0259t edilm\u0259si \u0259sas\u0131nda normalla\u015fmas\u0131na ciddi z\u0259rb\u0259 vurmaq m\u0259qs\u0259di da\u015f\u0131d\u0131\u011f\u0131, b\u00f6lg\u0259d\u0259 s\u00fclh\u0259 qar\u015f\u0131 olan revan\u015fist q\u00fcvv\u0259l\u0259ri h\u0259v\u0259sl\u0259ndirdiyi vur\u011fulan\u0131b.<\/p>\n\n\n\n<p>S\u00f6z\u00fcged\u0259n q\u0259tnam\u0259nin, beyn\u0259lxalq h\u00fcququn norma v\u0259 prinsipl\u0259rini kobud \u015f\u0259kild\u0259 pozmaqla yana\u015f\u0131, Az\u0259rbaycan Respublikas\u0131 il\u0259 Fransa Respublikas\u0131 aras\u0131nda \u201cDostluq, qar\u015f\u0131l\u0131ql\u0131 anla\u015fma v\u0259 \u0259m\u0259kda\u015fl\u0131q haqq\u0131nda M\u00fcqavil\u0259\u201dnin (1993) x\u00fcsusil\u0259 2-ci madd\u0259sinin 3-c\u00fc b\u0259ndi \u00e7\u0259r\u00e7iv\u0259sind\u0259 \u00f6hd\u0259likl\u0259r\u0259 tamamil\u0259 zidd oldu\u011fu qeyd edilib.<\/p>\n\n\n\n<p>Az\u0259rbaycan t\u0259r\u0259fi g\u00f6r\u00fc\u015fd\u0259 Fransa t\u0259r\u0259find\u0259n bir daha Az\u0259rbaycan\u0131n beyn\u0259lxalq h\u00fcquqla qorunan suverenliyi v\u0259 \u0259razi b\u00fct\u00f6vl\u00fcy\u00fcn\u0259 qar\u015f\u0131 y\u00f6n\u0259l\u0259n, onun daxili i\u015fl\u0259rin\u0259 m\u00fcdaxil\u0259 olan add\u0131m v\u0259 b\u0259yanatlardan \u00e7\u0259kinilm\u0259sini t\u0259kidl\u0259 t\u0259l\u0259b edib.<\/p>\n\n\n\n<p>Fransan\u0131n m\u00fcv\u0259qq\u0259ti i\u015fl\u0259r v\u0259kili Az\u0259rbaycan t\u0259r\u0259finin m\u00fcraci\u0259tini aidiyy\u0259ti \u00fczr\u0259 \u00e7atd\u0131raca\u011f\u0131n\u0131 bildirib.<\/p>\n","protected":false},"excerpt":{"rendered":"<p>Noyabr\u0131n 16-da Fransan\u0131n Az\u0259rbaycandak\u0131 m\u00fcv\u0259qq\u0259ti i\u015fl\u0259r v\u0259kili J\u00fcLyen L\u00f6 Lan Xarici \u0130\u015fl\u0259r Nazirliyin\u0259 (X\u0130N) \u00e7a\u011f\u0131r\u0131laraq, noyabr\u0131n 15-d\u0259 Fransa Senat\u0131nda Az\u0259rbaycan \u0259leyhin\u0259 q\u0259bul edilmi\u015f q\u0259tnam\u0259<\/p>\n","protected":false},"author":2,"featured_media":86310,"comment_status":"closed","ping_status":"closed","sticky":false,"template":"","format":"standard","meta":{"footnotes":""},"categories":[1],"tags":[],"class_list":["post-86309","post","type-post","status-publish","format-standard","has-post-thumbnail","hentry","category-siyast"],"aioseo_notices":[],"_links":{"self":[{"href":"https:\/\/fedai.az\/index.php?rest_route=\/wp\/v2\/posts\/86309","targetHints":{"allow":["GET"]}}],"collection":[{"href":"https:\/\/fedai.az\/index.php?rest_route=\/wp\/v2\/posts"}],"about":[{"href":"https:\/\/fedai.az\/index.php?rest_route=\/wp\/v2\/types\/post"}],"author":[{"embeddable":true,"href":"https:\/\/fedai.az\/index.php?rest_route=\/wp\/v2\/users\/2"}],"replies":[{"embeddable":true,"href":"https:\/\/fedai.az\/index.php?rest_route=%2Fwp%2Fv2%2Fcomments&post=86309"}],"version-history":[{"count":1,"href":"https:\/\/fedai.az\/index.php?rest_route=\/wp\/v2\/posts\/86309\/revisions"}],"predecessor-version":[{"id":86311,"href":"https:\/\/fedai.az\/index.php?rest_route=\/wp\/v2\/posts\/86309\/revisions\/86311"}],"wp:featuredmedia":[{"embeddable":true,"href":"https:\/\/fedai.az\/index.php?rest_route=\/wp\/v2\/media\/86310"}],"wp:attachment":[{"href":"https:\/\/fedai.az\/index.php?rest_route=%2Fwp%2Fv2%2Fmedia&parent=86309"}],"wp:term":[{"taxonomy":"category","embeddable":true,"href":"https:\/\/fedai.az\/index.php?rest_route=%2Fwp%2Fv2%2Fcategories&post=86309"},{"taxonomy":"post_tag","embeddable":true,"href":"https:\/\/fedai.az\/index.php?rest_route=%2Fwp%2Fv2%2Ftags&post=86309"}],"curies":[{"name":"wp","href":"https:\/\/api.w.org\/{rel}","templated":true}]}}