{"id":86316,"date":"2022-11-17T13:22:27","date_gmt":"2022-11-17T09:22:27","guid":{"rendered":"https:\/\/fedai.az\/?p=86316"},"modified":"2022-11-17T13:22:29","modified_gmt":"2022-11-17T09:22:29","slug":"2026-ci-il%c9%99d%c9%99k-qarabaga-n%c9%99-q%c9%99d%c9%99r-m%c9%99cburi-kockun-kocurul%c9%99c%c9%99k","status":"publish","type":"post","link":"https:\/\/fedai.az\/?p=86316","title":{"rendered":"2026-c\u0131 il\u0259d\u0259k Qaraba\u011fa n\u0259 q\u0259d\u0259r m\u0259cburi k\u00f6\u00e7k\u00fcn k\u00f6\u00e7\u00fcr\u00fcl\u0259c\u0259k?"},"content":{"rendered":"\n<p><strong>2026-c\u0131 il\u0259d\u0259k azad edil\u0259n \u0259razil\u0259r\u0259 34 500 ail\u0259nin k\u00f6\u00e7\u00fcr\u00fclm\u0259si n\u0259z\u0259rd\u0259 tutulur.\u00a0<\/strong><\/p>\n\n\n\n<p> \u0418u, Prezident \u0130lham \u018fliyevin imzalad\u0131\u011f\u0131 s\u0259r\u0259ncamla t\u0259sdiql\u0259n\u0259n \u201cAz\u0259rbaycan Respublikas\u0131n\u0131n i\u015f\u011faldan azad edilmi\u015f \u0259razil\u0259rin\u0259 B\u00f6y\u00fck Qay\u0131d\u0131\u015fa dair I D\u00f6vl\u0259t Proqram\u0131\u201dnda \u0259ksini tap\u0131b.<\/p>\n\n\n\n<p>T\u0259dbirl\u0259r Plan\u0131na \u0259sas\u0259n, t\u0259rtib edilmi\u015f planlar \u00fczr\u0259 b\u0259rpa qrafikin\u0259 uy\u011fun olaraq m\u0259rh\u0259l\u0259li formada in\u015fa edilmi\u015f evl\u0259r\u0259 ail\u0259l\u0259rin k\u00f6\u00e7\u00fcr\u00fclm\u0259si planla\u015fd\u0131r\u0131l\u0131r.<\/p>\n\n\n\n<p>2025-ci il\u0259d\u0259k 10 270, 2026-c\u0131 il\u0259d\u0259k is\u0259 ail\u0259nin k\u00f6\u00e7\u00fcr\u00fclm\u0259si n\u0259z\u0259rd\u0259 tutulur.<\/p>\n\n\n\n<p><strong>Prezident \u0130lham \u018fliyev \u201cAz\u0259rbaycan Respublikas\u0131n\u0131n i\u015f\u011faldan azad edilmi\u015f \u0259razil\u0259rin\u0259 B\u00f6y\u00fck Qay\u0131d\u0131\u015fa dair I D\u00f6vl\u0259t Proqram\u0131\u201dn\u0131n t\u0259sdiq edilm\u0259si haqq\u0131nda s\u0259r\u0259ncam imzalay\u0131b.<\/strong><\/p>\n\n\n\n<p>S\u0259r\u0259ncamda deyilir: <\/p>\n\n\n\n<p>Az\u0259rbaycan Respublikas\u0131n\u0131n beyn\u0259lxalq s\u0259viyy\u0259d\u0259 tan\u0131nm\u0131\u015f \u0259razil\u0259rinin 20 faizi 30 il\u0259 yax\u0131n m\u00fcdd\u0259td\u0259 Erm\u0259nistan Respublikas\u0131 t\u0259r\u0259find\u0259n i\u015f\u011fal alt\u0131nda saxlan\u0131lm\u0131\u015fd\u0131r. \u0130\u015f\u011fal d\u00f6vr\u00fcnd\u0259 bu \u0259razil\u0259rd\u0259 Az\u0259rbaycan\u0131n \u015f\u0259h\u0259rl\u0259ri v\u0259 dig\u0259r ya\u015fay\u0131\u015f m\u0259nt\u0259q\u0259l\u0259ri, o c\u00fcml\u0259d\u0259n infrastruktur obyektl\u0259ri tamamil\u0259 da\u011f\u0131d\u0131lm\u0131\u015f, milli-m\u0259d\u0259ni irsimiz m\u0259hv edilmi\u015f, t\u0259bii s\u0259rv\u0259tl\u0259rimiz talan edilmi\u015f, iqtisadiyyata \u0259h\u0259miyy\u0259tli z\u0259r\u0259r vurulmu\u015f, 1 milyondan art\u0131q az\u0259rbaycanl\u0131 qa\u00e7q\u0131n v\u0259 m\u0259cburi k\u00f6\u00e7k\u00fcn v\u0259ziyy\u0259tin\u0259 d\u00fc\u015fm\u00fc\u015fd\u00fcr.<\/p>\n\n\n\n<p>2020-ci il sentyabr\u0131n 27-d\u0259 Erm\u0259nistan\u0131n n\u00f6vb\u0259ti h\u0259rbi t\u0259xribat\u0131na cavab olaraq Az\u0259rbaycan Ordusu \u0259ks-h\u0259ml\u0259 \u0259m\u0259liyyat\u0131na ba\u015flam\u0131\u015f v\u0259 44 g\u00fcn davam ed\u0259n V\u0259t\u0259n m\u00fcharib\u0259si n\u0259tic\u0259sind\u0259 torpaqlar\u0131m\u0131z i\u015f\u011faldan azad olunmu\u015f, \u00f6lk\u0259mizin \u0259razi b\u00fct\u00f6vl\u00fcy\u00fc b\u0259rpa edilmi\u015fdir.<\/p>\n\n\n\n<p>Az\u0259rbaycan Respublikas\u0131 \u00f6z torpaqlar\u0131n\u0131 azad etm\u0259kl\u0259 tarixi inki\u015faf\u0131n\u0131n irimiqyasl\u0131 b\u0259rpa-quruculuq layih\u0259l\u0259ri il\u0259 s\u0259ciyy\u0259l\u0259n\u0259n, dayan\u0131ql\u0131 s\u00fclh\u0259, t\u0259r\u0259qqiy\u0259 \u0259saslanan v\u0259 bir \u00e7ox \u00f6lk\u0259l\u0259r \u00fc\u00e7\u00fcn n\u00fcmun\u0259 olan yeni m\u0259rh\u0259l\u0259sin\u0259 q\u0259d\u0259m qoymu\u015fdur. V\u0259t\u0259n m\u00fcharib\u0259sind\u0259n \u00f6t\u0259n m\u00fcdd\u0259t \u0259rzind\u0259 i\u015f\u011faldan azad olunmu\u015f \u0259razil\u0259rin minalardan v\u0259 partlamam\u0131\u015f h\u0259rbi sursatdan t\u0259mizl\u0259nm\u0259si, m\u00fcasir ya\u015fay\u0131\u015f, istehsal v\u0259 xidm\u0259t infrastrukturunun qurulmas\u0131, iqtisadi f\u0259aliyy\u0259tin, o c\u00fcml\u0259d\u0259n n\u0259qliyyat-kommunikasiya x\u0259tl\u0259rinin b\u0259rpas\u0131, x\u00fcsusil\u0259 Z\u0259ng\u0259zur d\u0259hlizinin a\u00e7\u0131lmas\u0131 istiqam\u0259tind\u0259 m\u00fch\u00fcm i\u015fl\u0259r g\u00f6r\u00fclm\u00fc\u015fd\u00fcr.<\/p>\n\n\n\n<p>H\u0259yata ke\u00e7iril\u0259n m\u0259qs\u0259dy\u00f6nl\u00fc v\u0259 geni\u015fmiqyasl\u0131 layih\u0259l\u0259r Qaraba\u011f v\u0259 \u015e\u0259rqi Z\u0259ng\u0259zur iqtisadi rayonlar\u0131n\u0131n s\u00fcr\u0259tl\u0259 dir\u00e7\u0259lm\u0259sin\u0259, \u0259halinin dayan\u0131ql\u0131 m\u0259skunla\u015fmas\u0131na v\u0259 davaml\u0131 iqtisadi aktivliyinin t\u0259min olunmas\u0131na xidm\u0259t edir, habel\u0259 h\u0259min \u0259razil\u0259rin y\u00fcks\u0259k inki\u015faf etmi\u015f regiona \u00e7evrilm\u0259si \u00fc\u00e7\u00fcn sa\u011flam b\u00fcn\u00f6vr\u0259 yarad\u0131r.<\/p>\n\n\n\n<p>\u0130\u015f\u011faldan azad edilmi\u015f \u0259razil\u0259r\u0259 b\u00f6y\u00fck qay\u0131d\u0131\u015f Az\u0259rbaycan\u0131n 2030-cu il\u0259d\u0259k be\u015f Milli Prioritetind\u0259n biri kimi m\u00fc\u0259yy\u0259n olunmu\u015fdur. Bu Milli Prioritetl\u0259r\u0259 \u0259saslanan \u201cAz\u0259rbaycan Respublikas\u0131n\u0131n 2022\u20132026-c\u0131 ill\u0259rd\u0259 sosial-iqtisadi inki\u015faf Strategiyas\u0131\u201d yeni inki\u015faf m\u0259rh\u0259l\u0259sind\u0259ki h\u0259d\u0259fl\u0259r\u0259 \u00e7atma\u011fa xidm\u0259t ed\u0259n m\u00fch\u00fcm s\u0259n\u0259ddir\u201d.<\/p>\n\n\n\n<p>S\u0259n\u0259d\u0259 \u0259sas\u0259n, \u201cAz\u0259rbaycan Respublikas\u0131n\u0131n i\u015f\u011faldan azad edilmi\u015f \u0259razil\u0259rin\u0259 B\u00f6y\u00fck Qay\u0131d\u0131\u015fa dair I D\u00f6vl\u0259t Proqram\u0131\u201d t\u0259sdiq edilib.<\/p>\n\n\n\n<p>Az\u0259rbaycan Respublikas\u0131n\u0131n i\u015f\u011faldan azad edilmi\u015f \u0259razil\u0259rind\u0259 m\u0259s\u0259l\u0259l\u0259rin m\u0259rk\u0259zl\u0259\u015fdirilmi\u015f qaydada h\u0259lli il\u0259 ba\u011fl\u0131 \u018flaq\u0259l\u0259ndirm\u0259 Q\u0259rargah\u0131 bu s\u0259r\u0259ncamda t\u0259sdiq edil\u0259n \u201cAz\u0259rbaycan Respublikas\u0131n\u0131n i\u015f\u011faldan azad edilmi\u015f \u0259razil\u0259rin\u0259 B\u00f6y\u00fck Qay\u0131d\u0131\u015fa dair I D\u00f6vl\u0259t Proqram\u0131\u201dn\u0131n s\u0259m\u0259r\u0259li icras\u0131n\u0131n t\u0259min edilm\u0259si m\u0259qs\u0259dil\u0259 z\u0259ruri \u0259laq\u0259l\u0259ndirm\u0259 t\u0259dbirl\u0259ri g\u00f6rm\u0259lidir.<\/p>\n\n\n\n<p>Nazirl\u0259r Kabinetin\u0259 D\u00f6vl\u0259t Proqram\u0131nda n\u0259z\u0259rd\u0259 tutulmu\u015f t\u0259dbirl\u0259rin icras\u0131na n\u0259zar\u0259ti v\u0259 hesabatl\u0131l\u0131\u011f\u0131 h\u0259yata ke\u00e7irm\u0259k; D\u00f6vl\u0259t Proqram\u0131n\u0131n h\u0259yata ke\u00e7irilm\u0259si il\u0259 ba\u011fl\u0131 g\u00f6r\u00fcl\u0259n i\u015fl\u0259r, o c\u00fcml\u0259d\u0259n D\u00f6vl\u0259t Proqram\u0131nda n\u0259z\u0259rd\u0259 tutulmu\u015f t\u0259dbirl\u0259rin icra v\u0259ziyy\u0259ti bar\u0259d\u0259 ild\u0259 iki d\u0259f\u0259 Az\u0259rbaycan Respublikas\u0131n\u0131n Prezidentin\u0259 m\u0259lumat verm\u0259k; bu S\u0259r\u0259ncamdan ir\u0259li g\u0259l\u0259n dig\u0259r m\u0259s\u0259l\u0259l\u0259ri h\u0259ll etm\u0259k tap\u015f\u0131r\u0131l\u0131b.<\/p>\n\n\n\n<p>D\u00f6vl\u0259t Proqram\u0131nda n\u0259z\u0259rd\u0259 tutulmu\u015f t\u0259dbirl\u0259rin icras\u0131n\u0131n monitorinqini v\u0259 qiym\u0259tl\u0259ndirilm\u0259sini, Az\u0259rbaycan Respublikas\u0131 Nazirl\u0259r Kabinetinin sifari\u015fi \u0259sas\u0131nda, \u0130qtisadi \u0130slahatlar\u0131n T\u0259hlili v\u0259 Kommunikasiya M\u0259rk\u0259zi h\u0259yata ke\u00e7irm\u0259lidir.<\/p>\n\n\n\n<p>D\u00f6vl\u0259t Proqram\u0131nda n\u0259z\u0259rd\u0259 tutulmu\u015f t\u0259dbirl\u0259rin maliyy\u0259l\u0259\u015fdirilm\u0259si m\u0259qs\u0259dil\u0259 Maliyy\u0259 Nazirliyi v\u0259 \u0130qtisadiyyat Nazirliyi h\u0259r il, m\u00fcvafiq olaraq, d\u00f6vl\u0259t b\u00fcdc\u0259sinin v\u0259 d\u00f6vl\u0259t investisiya proqramlar\u0131n\u0131n t\u0259rtibi prosesind\u0259 maliyy\u0259 v\u0259saitinin n\u0259z\u0259rd\u0259 tutulmas\u0131 \u00fc\u00e7\u00fcn z\u0259ruri t\u0259dbirl\u0259r g\u00f6rm\u0259lidirl\u0259r.<\/p>\n","protected":false},"excerpt":{"rendered":"<p>2026-c\u0131 il\u0259d\u0259k azad edil\u0259n \u0259razil\u0259r\u0259 34 500 ail\u0259nin k\u00f6\u00e7\u00fcr\u00fclm\u0259si n\u0259z\u0259rd\u0259 tutulur.\u00a0 \u0418u, Prezident \u0130lham \u018fliyevin imzalad\u0131\u011f\u0131 s\u0259r\u0259ncamla t\u0259sdiql\u0259n\u0259n \u201cAz\u0259rbaycan Respublikas\u0131n\u0131n i\u015f\u011faldan azad edilmi\u015f \u0259razil\u0259rin\u0259<\/p>\n","protected":false},"author":2,"featured_media":86317,"comment_status":"closed","ping_status":"closed","sticky":false,"template":"","format":"standard","meta":{"footnotes":""},"categories":[3],"tags":[],"class_list":["post-86316","post","type-post","status-publish","format-standard","has-post-thumbnail","hentry","category-gundm"],"aioseo_notices":[],"_links":{"self":[{"href":"https:\/\/fedai.az\/index.php?rest_route=\/wp\/v2\/posts\/86316","targetHints":{"allow":["GET"]}}],"collection":[{"href":"https:\/\/fedai.az\/index.php?rest_route=\/wp\/v2\/posts"}],"about":[{"href":"https:\/\/fedai.az\/index.php?rest_route=\/wp\/v2\/types\/post"}],"author":[{"embeddable":true,"href":"https:\/\/fedai.az\/index.php?rest_route=\/wp\/v2\/users\/2"}],"replies":[{"embeddable":true,"href":"https:\/\/fedai.az\/index.php?rest_route=%2Fwp%2Fv2%2Fcomments&post=86316"}],"version-history":[{"count":1,"href":"https:\/\/fedai.az\/index.php?rest_route=\/wp\/v2\/posts\/86316\/revisions"}],"predecessor-version":[{"id":86318,"href":"https:\/\/fedai.az\/index.php?rest_route=\/wp\/v2\/posts\/86316\/revisions\/86318"}],"wp:featuredmedia":[{"embeddable":true,"href":"https:\/\/fedai.az\/index.php?rest_route=\/wp\/v2\/media\/86317"}],"wp:attachment":[{"href":"https:\/\/fedai.az\/index.php?rest_route=%2Fwp%2Fv2%2Fmedia&parent=86316"}],"wp:term":[{"taxonomy":"category","embeddable":true,"href":"https:\/\/fedai.az\/index.php?rest_route=%2Fwp%2Fv2%2Fcategories&post=86316"},{"taxonomy":"post_tag","embeddable":true,"href":"https:\/\/fedai.az\/index.php?rest_route=%2Fwp%2Fv2%2Ftags&post=86316"}],"curies":[{"name":"wp","href":"https:\/\/api.w.org\/{rel}","templated":true}]}}