{"id":86319,"date":"2022-11-17T14:08:46","date_gmt":"2022-11-17T10:08:46","guid":{"rendered":"https:\/\/fedai.az\/?p=86319"},"modified":"2022-11-17T14:08:49","modified_gmt":"2022-11-17T10:08:49","slug":"avmvib-goygol-rayon-sob%c9%99sind%c9%99-3","status":"publish","type":"post","link":"https:\/\/fedai.az\/?p=86319","title":{"rendered":"AVMV\u0130B G\u00f6yg\u00f6l rayon \u015f\u00f6b\u0259sind\u0259"},"content":{"rendered":"\n<p><strong>Az\u0259rbaycan V\u0259t\u0259n M\u00fcharib\u0259si Veteranlar\u0131 \u0130ctimai Birliyi (AVMV\u0130B) G\u00f6yg\u00f6l rayon \u015f\u00f6b\u0259sinin \u00fczvl\u0259ri\u00a0\u015f\u0259hid leytenant Seymur Abbasovun ikinci ild\u00f6n\u00fcm\u00fc m\u0259rasimind\u0259 i\u015ftirak edibl\u0259r.<\/strong><\/p>\n\n\n\n<p>Bu bar\u0259d\u0259 Az\u0259rbaycan V\u0259t\u0259n M\u00fcharib\u0259si Veteranlar\u0131 \u0130ctimai Birliyi (AVMV\u0130B) s\u0259drinin s\u0259lahiyy\u0259tli n\u00fcmay\u0259nd\u0259si, G\u00f6yg\u00f6l rayon \u015f\u00f6b\u0259sinin s\u0259dri H\u0259bib H\u00fcseynov m\u0259lumat verib.<\/p>\n\n\n\n<p>\u015e\u0259hidin yax\u0131nlar\u0131na ba\u015fsa\u011fl\u0131\u011f\u0131 verilib v\u0259 ruhuna dualar oxunub.<\/p>\n\n\n\n<p>El\u0259 h\u0259min g\u00fcn AVMV\u0130B G\u00f6yg\u00f6l rayon \u015f\u00f6b\u0259sind\u0259 m\u00fcharib\u0259 veteranlar\u0131 il\u0259 g\u00f6r\u00fc\u015f ke\u00e7irilib.<\/p>\n\n\n\n<figure class=\"wp-block-image size-large is-resized\"><img loading=\"lazy\" decoding=\"async\" src=\"https:\/\/fedai.az\/wp-content\/uploads\/2022\/11\/315017627_1576659302769986_7506701407674502240_n-768x1024.jpg\" alt=\"\" class=\"wp-image-86320\" width=\"1032\" height=\"1376\" srcset=\"https:\/\/fedai.az\/wp-content\/uploads\/2022\/11\/315017627_1576659302769986_7506701407674502240_n-768x1024.jpg 768w, https:\/\/fedai.az\/wp-content\/uploads\/2022\/11\/315017627_1576659302769986_7506701407674502240_n-225x300.jpg 225w, https:\/\/fedai.az\/wp-content\/uploads\/2022\/11\/315017627_1576659302769986_7506701407674502240_n-113x150.jpg 113w, https:\/\/fedai.az\/wp-content\/uploads\/2022\/11\/315017627_1576659302769986_7506701407674502240_n.jpg 960w\" sizes=\"auto, (max-width: 1032px) 100vw, 1032px\" \/><\/figure>\n","protected":false},"excerpt":{"rendered":"<p>Az\u0259rbaycan V\u0259t\u0259n M\u00fcharib\u0259si Veteranlar\u0131 \u0130ctimai Birliyi (AVMV\u0130B) G\u00f6yg\u00f6l rayon \u015f\u00f6b\u0259sinin \u00fczvl\u0259ri\u00a0\u015f\u0259hid leytenant Seymur Abbasovun ikinci ild\u00f6n\u00fcm\u00fc m\u0259rasimind\u0259 i\u015ftirak edibl\u0259r. Bu bar\u0259d\u0259 Az\u0259rbaycan V\u0259t\u0259n M\u00fcharib\u0259si<\/p>\n","protected":false},"author":2,"featured_media":86321,"comment_status":"closed","ping_status":"closed","sticky":false,"template":"","format":"standard","meta":{"footnotes":""},"categories":[5],"tags":[],"class_list":["post-86319","post","type-post","status-publish","format-standard","has-post-thumbnail","hentry","category-veteran"],"aioseo_notices":[],"_links":{"self":[{"href":"https:\/\/fedai.az\/index.php?rest_route=\/wp\/v2\/posts\/86319","targetHints":{"allow":["GET"]}}],"collection":[{"href":"https:\/\/fedai.az\/index.php?rest_route=\/wp\/v2\/posts"}],"about":[{"href":"https:\/\/fedai.az\/index.php?rest_route=\/wp\/v2\/types\/post"}],"author":[{"embeddable":true,"href":"https:\/\/fedai.az\/index.php?rest_route=\/wp\/v2\/users\/2"}],"replies":[{"embeddable":true,"href":"https:\/\/fedai.az\/index.php?rest_route=%2Fwp%2Fv2%2Fcomments&post=86319"}],"version-history":[{"count":1,"href":"https:\/\/fedai.az\/index.php?rest_route=\/wp\/v2\/posts\/86319\/revisions"}],"predecessor-version":[{"id":86322,"href":"https:\/\/fedai.az\/index.php?rest_route=\/wp\/v2\/posts\/86319\/revisions\/86322"}],"wp:featuredmedia":[{"embeddable":true,"href":"https:\/\/fedai.az\/index.php?rest_route=\/wp\/v2\/media\/86321"}],"wp:attachment":[{"href":"https:\/\/fedai.az\/index.php?rest_route=%2Fwp%2Fv2%2Fmedia&parent=86319"}],"wp:term":[{"taxonomy":"category","embeddable":true,"href":"https:\/\/fedai.az\/index.php?rest_route=%2Fwp%2Fv2%2Fcategories&post=86319"},{"taxonomy":"post_tag","embeddable":true,"href":"https:\/\/fedai.az\/index.php?rest_route=%2Fwp%2Fv2%2Ftags&post=86319"}],"curies":[{"name":"wp","href":"https:\/\/api.w.org\/{rel}","templated":true}]}}