{"id":86380,"date":"2022-11-18T02:09:23","date_gmt":"2022-11-17T22:09:23","guid":{"rendered":"https:\/\/fedai.az\/?p=86380"},"modified":"2022-11-18T02:09:27","modified_gmt":"2022-11-17T22:09:27","slug":"muharib%c9%99-veteranlarina-guz%c9%99stl%c9%99r-edilsin-deputat","status":"publish","type":"post","link":"https:\/\/fedai.az\/?p=86380","title":{"rendered":"M\u00fcharib\u0259 veteranlar\u0131na g\u00fcz\u0259\u015ftl\u0259r edilsin \u2013 Deputat"},"content":{"rendered":"\n<p><strong>\u201cAz\u0259rbaycanda \u015f\u0259hid ail\u0259l\u0259rinin \u00f6vladlar\u0131 t\u0259hsil haqlar\u0131ndan azad olunublar. Yax\u015f\u0131 olar ki, bir s\u0131ra g\u00fcz\u0259\u015ftl\u0259r m\u00fcharib\u0259 veteranlar\u0131n\u0131n \u00f6vladlar\u0131na da \u015famil edilsin\u201d.<\/strong><\/p>\n\n\n\n<p>Milli M\u0259clisin iclas\u0131nda deputat Aqiy\u0259 Nax\u00e7\u0131vanl\u0131 bel\u0259 t\u0259klifl\u0259 \u00e7\u0131x\u0131\u015f edib.<\/p>\n\n\n\n<p>\u201cM\u00fcharib\u0259 veteranlar\u0131n\u0131n \u00f6vladlar\u0131 tam olmasa da, m\u00fc\u0259yy\u0259n q\u0259d\u0259r t\u0259hsil haqlar\u0131ndan azad edilm\u0259lidir\u201d, &#8212; dey\u0259 Aqiy\u0259 Nax\u00e7\u0131vanl\u0131 bildirib.<\/p>\n\n\n\n<p>Mill\u0259t v\u0259kili onu da t\u0259klif edib ki, m\u00fcharib\u0259 veteranlar\u0131na g\u00fcz\u0259\u015ftli ipotekalarla m\u0259nzil almaq h\u00fcququ verilm\u0259lidir.<\/p>\n","protected":false},"excerpt":{"rendered":"<p>\u201cAz\u0259rbaycanda \u015f\u0259hid ail\u0259l\u0259rinin \u00f6vladlar\u0131 t\u0259hsil haqlar\u0131ndan azad olunublar. Yax\u015f\u0131 olar ki, bir s\u0131ra g\u00fcz\u0259\u015ftl\u0259r m\u00fcharib\u0259 veteranlar\u0131n\u0131n \u00f6vladlar\u0131na da \u015famil edilsin\u201d. Milli M\u0259clisin iclas\u0131nda deputat<\/p>\n","protected":false},"author":2,"featured_media":86381,"comment_status":"closed","ping_status":"closed","sticky":false,"template":"","format":"standard","meta":{"footnotes":""},"categories":[12],"tags":[],"class_list":["post-86380","post","type-post","status-publish","format-standard","has-post-thumbnail","hentry","category-sosial"],"aioseo_notices":[],"_links":{"self":[{"href":"https:\/\/fedai.az\/index.php?rest_route=\/wp\/v2\/posts\/86380","targetHints":{"allow":["GET"]}}],"collection":[{"href":"https:\/\/fedai.az\/index.php?rest_route=\/wp\/v2\/posts"}],"about":[{"href":"https:\/\/fedai.az\/index.php?rest_route=\/wp\/v2\/types\/post"}],"author":[{"embeddable":true,"href":"https:\/\/fedai.az\/index.php?rest_route=\/wp\/v2\/users\/2"}],"replies":[{"embeddable":true,"href":"https:\/\/fedai.az\/index.php?rest_route=%2Fwp%2Fv2%2Fcomments&post=86380"}],"version-history":[{"count":1,"href":"https:\/\/fedai.az\/index.php?rest_route=\/wp\/v2\/posts\/86380\/revisions"}],"predecessor-version":[{"id":86382,"href":"https:\/\/fedai.az\/index.php?rest_route=\/wp\/v2\/posts\/86380\/revisions\/86382"}],"wp:featuredmedia":[{"embeddable":true,"href":"https:\/\/fedai.az\/index.php?rest_route=\/wp\/v2\/media\/86381"}],"wp:attachment":[{"href":"https:\/\/fedai.az\/index.php?rest_route=%2Fwp%2Fv2%2Fmedia&parent=86380"}],"wp:term":[{"taxonomy":"category","embeddable":true,"href":"https:\/\/fedai.az\/index.php?rest_route=%2Fwp%2Fv2%2Fcategories&post=86380"},{"taxonomy":"post_tag","embeddable":true,"href":"https:\/\/fedai.az\/index.php?rest_route=%2Fwp%2Fv2%2Ftags&post=86380"}],"curies":[{"name":"wp","href":"https:\/\/api.w.org\/{rel}","templated":true}]}}