{"id":86697,"date":"2022-11-21T17:29:42","date_gmt":"2022-11-21T13:29:42","guid":{"rendered":"https:\/\/fedai.az\/?p=86697"},"modified":"2022-11-21T17:29:45","modified_gmt":"2022-11-21T13:29:45","slug":"ali-bas-komandan-az%c9%99rbaycan-ordusu-artiq-ozunu-t%c9%99sdiql%c9%99yib","status":"publish","type":"post","link":"https:\/\/fedai.az\/?p=86697","title":{"rendered":"Ali Ba\u015f Komandan: &#171;Az\u0259rbaycan Ordusu art\u0131q \u00f6z\u00fcn\u00fc t\u0259sdiql\u0259yib&#187;"},"content":{"rendered":"\n<p><strong>&#171;G\u00fccl\u00fc ordu quruculu\u011fu. Bu da Ulu \u00d6nd\u0259rin biz\u0259 olan v\u0259siyy\u0259ti idi. Bu g\u00fcn Az\u0259rbaycan Ordusu art\u0131q \u00f6z\u00fcn\u00fc t\u0259sdiql\u0259yib, c\u0259mi 44 g\u00fcn \u0259rzind\u0259 d\u00fc\u015fm\u0259ni tarixi torpaqlar\u0131m\u0131zdan qovub, tarixi \u0259dal\u0259ti b\u0259rpa edib, xalq\u0131m\u0131z\u0131n q\u00fcrurunu b\u0259rpa edib v\u0259 bu g\u00fcn Az\u0259rbaycan d\u00f6vl\u0259tinin t\u0259hl\u00fck\u0259sizliyinin qarant\u0131d\u0131r&#187;.<\/strong><\/p>\n\n\n\n<p>Bunu Az\u0259rbaycan Prezidenti, Yeni Az\u0259rbaycan Partiyas\u0131n\u0131n (YAP) s\u0259dri \u0130lham \u018fliyev noyabr\u0131n 21-d\u0259 YAP-\u0131n yarad\u0131lmas\u0131n\u0131n 30 illiyi m\u00fcnasib\u0259til\u0259 ke\u00e7iril\u0259n t\u0259dbird\u0259 deyib.<\/p>\n\n\n\n<p>&#171;Biz ordu quruculu\u011funa h\u0259mi\u015f\u0259 \u00e7ox b\u00f6y\u00fck diqq\u0259t g\u00f6st\u0259rmi\u015fik. B\u0259zi i\u015fl\u0259r ictimai diqq\u0259t\u0259 d\u0259 t\u0259qdim edilirdi, b\u0259zi i\u015fl\u0259ri biz daha \u00e7ox konfidensial, y\u0259ni, m\u0259xfi \u015f\u0259raitd\u0259 apar\u0131rd\u0131q, bu da ba\u015fad\u00fc\u015f\u00fcl\u0259ndir. Amma n\u0259tic\u0259 etibaril\u0259 el\u0259 bir q\u0259hr\u0259manl\u0131q, el\u0259 bir pe\u015f\u0259karl\u0131q g\u00f6st\u0259rdik ki, bu, bu g\u00fcn bir \u00e7oxlar\u0131 \u00fc\u00e7\u00fcn n\u00fcmun\u0259dir&#187;, &#8212; d\u00f6vl\u0259t ba\u015f\u00e7\u0131s\u0131 bildirib.<\/p>\n","protected":false},"excerpt":{"rendered":"<p>&#171;G\u00fccl\u00fc ordu quruculu\u011fu. Bu da Ulu \u00d6nd\u0259rin biz\u0259 olan v\u0259siyy\u0259ti idi. Bu g\u00fcn Az\u0259rbaycan Ordusu art\u0131q \u00f6z\u00fcn\u00fc t\u0259sdiql\u0259yib, c\u0259mi 44 g\u00fcn \u0259rzind\u0259 d\u00fc\u015fm\u0259ni tarixi<\/p>\n","protected":false},"author":2,"featured_media":86698,"comment_status":"closed","ping_status":"closed","sticky":false,"template":"","format":"standard","meta":{"footnotes":""},"categories":[3],"tags":[],"class_list":["post-86697","post","type-post","status-publish","format-standard","has-post-thumbnail","hentry","category-gundm"],"aioseo_notices":[],"_links":{"self":[{"href":"https:\/\/fedai.az\/index.php?rest_route=\/wp\/v2\/posts\/86697","targetHints":{"allow":["GET"]}}],"collection":[{"href":"https:\/\/fedai.az\/index.php?rest_route=\/wp\/v2\/posts"}],"about":[{"href":"https:\/\/fedai.az\/index.php?rest_route=\/wp\/v2\/types\/post"}],"author":[{"embeddable":true,"href":"https:\/\/fedai.az\/index.php?rest_route=\/wp\/v2\/users\/2"}],"replies":[{"embeddable":true,"href":"https:\/\/fedai.az\/index.php?rest_route=%2Fwp%2Fv2%2Fcomments&post=86697"}],"version-history":[{"count":1,"href":"https:\/\/fedai.az\/index.php?rest_route=\/wp\/v2\/posts\/86697\/revisions"}],"predecessor-version":[{"id":86699,"href":"https:\/\/fedai.az\/index.php?rest_route=\/wp\/v2\/posts\/86697\/revisions\/86699"}],"wp:featuredmedia":[{"embeddable":true,"href":"https:\/\/fedai.az\/index.php?rest_route=\/wp\/v2\/media\/86698"}],"wp:attachment":[{"href":"https:\/\/fedai.az\/index.php?rest_route=%2Fwp%2Fv2%2Fmedia&parent=86697"}],"wp:term":[{"taxonomy":"category","embeddable":true,"href":"https:\/\/fedai.az\/index.php?rest_route=%2Fwp%2Fv2%2Fcategories&post=86697"},{"taxonomy":"post_tag","embeddable":true,"href":"https:\/\/fedai.az\/index.php?rest_route=%2Fwp%2Fv2%2Ftags&post=86697"}],"curies":[{"name":"wp","href":"https:\/\/api.w.org\/{rel}","templated":true}]}}