{"id":86702,"date":"2022-11-21T21:13:01","date_gmt":"2022-11-21T17:13:01","guid":{"rendered":"https:\/\/fedai.az\/?p=86702"},"modified":"2022-11-21T21:13:05","modified_gmt":"2022-11-21T17:13:05","slug":"%c9%99rdogan-ilham-%c9%99liyevi-t%c9%99brik-etdi-3","status":"publish","type":"post","link":"https:\/\/fedai.az\/?p=86702","title":{"rendered":"\u018frdo\u011fan \u0130lham \u018fliyevi t\u0259brik etdi"},"content":{"rendered":"\n<p><strong>T\u00fcrkiy\u0259 Prezidenti R\u0259c\u0259b Tayyib \u018frdo\u011fan hakim Yeni Az\u0259rbaycan Partiyas\u0131n\u0131n (YAP) 30 illik yubileyi m\u00fcnasib\u0259til\u0259 Az\u0259rbaycan Prezidenti, YAP s\u0259dri \u0130lham \u018fliyev\u0259 t\u0259brik m\u0259ktubu \u00fcnvanlay\u0131b.<\/strong><\/p>\n\n\n\n<p>M\u0259ktubda deyilir:<\/p>\n\n\n\n<p>\u201cC\u0259nab Prezident, \u0259ziz qarda\u015f\u0131m,<\/p>\n\n\n\n<p>Yeni Az\u0259rbaycan Partiyas\u0131n\u0131n qurulmas\u0131n\u0131n 30 illiyi m\u00fcnasib\u0259til\u0259 b\u00fct\u00fcn YAP \u00fczvl\u0259rini v\u0259 qarda\u015f Az\u0259rbaycan xalq\u0131n\u0131 t\u0259brik edir\u0259m. Az\u0259rbaycan\u0131n \u00fcmummilli lideri, m\u0259rhum Heyd\u0259r \u018fliyevin yaratd\u0131\u011f\u0131 YAP ilk g\u00fcnd\u0259n etibar\u0259n b\u00f6y\u00fck xidm\u0259tl\u0259r g\u00f6st\u0259rib, Az\u0259rbaycan\u0131n qabaqc\u0131l siyasi partiyas\u0131 olub v\u0259 bu g\u00fcn g\u00fccl\u00fc r\u0259hb\u0259rliyiniz alt\u0131nda b\u00fct\u00fcn sah\u0259l\u0259rd\u0259 u\u011furlar \u0259ld\u0259 etm\u0259y\u0259 davam edir.<\/p>\n\n\n\n<p>Torpaqlar\u0131n\u0131 i\u015f\u011faldan azad etmi\u015f, regionun parlayan ulduzu olan Az\u0259rbaycan bu g\u00fcn b\u00fct\u00fcn t\u00fcrk d\u00fcnyas\u0131 \u00fc\u00e7\u00fcn ilham m\u0259nb\u0259yin\u0259 \u00e7evrilib. T\u00fcrkiy\u0259 il\u0259 Az\u0259rbaycan aras\u0131ndak\u0131 \u0259laq\u0259l\u0259r\u0259 s\u00f6yk\u0259n\u0259n v\u0259 \u015eu\u015fa B\u0259yannam\u0259si il\u0259 \u0259n y\u00fcks\u0259k s\u0259viyy\u0259y\u0259 \u00e7atan \u0259m\u0259kda\u015fl\u0131\u011f\u0131m\u0131z\u0131n g\u0259l\u0259c\u0259kd\u0259 d\u0259 davam ed\u0259c\u0259yin\u0259 tam \u0259min\u0259m. YAP-\u0131n qar\u015f\u0131dak\u0131 vaxtda da Az\u0259rbaycan\u0131n rifah\u0131 v\u0259 d\u00fcnyadak\u0131 m\u00f6vqeyinin g\u00fccl\u0259nm\u0259si istiqam\u0259tind\u0259ki f\u0259aliyy\u0259tini u\u011furla davam etdir\u0259c\u0259yin\u0259 \u0259min\u0259m\u201d.<\/p>\n","protected":false},"excerpt":{"rendered":"<p>T\u00fcrkiy\u0259 Prezidenti R\u0259c\u0259b Tayyib \u018frdo\u011fan hakim Yeni Az\u0259rbaycan Partiyas\u0131n\u0131n (YAP) 30 illik yubileyi m\u00fcnasib\u0259til\u0259 Az\u0259rbaycan Prezidenti, YAP s\u0259dri \u0130lham \u018fliyev\u0259 t\u0259brik m\u0259ktubu \u00fcnvanlay\u0131b. M\u0259ktubda<\/p>\n","protected":false},"author":2,"featured_media":84258,"comment_status":"closed","ping_status":"closed","sticky":false,"template":"","format":"standard","meta":{"footnotes":""},"categories":[3],"tags":[],"class_list":["post-86702","post","type-post","status-publish","format-standard","has-post-thumbnail","hentry","category-gundm"],"aioseo_notices":[],"_links":{"self":[{"href":"https:\/\/fedai.az\/index.php?rest_route=\/wp\/v2\/posts\/86702","targetHints":{"allow":["GET"]}}],"collection":[{"href":"https:\/\/fedai.az\/index.php?rest_route=\/wp\/v2\/posts"}],"about":[{"href":"https:\/\/fedai.az\/index.php?rest_route=\/wp\/v2\/types\/post"}],"author":[{"embeddable":true,"href":"https:\/\/fedai.az\/index.php?rest_route=\/wp\/v2\/users\/2"}],"replies":[{"embeddable":true,"href":"https:\/\/fedai.az\/index.php?rest_route=%2Fwp%2Fv2%2Fcomments&post=86702"}],"version-history":[{"count":1,"href":"https:\/\/fedai.az\/index.php?rest_route=\/wp\/v2\/posts\/86702\/revisions"}],"predecessor-version":[{"id":86703,"href":"https:\/\/fedai.az\/index.php?rest_route=\/wp\/v2\/posts\/86702\/revisions\/86703"}],"wp:featuredmedia":[{"embeddable":true,"href":"https:\/\/fedai.az\/index.php?rest_route=\/wp\/v2\/media\/84258"}],"wp:attachment":[{"href":"https:\/\/fedai.az\/index.php?rest_route=%2Fwp%2Fv2%2Fmedia&parent=86702"}],"wp:term":[{"taxonomy":"category","embeddable":true,"href":"https:\/\/fedai.az\/index.php?rest_route=%2Fwp%2Fv2%2Fcategories&post=86702"},{"taxonomy":"post_tag","embeddable":true,"href":"https:\/\/fedai.az\/index.php?rest_route=%2Fwp%2Fv2%2Ftags&post=86702"}],"curies":[{"name":"wp","href":"https:\/\/api.w.org\/{rel}","templated":true}]}}