{"id":86711,"date":"2022-11-22T11:14:00","date_gmt":"2022-11-22T07:14:00","guid":{"rendered":"https:\/\/fedai.az\/?p=86711"},"modified":"2022-11-22T11:14:02","modified_gmt":"2022-11-22T07:14:02","slug":"erm%c9%99nistan-yen%c9%99-at%c9%99sk%c9%99si-pozub-mn","status":"publish","type":"post","link":"https:\/\/fedai.az\/?p=86711","title":{"rendered":"Erm\u0259nistan yen\u0259 at\u0259\u015fk\u0259si pozub &#8212; MN"},"content":{"rendered":"\n<p><strong>Noyabr\u0131n 21-i saat 22:10-dan saat 23:25-d\u0259k Erm\u0259nistan silahl\u0131 q\u00fcvv\u0259l\u0259rinin b\u00f6lm\u0259l\u0259ri Basarke\u00e7\u0259r rayonunun G\u00fcn\u0259\u015fli, Tovuzqala rayonunun \u00c7inarl\u0131 ya\u015fay\u0131\u015f m\u0259nt\u0259q\u0259l\u0259ri istiqam\u0259tl\u0259rind\u0259 yerl\u0259\u015f\u0259n m\u00f6vqel\u0259rind\u0259n Az\u0259rbaycan Ordusunun Da\u015fk\u0259s\u0259n rayonunun Astaf v\u0259 Tovuz rayonunun Koxan\u0259bi ya\u015fay\u0131\u015f m\u0259nt\u0259q\u0259l\u0259ri istiqam\u0259tl\u0259rind\u0259 yerl\u0259\u015f\u0259n m\u00f6vqel\u0259rini m\u00fcxt\u0259lif \u00e7apl\u0131 at\u0131c\u0131 silahlardan fasil\u0259l\u0259rl\u0259 at\u0259\u015f\u0259 tutub.<\/strong><\/p>\n\n\n\n<p>Bu bar\u0259d\u0259 Az\u0259rbaycan M\u00fcdafi\u0259 Nazirliyind\u0259n m\u0259lumat verilib.<\/p>\n\n\n\n<p>Bundan ba\u015fqa Rusiya s\u00fclhm\u0259raml\u0131lar\u0131n\u0131n m\u00fcv\u0259qq\u0259ti yerl\u0259\u015fdiyi Az\u0259rbaycan \u0259razisind\u0259ki qeyri-qanuni erm\u0259ni silahl\u0131 d\u0259st\u0259sinin \u00fczvl\u0259ri t\u0259r\u0259find\u0259n Ordumuzun Xocav\u0259nd v\u0259 F\u00fczuli rayonlar\u0131 istiqam\u0259tl\u0259rind\u0259 yerl\u0259\u015f\u0259n m\u00f6vqel\u0259ri d\u0259 noyabr\u0131n 21-i saat 16:50-d\u0259n noyabr\u0131n 22-si saat 01:05-d\u0259k fasil\u0259l\u0259rl\u0259 at\u0259\u015f\u0259 tutulub.<\/p>\n\n\n\n<p>Qeyd olunan istiqam\u0259tl\u0259rd\u0259 yerl\u0259\u015f\u0259n b\u00f6lm\u0259l\u0259rimiz t\u0259r\u0259find\u0259n adekvat cavab t\u0259dbirl\u0259ri g\u00f6r\u00fcl\u00fcb.<\/p>\n","protected":false},"excerpt":{"rendered":"<p>Noyabr\u0131n 21-i saat 22:10-dan saat 23:25-d\u0259k Erm\u0259nistan silahl\u0131 q\u00fcvv\u0259l\u0259rinin b\u00f6lm\u0259l\u0259ri Basarke\u00e7\u0259r rayonunun G\u00fcn\u0259\u015fli, Tovuzqala rayonunun \u00c7inarl\u0131 ya\u015fay\u0131\u015f m\u0259nt\u0259q\u0259l\u0259ri istiqam\u0259tl\u0259rind\u0259 yerl\u0259\u015f\u0259n m\u00f6vqel\u0259rind\u0259n Az\u0259rbaycan Ordusunun Da\u015fk\u0259s\u0259n<\/p>\n","protected":false},"author":2,"featured_media":0,"comment_status":"closed","ping_status":"closed","sticky":false,"template":"","format":"standard","meta":{"footnotes":""},"categories":[3],"tags":[],"class_list":["post-86711","post","type-post","status-publish","format-standard","hentry","category-gundm"],"aioseo_notices":[],"_links":{"self":[{"href":"https:\/\/fedai.az\/index.php?rest_route=\/wp\/v2\/posts\/86711","targetHints":{"allow":["GET"]}}],"collection":[{"href":"https:\/\/fedai.az\/index.php?rest_route=\/wp\/v2\/posts"}],"about":[{"href":"https:\/\/fedai.az\/index.php?rest_route=\/wp\/v2\/types\/post"}],"author":[{"embeddable":true,"href":"https:\/\/fedai.az\/index.php?rest_route=\/wp\/v2\/users\/2"}],"replies":[{"embeddable":true,"href":"https:\/\/fedai.az\/index.php?rest_route=%2Fwp%2Fv2%2Fcomments&post=86711"}],"version-history":[{"count":1,"href":"https:\/\/fedai.az\/index.php?rest_route=\/wp\/v2\/posts\/86711\/revisions"}],"predecessor-version":[{"id":86712,"href":"https:\/\/fedai.az\/index.php?rest_route=\/wp\/v2\/posts\/86711\/revisions\/86712"}],"wp:attachment":[{"href":"https:\/\/fedai.az\/index.php?rest_route=%2Fwp%2Fv2%2Fmedia&parent=86711"}],"wp:term":[{"taxonomy":"category","embeddable":true,"href":"https:\/\/fedai.az\/index.php?rest_route=%2Fwp%2Fv2%2Fcategories&post=86711"},{"taxonomy":"post_tag","embeddable":true,"href":"https:\/\/fedai.az\/index.php?rest_route=%2Fwp%2Fv2%2Ftags&post=86711"}],"curies":[{"name":"wp","href":"https:\/\/api.w.org\/{rel}","templated":true}]}}