{"id":86713,"date":"2022-11-22T11:21:15","date_gmt":"2022-11-22T07:21:15","guid":{"rendered":"https:\/\/fedai.az\/?p=86713"},"modified":"2022-11-22T11:21:17","modified_gmt":"2022-11-22T07:21:17","slug":"boyuk-taglara-atla-qanunsuz-kecm%c9%99k-ist%c9%99y%c9%99nl%c9%99r-saxlanildi","status":"publish","type":"post","link":"https:\/\/fedai.az\/?p=86713","title":{"rendered":"B\u00f6y\u00fck Ta\u011flara atla qanunsuz ke\u00e7m\u0259k ist\u0259y\u0259nl\u0259r saxlan\u0131ld\u0131"},"content":{"rendered":"\n<p><strong>Xocav\u0259nd Rayon Polis \u015e\u00f6b\u0259sinin (RP\u015e) \u0259m\u0259kda\u015flar\u0131 t\u0259r\u0259find\u0259n ke\u00e7iril\u0259n t\u0259dbirl\u0259r n\u0259tic\u0259sind\u0259 rayon \u0259razisin\u0259 m\u00fc\u0259yy\u0259n edilmi\u015f mar\u015furutdan k\u0259nar, qanunsuz yollarla daxil olan \u015f\u0259xsl\u0259r saxlan\u0131l\u0131blar.<\/strong><\/p>\n\n\n\n<p>Bu bar\u0259d\u0259 Daxili \u0130\u015fl\u0259r Nazirliyinin M\u0259tbuat Xidm\u0259tinin B\u0259rd\u0259 regional qrupundan m\u0259lumat verilib.<\/p>\n\n\n\n<p>Bildiirlib ki, Xocav\u0259nd RP\u015e-nin \u0259m\u0259kda\u015flar\u0131n\u0131n ke\u00e7irdiyi t\u0259dbirl\u0259rl\u0259 F\u00fczuli rayon sakini Xanlar H\u00fcseynov v\u0259 Beyl\u0259qan rayon sakini Arzuman Qabilov B\u00f6y\u00fck Ta\u011flar k\u0259ndind\u0259 atla h\u0259r\u0259k\u0259t ed\u0259rk\u0259n saxlan\u0131l\u0131blar.<\/p>\n\n\n\n<p>Yoxlama zaman\u0131 h\u0259min \u015f\u0259xsl\u0259rin m\u00fcvafiq icaz\u0259l\u0259rinin olmad\u0131\u011f\u0131 v\u0259 n\u0259zar\u0259t-burax\u0131l\u0131\u015f m\u0259nt\u0259q\u0259l\u0259rind\u0259n k\u0259nar yollarla rayon \u0259razisin\u0259 daxil olduqlar\u0131 m\u00fc\u0259yy\u0259n edilib.<\/p>\n\n\n\n<p>Faktla ba\u011fl\u0131 Xocav\u0259nd RP\u015e-d\u0259 ara\u015fd\u0131rma apar\u0131l\u0131r.<\/p>\n","protected":false},"excerpt":{"rendered":"<p>Xocav\u0259nd Rayon Polis \u015e\u00f6b\u0259sinin (RP\u015e) \u0259m\u0259kda\u015flar\u0131 t\u0259r\u0259find\u0259n ke\u00e7iril\u0259n t\u0259dbirl\u0259r n\u0259tic\u0259sind\u0259 rayon \u0259razisin\u0259 m\u00fc\u0259yy\u0259n edilmi\u015f mar\u015furutdan k\u0259nar, qanunsuz yollarla daxil olan \u015f\u0259xsl\u0259r saxlan\u0131l\u0131blar. Bu bar\u0259d\u0259<\/p>\n","protected":false},"author":2,"featured_media":86714,"comment_status":"closed","ping_status":"closed","sticky":false,"template":"","format":"standard","meta":{"footnotes":""},"categories":[4],"tags":[],"class_list":["post-86713","post","type-post","status-publish","format-standard","has-post-thumbnail","hentry","category-qarabag"],"aioseo_notices":[],"_links":{"self":[{"href":"https:\/\/fedai.az\/index.php?rest_route=\/wp\/v2\/posts\/86713","targetHints":{"allow":["GET"]}}],"collection":[{"href":"https:\/\/fedai.az\/index.php?rest_route=\/wp\/v2\/posts"}],"about":[{"href":"https:\/\/fedai.az\/index.php?rest_route=\/wp\/v2\/types\/post"}],"author":[{"embeddable":true,"href":"https:\/\/fedai.az\/index.php?rest_route=\/wp\/v2\/users\/2"}],"replies":[{"embeddable":true,"href":"https:\/\/fedai.az\/index.php?rest_route=%2Fwp%2Fv2%2Fcomments&post=86713"}],"version-history":[{"count":1,"href":"https:\/\/fedai.az\/index.php?rest_route=\/wp\/v2\/posts\/86713\/revisions"}],"predecessor-version":[{"id":86715,"href":"https:\/\/fedai.az\/index.php?rest_route=\/wp\/v2\/posts\/86713\/revisions\/86715"}],"wp:featuredmedia":[{"embeddable":true,"href":"https:\/\/fedai.az\/index.php?rest_route=\/wp\/v2\/media\/86714"}],"wp:attachment":[{"href":"https:\/\/fedai.az\/index.php?rest_route=%2Fwp%2Fv2%2Fmedia&parent=86713"}],"wp:term":[{"taxonomy":"category","embeddable":true,"href":"https:\/\/fedai.az\/index.php?rest_route=%2Fwp%2Fv2%2Fcategories&post=86713"},{"taxonomy":"post_tag","embeddable":true,"href":"https:\/\/fedai.az\/index.php?rest_route=%2Fwp%2Fv2%2Ftags&post=86713"}],"curies":[{"name":"wp","href":"https:\/\/api.w.org\/{rel}","templated":true}]}}