{"id":86716,"date":"2022-11-22T11:32:39","date_gmt":"2022-11-22T07:32:39","guid":{"rendered":"https:\/\/fedai.az\/?p=86716"},"modified":"2022-11-22T11:33:57","modified_gmt":"2022-11-22T07:33:57","slug":"86716","status":"publish","type":"post","link":"https:\/\/fedai.az\/?p=86716","title":{"rendered":"\u015e\u018fR\u018fFL\u0130 ZAB\u0130T \u00d6MR\u00dc: P\u0130RZAD\u018f B\u018fYBALAYEV &#8212; 61"},"content":{"rendered":"\n<p><strong>&nbsp;&nbsp;&nbsp; &nbsp;<mark style=\"background-color:rgba(0, 0, 0, 0)\" class=\"has-inline-color has-vivid-red-color\">&nbsp;Az\u0259rbaycan V\u0259t\u0259n M\u00fcharib\u0259si Veteranlar\u0131 \u0130ctimai Birliyinin r\u0259hb\u0259rliyi m\u00fcharib\u0259 veteran\u0131, ehtiyatda olan mayor Pirzad\u0259 B\u0259yl\u0259r o\u011flu&nbsp; B\u0259ybalayevi do\u011fum g\u00fcn\u00fc m\u00fcnasib\u0259til\u0259 s\u0259mimi q\u0259lbd\u0259n t\u0259brik edir, ona h\u0259yatda insan \u00fc\u00e7\u00fcn \u0259n \u015firin nem\u0259t olan m\u00f6hk\u0259m can sa\u011fl\u0131\u011f\u0131, ail\u0259 s\u0259ad\u0259ti&nbsp; v\u0259 h\u0259yat yollar\u0131nda bitib &#8212; t\u00fck\u0259nm\u0259y\u0259n nailiyy\u0259tl\u0259r arzulay\u0131r.<\/mark><\/strong><\/p>\n\n\n\n<p><strong>&nbsp;&nbsp;&nbsp; Arzu edirik ki, Pirzad\u0259 B\u0259ybalayevin &nbsp;ya\u015f\u0131n\u0131n \u00fcst\u0259 g\u0259l\u0259n bu ya\u015f ona, sevinc dolu ill\u0259r &nbsp;b\u0259x\u015f etsin v\u0259 h\u0259r yeni g\u00fcn\u00fc is\u0259 \u00f6t\u0259n g\u00fcnl\u0259rd\u0259n daha g\u00f6z\u0259l ist\u0259kl\u0259rin\u0259 uy\u011fun onu xo\u015fb\u0259xt ed\u0259c\u0259k \u015f\u0259kild\u0259 ke\u00e7sin!<\/strong><\/p>\n\n\n\n<p><strong>H\u0259r k\u0259s h\u0259yatda \u00f6m\u00fcr pay\u0131 ya\u015fay\u0131r.Xo\u015fb\u0259xt o&nbsp; insand\u0131r ki,ad\u0131 \u00fcnvan\u0131 el, i\u015fl\u0259diyi kolektiv aras\u0131nda h\u00f6rm\u0259tl\u0259 \u00e7\u0259kilir,&nbsp; birc\u0259&nbsp; d\u0259f\u0259&nbsp; veril\u0259n \u00f6mr\u00fc el\u0259 ya\u015fay\u0131r ki,el sevgisi qazan\u0131r<\/strong>. <strong>Xalq\u0131n,&nbsp; i\u015fl\u0259diyi kollektivin&nbsp; ist\u0259kl\u0259rin\u0259 \u00e7evrilir,&nbsp; ham\u0131 b\u00f6y\u00fcklu &#8212;&nbsp;ki\u00e7ikli x\u0259tir h\u00f6rm\u0259tini saxlay\u0131r.<\/strong><\/p>\n\n\n\n<p><strong>H\u0259min insanlar\u0131n \u00f6m\u00fcrl\u0259rind\u0259n \u00e7oxlar\u0131n\u0131n&nbsp; \u00f6m\u00fcr\u00fcn\u0259 i\u015fiq d\u00fc\u015f\u00fcr. Bir d\u0259ki,\u00f6m\u00fcr&nbsp; o vaxt qiym\u0259tli v\u0259&nbsp; d\u0259y\u0259rli olur ki, o m\u0259nal\u0131&nbsp;ya\u015fan\u0131r. H\u0259min&nbsp;\u00f6mur insanl\u0131\u011fa xidm\u0259t\u0259&nbsp; y\u00f6n\u0259ldilir, b\u0259\u015f\u0259riyy\u0259t\u0259, ail\u0259y\u0259,c\u0259miyy\u0259t\u0259 xidm\u0259t edir. Bel\u0259 \u00f6mur ya\u015fyan \u0131nsanlardan&nbsp; biri d\u0259 B\u0259ybalayevin Pirzad\u0259 B\u0259yl\u0259r o\u011flud\u00fcr<\/strong><\/p>\n\n\n\n<p>&nbsp;Z\u0259ngin t\u0259cr\u00fcb\u0259si,y\u00fcks\u0259k pe\u015f\u0259karl\u0131\u011f\u0131&nbsp; il\u0259 &nbsp;&nbsp;\u00f6ht\u0259sin\u0259&nbsp; d\u00fcs\u0259n v\u0259zif\u0259l\u0259ri v\u0259&nbsp; ona h\u0259val\u0259 olunan&nbsp; \u00e7ox\u015fax\u0259li&nbsp; i\u015fl\u0259ri h\u0259mi\u015f\u0259 yerin\u0259&nbsp; yetir\u0259n \u0130stefada&nbsp; olan mayor B\u0259ybalayev Pirzad\u0259 B\u0259yl\u0259r o\u011flu&nbsp; 22 noyabr 1961-ci ild\u0259 Quba rayonun Alekseyevka k\u0259ndind\u0259 z\u0259hm\u0259tke\u015f ail\u0259d\u0259 &nbsp;anadan olub.<\/p>\n\n\n\n<figure class=\"wp-block-gallery has-nested-images columns-default is-cropped wp-block-gallery-1 is-layout-flex wp-block-gallery-is-layout-flex\">\n<figure class=\"wp-block-image size-large\"><img loading=\"lazy\" decoding=\"async\" width=\"712\" height=\"913\" data-id=\"54560\" src=\"https:\/\/fedai.az\/wp-content\/uploads\/2021\/11\/20211121_222641.jpg\" alt=\"\" class=\"wp-image-54560\" srcset=\"https:\/\/fedai.az\/wp-content\/uploads\/2021\/11\/20211121_222641.jpg 712w, https:\/\/fedai.az\/wp-content\/uploads\/2021\/11\/20211121_222641-234x300.jpg 234w, https:\/\/fedai.az\/wp-content\/uploads\/2021\/11\/20211121_222641-117x150.jpg 117w\" sizes=\"auto, (max-width: 712px) 100vw, 712px\" \/><\/figure>\n\n\n\n<figure class=\"wp-block-image size-large\"><img loading=\"lazy\" decoding=\"async\" width=\"865\" height=\"1248\" data-id=\"54561\" src=\"https:\/\/fedai.az\/wp-content\/uploads\/2021\/11\/20211121_222612.jpg\" alt=\"\" class=\"wp-image-54561\" srcset=\"https:\/\/fedai.az\/wp-content\/uploads\/2021\/11\/20211121_222612.jpg 865w, https:\/\/fedai.az\/wp-content\/uploads\/2021\/11\/20211121_222612-208x300.jpg 208w, https:\/\/fedai.az\/wp-content\/uploads\/2021\/11\/20211121_222612-710x1024.jpg 710w, https:\/\/fedai.az\/wp-content\/uploads\/2021\/11\/20211121_222612-104x150.jpg 104w, https:\/\/fedai.az\/wp-content\/uploads\/2021\/11\/20211121_222612-768x1108.jpg 768w\" sizes=\"auto, (max-width: 865px) 100vw, 865px\" \/><\/figure>\n\n\n\n<figure class=\"wp-block-image size-large\"><img loading=\"lazy\" decoding=\"async\" width=\"899\" height=\"1325\" data-id=\"54563\" src=\"https:\/\/fedai.az\/wp-content\/uploads\/2021\/11\/20211121_222726.jpg\" alt=\"\" class=\"wp-image-54563\" srcset=\"https:\/\/fedai.az\/wp-content\/uploads\/2021\/11\/20211121_222726.jpg 899w, https:\/\/fedai.az\/wp-content\/uploads\/2021\/11\/20211121_222726-204x300.jpg 204w, https:\/\/fedai.az\/wp-content\/uploads\/2021\/11\/20211121_222726-695x1024.jpg 695w, https:\/\/fedai.az\/wp-content\/uploads\/2021\/11\/20211121_222726-102x150.jpg 102w, https:\/\/fedai.az\/wp-content\/uploads\/2021\/11\/20211121_222726-768x1132.jpg 768w\" sizes=\"auto, (max-width: 899px) 100vw, 899px\" \/><\/figure>\n<\/figure>\n\n\n\n<p>&nbsp;&nbsp;&nbsp; Pe\u015f\u0259karl\u0131\u011f\u0131, h\u00fcmanistliyi, s\u0259mimiyy\u0259ti,t\u0259vaz\u00f6karl\u0131\u011f\u0131&nbsp; il\u0259 h\u0259r k\u0259sin, dostlar\u0131n\u0131n v\u0259&nbsp; yax\u0131nlar\u0131n\u0131n yan\u0131nda olan Pirzad\u0259&nbsp; B\u0259yl\u0259r o\u011flu B\u0259ybalayev&nbsp; 1976-c\u0131 ild\u0259 Quba rayonunun Alekseyevka k\u0259nd orta m\u0259kt\u0259bini, 1980-ci ild\u0259,&#187;\u015e\u0259r\u0259f Ordenli&nbsp; Quba Savxoz texnikomunu , 1992-ci ild\u0259 Da\u011f\u0131stan Respublikas\u0131n\u0131n Politexnik \u0130nstitutunun Avtomobill\u0259rin istismar\u0131 v\u0259 t\u0259miri fakult\u0259sini bitirib.O, Daxili Qo\u015funlarda xidm\u0259t etdiyi ill\u0259r \u0259rzind\u0259 , Daxili Qo\u015funlar\u0131n Ba\u015f \u0130dar\u0259sind\u0259, Ali h\u0259rbi m\u0259kt\u0259bind\u0259 &nbsp;v\u0259 h\u0259rbi hiss\u0259l\u0259rind\u0259 kecirl\u0259n bir cox metodiki -t\u0259lim toplan\u0131\u015flarda, m\u00fcvafiq ixtisas art\u0131rma kurslar\u0131nda &nbsp;X\u00fcsusi- taktiki t\u0259liml\u0259rd\u0259, seminar v\u0259 konfranslarda f\u0259al i\u015ftirak edib.<\/p>\n\n\n\n<p>&nbsp; \u0130ctimai i\u015fl\u0259rd\u0259 f\u0259dakarl\u0131q g\u00f6st\u0259r\u0259n, &nbsp;dostlara,h\u0259rbici, d\u00f6y\u00fc\u015fcu yolda\u015flar\u0131 na,yax\u0131nlar\u0131na isti m\u00fcnasib\u0259td\u0259 olan h\u00f6rm\u0259tli &nbsp;&nbsp;m\u00fcharib\u0259 veteranm\u0131z,B\u0259yl\u0259r&nbsp; o\u011flu Pirzad\u0259 B\u0259ybalayev&nbsp; 1980-1983-c\u00fc ill\u0259rd\u0259 SSR\u0130 M\u00fcdafi\u0259 Nazirliyinin Sakit Okianda yerl\u0259\u015f\u0259n H\u0259rbi D\u0259niz Q\u00fcvv\u0259l\u0259rind\u0259 m\u00fcdd\u0259tli h\u0259qiqi h\u0259rbi xidm\u0259td\u0259 olub.<\/p>\n\n\n\n<p>&nbsp;&nbsp;&nbsp;&nbsp;&nbsp; O, 1986- 1993 c\u00fc ill\u0259rd\u0259 Elektorata zavodunda daha sonra D\u00f6vl\u0259t Plan komit\u0259sinin &#171;Kvand &#187; Elm \u0130stehsalat birliyind\u0259 ba\u015f direktorun m\u00fcavini v\u0259zif\u0259sind\u0259 i\u015fl\u0259yib.<\/p>\n\n\n\n<p>&nbsp;&nbsp;&nbsp;&nbsp; 1993- 2009 -cu ill\u0259rd\u0259 Daxili \u0130\u015fl\u0259r Nazirliyi Daxili Daxili&nbsp; Qo\u015funlar\u0131n Ba\u015f \u0130dar\u0259sinin N\u0259rimanov, X\u0259z\u0259r,&nbsp; Bin\u0259q\u0259di, X\u0259tai rayonlar\u0131nda yerl\u0259\u015f\u0259n h\u0259rbi hiss\u0259l\u0259rind\u0259 v\u0259 ali h\u0259rbi m\u0259kt\u0259bind\u0259 taq\u0131m komandiri, b\u00f6luk komandiri, Avtomobil v\u0259 zirehli texnika xidm\u0259tinin r\u0259isi, Avtomobil&nbsp; v\u0259 zirehli teknikan\u0131n t\u0259miri bazas\u0131n\u0131n r\u0259isi, M\u0259nzil -istismar xidm\u0259ti r\u0259isi, Daxili Qo\u015funlar\u0131n Bas \u0130dar\u0259sinin Maddi-texniki &nbsp;t\u0259minat idar\u0259sinid\u0259 is\u0259&nbsp; m\u00fcvafiq v\u0259zif\u0259d\u0259 xidm\u0259t etmi\u015fdir, 2009-2016-ci ill\u0259rd\u0259&nbsp; H\u0259rbil\u0259\u015fdirilmi\u015f M\u00fchafiz\u0259 id\u0259r\u0259sind\u0259 \u00e7al\u0131\u015fm\u0131\u015fd\u0131r.Pirzad\u0259 2016&nbsp; -c\u0131 ild\u0259n&nbsp; \u201cPirzad\u0259 M\u0259hdud M\u0259suliyy\u0259ti C\u0259miyy\u0259tind\u0259&#187; M\u0259\u015f\u011fulluq t\u0259snifat\u0131 &nbsp;\u00fczr\u0259 Direktor v\u0259zif\u0259sind\u0259 i\u015fl\u0259yir.<\/p>\n\n\n\n<p>&nbsp;&nbsp; Az\u0259rbaycan Respublikas\u0131nda ictimai qaydan\u0131n v\u0259 ictimai t\u0259hl\u00fck\u0259sizliyin qorunmas\u0131nda \u015f\u0259h\u0259rd\u0259, ya\u015fay\u0131\u015f m\u0259nt\u0259q\u0259l\u0259rind\u0259, c\u0259za\u00e7\u0259km\u0259 m\u00fc\u0259ssis\u0259l\u0259rind\u0259 ba\u015f vermi\u015f &nbsp;k\u00fctl\u0259vi ixt\u015fa\u015flar\u0131n qar\u015f\u0131s\u0131n\u0131n al\u0131nmas\u0131nda, cinay\u0259tkarl\u0131\u011fa qar\u015f\u0131 m\u00fcbariz\u0259d\u0259, f\u00f6vqalad\u0259 v\u0259ziyy\u0259t zaman\u0131 h\u00fcquqi rejim karantin t\u0259dbirl\u0259rinin h\u0259yata ke\u00e7irilm\u0259sind\u0259, d\u00f6vl\u0259tin \u0259razi&nbsp; b\u00fct\u00f6vl\u00fcy\u00fcn\u00fcn t\u0259min edilm\u0259sind\u0259 \u00fcz\u0259rin\u0259 d\u00fcs\u0259n v\u0259zif\u0259 v\u0259 tap\u015f\u0131r\u0131qlar\u0131 m\u0259suliyy\u0259tl\u0259 v\u0259 \u015f\u0259r\u0259f hissi il\u0259 yer\u0131n\u0259 yetirmi\u015fdir.<\/p>\n\n\n\n<figure class=\"wp-block-gallery has-nested-images columns-default is-cropped wp-block-gallery-2 is-layout-flex wp-block-gallery-is-layout-flex\">\n<figure class=\"wp-block-image size-large\"><img loading=\"lazy\" decoding=\"async\" width=\"700\" height=\"1024\" data-id=\"86717\" src=\"https:\/\/fedai.az\/wp-content\/uploads\/2022\/11\/20221121_190627-700x1024.jpg\" alt=\"\" class=\"wp-image-86717\" srcset=\"https:\/\/fedai.az\/wp-content\/uploads\/2022\/11\/20221121_190627-700x1024.jpg 700w, https:\/\/fedai.az\/wp-content\/uploads\/2022\/11\/20221121_190627-205x300.jpg 205w, https:\/\/fedai.az\/wp-content\/uploads\/2022\/11\/20221121_190627-103x150.jpg 103w, https:\/\/fedai.az\/wp-content\/uploads\/2022\/11\/20221121_190627-768x1123.jpg 768w, https:\/\/fedai.az\/wp-content\/uploads\/2022\/11\/20221121_190627-1051x1536.jpg 1051w, https:\/\/fedai.az\/wp-content\/uploads\/2022\/11\/20221121_190627.jpg 1080w\" sizes=\"auto, (max-width: 700px) 100vw, 700px\" \/><\/figure>\n\n\n\n<figure class=\"wp-block-image size-large\"><img loading=\"lazy\" decoding=\"async\" width=\"875\" height=\"1024\" data-id=\"86718\" src=\"https:\/\/fedai.az\/wp-content\/uploads\/2022\/11\/20221121_190615-875x1024.jpg\" alt=\"\" class=\"wp-image-86718\" srcset=\"https:\/\/fedai.az\/wp-content\/uploads\/2022\/11\/20221121_190615-875x1024.jpg 875w, https:\/\/fedai.az\/wp-content\/uploads\/2022\/11\/20221121_190615-256x300.jpg 256w, https:\/\/fedai.az\/wp-content\/uploads\/2022\/11\/20221121_190615-128x150.jpg 128w, https:\/\/fedai.az\/wp-content\/uploads\/2022\/11\/20221121_190615-768x899.jpg 768w, https:\/\/fedai.az\/wp-content\/uploads\/2022\/11\/20221121_190615.jpg 1080w\" sizes=\"auto, (max-width: 875px) 100vw, 875px\" \/><\/figure>\n<\/figure>\n\n\n\n<p>&nbsp;&nbsp;&nbsp;&nbsp;&nbsp; O, Daxili Qo\u015funlarda xidm\u0259t etdiyi ill\u0259r \u0259rzind\u0259 \u00f6zun\u00fc u\u015faq vaxtlar\u0131ndan, g\u00f6z\u0259l ail\u0259 v\u0259 m\u0259kt\u0259b t\u0259rbiy\u0259si il\u0259 b\u00f6y\u00fcm\u00fc\u015f, \u0259xlaq\u0131 t\u0259rbiy\u0259si yerind\u0259 olan, nizam v\u0259 intizaml\u0131 h\u0259rbici k\u0131m\u0131 g\u00f6st\u0259rmi\u015fdir. Pirzad\u0259 B\u0259ybalayev&nbsp; ist\u0259r &nbsp;oxudu\u011fu orta &nbsp;v\u0259 ali t\u0259hsil&nbsp; m\u00fc\u0259ssis\u0259l\u0259rind\u0259,xidm\u0259t etdiyi v\u0259 \u00e7al\u0131\u015fd\u0131\u011f\u0131 m\u00fchitd\u0259, ist\u0259rs\u0259d\u0259,dost-tan\u0131\u015f &nbsp;qohum-\u0259qr\u0259ba, qon\u015fu aras\u0131nda h\u0259mi\u015f\u0259 m\u00fcsb\u0259t m\u0259nada se\u00e7il\u0259r\u0259k, ba\u015fqalar\u0131 \u00fc\u00e7\u00fcn&nbsp; n\u00fcmun\u0259 olmu\u015fdur.<\/p>\n\n\n\n<p>&nbsp;&nbsp;&nbsp;&nbsp;&nbsp; Az\u0259rbaycan Respublikas\u0131n\u0131n Konstitusiyas\u0131na v\u0259 qanunlar\u0131na \u0259m\u0259l etm\u0259kd\u0259, H\u0259rbi And\u0131n v\u0259 h\u0259rbi nizamnam\u0259l\u0259rin, Daxili Qo\u015funlar\u0131n D\u00f6y\u00fc\u015f xidm\u0259ti nizamnam\u0259sinin &nbsp;t\u0259l\u0259bl\u0259rinin yerin\u0259 yetirilm\u0259sind\u0259 bir cox h\u0259rbi qulluq\u00e7ulara \u015f\u0259xsi n\u00fcmun\u0259 olaraq V\u0259t\u0259n\u0259 D\u00f6vl\u0259t\u0259 v\u0259 xalqa s\u0259daq\u0259tl\u0259 xidm\u0259t etmi\u015fdir.<\/p>\n\n\n\n<p>&nbsp;&nbsp;&nbsp; Mayor B\u0259ybalayev Pirzad\u0259 B\u0259yl\u0259r o\u011flu Xidm\u0259td\u0259 f\u0259riql\u0259ndiyin\u0259 g\u00f6r\u0259 &nbsp;Daxili \u0130\u015fl\u0259r Nazirinin, Daxili Qo\u015funlar Komandan\u0131n&nbsp; v\u0259 onun m\u00fcavinl\u0259rinin, Al\u0131 H\u0259rbi M\u0259kt\u0259b r\u0259isinin, h\u0259rbi hiss\u0259 komandirl\u0259rinin m\u00fcvafiq \u0259mrl\u0259ri &nbsp;\u201c\u0259la xidm\u0259tl\u0259r\u0259 g\u00f6r\u0259\u201d d\u00f6\u015f v\u0259 yubiley ni\u015fanlar\u0131 il\u0259, f\u0259xri f\u0259rmanlarla, qiym\u0259tli h\u0259diyy\u0259l\u0259rl\u0259 m\u00fckafatland\u0131rl\u0131b, ona t\u0259\u015f\u0259kk\u00fcr elan edilib,SSRI Ali Soveti v\u0259 Az\u0259rbaycan Respublikas\u0131n\u0131n Prezidenti ad\u0131ndan is\u0259 a\u015fa\u011f\u0131dak\u0131 medalarla t\u0259ltif edilib: &nbsp;&nbsp;&nbsp;&nbsp;<\/p>\n\n\n\n<p>1.Silahl\u0131 Q\u00fcvv\u0259l\u0259rinin yaranmas\u0131n\u0131n 70-iliy &nbsp;yubiley medal\u0131 il\u0259;&nbsp;&nbsp;<\/p>\n\n\n\n<p>2. Silahl\u0131 Q\u00fcvv\u0259l\u0259rin yaranmas\u0131n\u0131n&nbsp;&nbsp; 10-illiyi yubiley medal\u0131 il\u0259;&nbsp;<\/p>\n\n\n\n<p>&nbsp;3.Silahl\u0131 Q\u00fcvv\u0259l\u0259rin yaranmas\u0131n\u0131n 90 illiyi yubiley medal\u0131 il\u0259;&nbsp;&nbsp;&nbsp;&nbsp;&nbsp;&nbsp;&nbsp;&nbsp;&nbsp;&nbsp;&nbsp;&nbsp;&nbsp; &nbsp;&nbsp;&nbsp;&nbsp;&nbsp;&nbsp;<\/p>\n\n\n\n<p>4.\u201dQ\u00fcsursuz xidm\u0259t\u0259 g\u00f6r\u0259 &#187; 1-ci,&nbsp;&nbsp; &nbsp;d\u0259r\u0259c\u0259li medal il\u0259;&nbsp;&nbsp;&nbsp; <\/p>\n\n\n\n<p>5.\u201cQ\u00fcsursuz Xidm\u0259t\u0259 g\u00f6r\u0259\u201d 2 -ci d\u0259r\u0259c\u0259li medal il\u0259;<\/p>\n\n\n\n<p>6.\u201dQ\u00fcsursuz Xidm\u0259t\u0259 g\u00f6r\u0259\u201d&nbsp; 3 d\u0259r\u0259c\u0259li medal il\u0259.&nbsp;&nbsp;<\/p>\n\n\n\n<p><strong>DO\u011eUM G\u00dcN\u00dcN M\u00dcBAR\u018fK OLSUN<\/strong>, <strong>P\u0130RZAD\u018f!<\/strong><\/p>\n\n\n\n<p><strong>H\u018fM\u0130\u015e\u018f \u00dcZ\u00dcN G\u00dcLS\u00dcN, \u00dcR\u018fY\u0130N SEV\u0130NS\u0130N!<\/strong><\/p>\n\n\n\n<p><strong>ALLAH H\u018fR ZAMAN Q\u018fLB\u0130N\u0130 SIXINTIDAN, B\u018fDB\u0130NL\u0130KD\u018fN QORUSUN!<\/strong><\/p>\n\n\n\n<p><strong>DA\u0130MA XO\u015eB\u018fXT &nbsp;V\u018f SA\u011eLAM YA\u015eA. &nbsp;<\/strong><\/p>\n\n\n\n<p><strong>Az\u0259rbaycan V\u0259t\u0259n M\u00fcharib\u0259si Veteranlar\u0131 \u0130ctimai Birliyi S\u0259drinin h\u00fcquqi m\u0259s\u0259l\u0259l\u0259r \u00fczr\u0259 m\u00fcavini polkovnik <mark style=\"background-color:rgba(0, 0, 0, 0)\" class=\"has-inline-color has-vivid-red-color\">Salman Musayev<\/mark><\/strong><\/p>\n\n\n\n<p><\/p>\n\n\n\n<figure class=\"wp-block-gallery has-nested-images columns-default is-cropped wp-block-gallery-3 is-layout-flex wp-block-gallery-is-layout-flex\">\n<figure class=\"wp-block-image size-large\"><img loading=\"lazy\" decoding=\"async\" width=\"830\" height=\"1024\" data-id=\"86719\" src=\"https:\/\/fedai.az\/wp-content\/uploads\/2022\/11\/20221121_190642-830x1024.jpg\" alt=\"\" class=\"wp-image-86719\" srcset=\"https:\/\/fedai.az\/wp-content\/uploads\/2022\/11\/20221121_190642-830x1024.jpg 830w, https:\/\/fedai.az\/wp-content\/uploads\/2022\/11\/20221121_190642-243x300.jpg 243w, https:\/\/fedai.az\/wp-content\/uploads\/2022\/11\/20221121_190642-122x150.jpg 122w, https:\/\/fedai.az\/wp-content\/uploads\/2022\/11\/20221121_190642-768x948.jpg 768w, https:\/\/fedai.az\/wp-content\/uploads\/2022\/11\/20221121_190642.jpg 1080w\" sizes=\"auto, (max-width: 830px) 100vw, 830px\" \/><\/figure>\n\n\n\n<figure class=\"wp-block-image size-large\"><img decoding=\"async\" data-id=\"58185\" src=\"https:\/\/fedai.az\/wp-content\/uploads\/2021\/12\/8265a327389da9fe4fdc2714b309120e-1-1-2.jpg\" alt=\"\" class=\"wp-image-58185\"\/><\/figure>\n<\/figure>\n","protected":false},"excerpt":{"rendered":"<p>&nbsp;&nbsp;&nbsp; &nbsp;&nbsp;Az\u0259rbaycan V\u0259t\u0259n M\u00fcharib\u0259si Veteranlar\u0131 \u0130ctimai Birliyinin r\u0259hb\u0259rliyi m\u00fcharib\u0259 veteran\u0131, ehtiyatda olan mayor Pirzad\u0259 B\u0259yl\u0259r o\u011flu&nbsp; B\u0259ybalayevi do\u011fum g\u00fcn\u00fc m\u00fcnasib\u0259til\u0259 s\u0259mimi q\u0259lbd\u0259n t\u0259brik edir,<\/p>\n","protected":false},"author":2,"featured_media":54564,"comment_status":"closed","ping_status":"closed","sticky":false,"template":"","format":"standard","meta":{"footnotes":""},"categories":[5],"tags":[],"class_list":["post-86716","post","type-post","status-publish","format-standard","has-post-thumbnail","hentry","category-veteran"],"aioseo_notices":[],"_links":{"self":[{"href":"https:\/\/fedai.az\/index.php?rest_route=\/wp\/v2\/posts\/86716","targetHints":{"allow":["GET"]}}],"collection":[{"href":"https:\/\/fedai.az\/index.php?rest_route=\/wp\/v2\/posts"}],"about":[{"href":"https:\/\/fedai.az\/index.php?rest_route=\/wp\/v2\/types\/post"}],"author":[{"embeddable":true,"href":"https:\/\/fedai.az\/index.php?rest_route=\/wp\/v2\/users\/2"}],"replies":[{"embeddable":true,"href":"https:\/\/fedai.az\/index.php?rest_route=%2Fwp%2Fv2%2Fcomments&post=86716"}],"version-history":[{"count":2,"href":"https:\/\/fedai.az\/index.php?rest_route=\/wp\/v2\/posts\/86716\/revisions"}],"predecessor-version":[{"id":86721,"href":"https:\/\/fedai.az\/index.php?rest_route=\/wp\/v2\/posts\/86716\/revisions\/86721"}],"wp:featuredmedia":[{"embeddable":true,"href":"https:\/\/fedai.az\/index.php?rest_route=\/wp\/v2\/media\/54564"}],"wp:attachment":[{"href":"https:\/\/fedai.az\/index.php?rest_route=%2Fwp%2Fv2%2Fmedia&parent=86716"}],"wp:term":[{"taxonomy":"category","embeddable":true,"href":"https:\/\/fedai.az\/index.php?rest_route=%2Fwp%2Fv2%2Fcategories&post=86716"},{"taxonomy":"post_tag","embeddable":true,"href":"https:\/\/fedai.az\/index.php?rest_route=%2Fwp%2Fv2%2Ftags&post=86716"}],"curies":[{"name":"wp","href":"https:\/\/api.w.org\/{rel}","templated":true}]}}