{"id":86779,"date":"2022-11-23T00:27:23","date_gmt":"2022-11-22T20:27:23","guid":{"rendered":"https:\/\/fedai.az\/?p=86779"},"modified":"2022-11-23T00:27:27","modified_gmt":"2022-11-22T20:27:27","slug":"erm%c9%99nistanla-az%c9%99rbaycan-arasindaki-munaqis%c9%99-ktmt-nin-yurisdiksiyasina-daxil-deyil-deputat-kosacev","status":"publish","type":"post","link":"https:\/\/fedai.az\/?p=86779","title":{"rendered":"&#171;Erm\u0259nistanla Az\u0259rbaycan aras\u0131ndak\u0131 m\u00fcnaqi\u015f\u0259 KTMT-nin yurisdiksiyas\u0131na daxil deyil&#187; &#8212; deputat Kosa\u00e7ev"},"content":{"rendered":"\n<p><strong>Erm\u0259nistanla Az\u0259rbaycan aras\u0131nda m\u00fcnaqi\u015f\u0259 Kollektiv T\u0259hl\u00fck\u0259sizlik M\u00fcqavil\u0259si T\u0259\u015fkilat\u0131n\u0131n yurisdiksiyas\u0131na daxil deyil. <\/strong><\/p>\n\n\n\n<p>\u201cArmenpress\u201d x\u0259b\u0259r verir ki, bunu \u201cArqument\u0131 \u0438 \u0444\u0430\u043a\u0442\u0131\u201d q\u0259zetin\u0259 m\u00fcsahib\u0259sind\u0259 diplomat, RF Federal M\u0259clisi Federasiya \u015euras\u0131n\u0131n s\u0259dr m\u00fcavini Konstantin Kosa\u00e7ev jurnalistin \u0259n \u00e7ox KTMT v\u0259 Rusiya il\u0259 ba\u011fl\u0131 sual\u0131n\u0131 cavabland\u0131rark\u0259n deyib.<\/p>\n\n\n\n<p>\u201cS\u00fclh yolu <a><\/a>il\u0259 nizamlanma m\u00f6vqeyi tutmaq v\u0259 onu d\u0259st\u0259kl\u0259m\u0259k laz\u0131md\u0131r ki, h\u0259min nizamlanman\u0131n \u015f\u0259rtl\u0259ri b\u00fct\u00fcn t\u0259r\u0259fl\u0259r \u00fc\u00e7\u00fcn m\u0259qbul olsun\u201d, &#8212; dey\u0259 Kosa\u00e7ev bildirib.<\/p>\n\n\n\n<p>Erm\u0259ni m\u0259tbuat\u0131ndan &#8212;<strong> \u0130SMAYIL TANRIVERD\u0130<\/strong><\/p>\n","protected":false},"excerpt":{"rendered":"<p>Erm\u0259nistanla Az\u0259rbaycan aras\u0131nda m\u00fcnaqi\u015f\u0259 Kollektiv T\u0259hl\u00fck\u0259sizlik M\u00fcqavil\u0259si T\u0259\u015fkilat\u0131n\u0131n yurisdiksiyas\u0131na daxil deyil. \u201cArmenpress\u201d x\u0259b\u0259r verir ki, bunu \u201cArqument\u0131 \u0438 \u0444\u0430\u043a\u0442\u0131\u201d q\u0259zetin\u0259 m\u00fcsahib\u0259sind\u0259 diplomat, RF Federal<\/p>\n","protected":false},"author":2,"featured_media":86780,"comment_status":"closed","ping_status":"closed","sticky":false,"template":"","format":"standard","meta":{"footnotes":""},"categories":[13],"tags":[],"class_list":["post-86779","post","type-post","status-publish","format-standard","has-post-thumbnail","hentry","category-xarici"],"aioseo_notices":[],"_links":{"self":[{"href":"https:\/\/fedai.az\/index.php?rest_route=\/wp\/v2\/posts\/86779","targetHints":{"allow":["GET"]}}],"collection":[{"href":"https:\/\/fedai.az\/index.php?rest_route=\/wp\/v2\/posts"}],"about":[{"href":"https:\/\/fedai.az\/index.php?rest_route=\/wp\/v2\/types\/post"}],"author":[{"embeddable":true,"href":"https:\/\/fedai.az\/index.php?rest_route=\/wp\/v2\/users\/2"}],"replies":[{"embeddable":true,"href":"https:\/\/fedai.az\/index.php?rest_route=%2Fwp%2Fv2%2Fcomments&post=86779"}],"version-history":[{"count":1,"href":"https:\/\/fedai.az\/index.php?rest_route=\/wp\/v2\/posts\/86779\/revisions"}],"predecessor-version":[{"id":86781,"href":"https:\/\/fedai.az\/index.php?rest_route=\/wp\/v2\/posts\/86779\/revisions\/86781"}],"wp:featuredmedia":[{"embeddable":true,"href":"https:\/\/fedai.az\/index.php?rest_route=\/wp\/v2\/media\/86780"}],"wp:attachment":[{"href":"https:\/\/fedai.az\/index.php?rest_route=%2Fwp%2Fv2%2Fmedia&parent=86779"}],"wp:term":[{"taxonomy":"category","embeddable":true,"href":"https:\/\/fedai.az\/index.php?rest_route=%2Fwp%2Fv2%2Fcategories&post=86779"},{"taxonomy":"post_tag","embeddable":true,"href":"https:\/\/fedai.az\/index.php?rest_route=%2Fwp%2Fv2%2Ftags&post=86779"}],"curies":[{"name":"wp","href":"https:\/\/api.w.org\/{rel}","templated":true}]}}