{"id":86835,"date":"2022-11-23T23:52:21","date_gmt":"2022-11-23T19:52:21","guid":{"rendered":"https:\/\/fedai.az\/?p=86835"},"modified":"2022-11-23T23:52:24","modified_gmt":"2022-11-23T19:52:24","slug":"r%c9%99c%c9%99b-r%c9%99himli-dia-da-muasir-dovrd%c9%99-dovl%c9%99t-qulluqcularinin-xidm%c9%99ti-f%c9%99aliyy%c9%99tinin-qiym%c9%99tl%c9%99ndirilm%c9%99si-movzusunda-novb%c9%99ti-t","status":"publish","type":"post","link":"https:\/\/fedai.az\/?p=86835","title":{"rendered":"R\u0259c\u0259b R\u0259himli D\u0130A-da \u201cM\u00fcasir d\u00f6vrd\u0259 d\u00f6vl\u0259t qulluq\u00e7ular\u0131n\u0131n xidm\u0259ti f\u0259aliyy\u0259tinin qiym\u0259tl\u0259ndirilm\u0259si\u201d m\u00f6vzusunda n\u00f6vb\u0259ti t\u0259lim ke\u00e7irib"},"content":{"rendered":"\n<p>Az\u0259rbaycan Respublikas\u0131n\u0131n Prezidenti yan\u0131nda D\u00f6vl\u0259t \u0130dar\u0259\u00e7ilik Akademiyas\u0131n\u0131n (D\u0130A) R\u0259hb\u0259r D\u00f6vl\u0259t \u0130dar\u0259\u00e7iliyi Kadrlar\u0131n\u0131n \u0130xtisas\u0131n\u0131n Art\u0131r\u0131lmas\u0131 \u0130nstitutu S\u0259f\u0259rb\u0259rlik v\u0259 H\u0259rbi Xidm\u0259t\u0259 \u00c7a\u011f\u0131r\u0131\u015f \u00fczr\u0259 D\u00f6vl\u0259t Xidm\u0259tinin r\u0259hb\u0259r hey\u0259ti \u00fc\u00e7\u00fcn n\u00f6vb\u0259ti onlayn t\u0259lim ke\u00e7irib. Bu bar\u0259d\u0259 AZ\u018fRTAC-a D\u0130A-dan m\u0259lumat verilib.<\/p>\n\n\n\n<p><br>T\u0259limd\u0259 D\u00f6vl\u0259t \u0130dar\u0259\u00e7ilik Akademiyas\u0131n\u0131n D\u00f6vl\u0259t qullu\u011fu v\u0259 kadr siyas\u0259ti kafedras\u0131n\u0131n m\u00fcdiri siyasi elml\u0259r doktoru, dosent R\u0259c\u0259b R\u0259himli \u201cM\u00fcasir d\u00f6vrd\u0259 d\u00f6vl\u0259t qulluq\u00e7ular\u0131n\u0131n xidm\u0259ti f\u0259aliyy\u0259tinin qiym\u0259tl\u0259ndirilm\u0259si\u201d m\u00f6vzusunda m\u00fchazir\u0259 il\u0259 \u00e7\u0131x\u0131\u015f edib. Az\u0259rbaycan Prezidenti \u0130lham \u018fliyev t\u0259r\u0259find\u0259n 2020-ci il noyabr\u0131n 24-d\u0259 \u201cD\u00f6vl\u0259t qullu\u011fu haqq\u0131nda\u201d Az\u0259rbaycan Respublikas\u0131n\u0131n Qanununda d\u0259yi\u015fiklik edilm\u0259si bar\u0259d\u0259 Az\u0259rbaycan Respublikas\u0131n\u0131n Qanunu v\u0259 Qanunun t\u0259tbiqi il\u0259 ba\u011fl\u0131 2020-ci il 26 dekabr tarixind\u0259 F\u0259rman imzalan\u0131b. D\u0259yi\u015fiklikl\u0259r d\u00f6vl\u0259t qulluq\u00e7usunun f\u0259aliyy\u0259tin\u0259 n\u0259zar\u0259tin h\u0259yata ke\u00e7irilm\u0259si, onun potensial imkanlar\u0131n\u0131n a\u015fkara \u00e7\u0131xar\u0131lmas\u0131, d\u00f6vl\u0259t qulluq\u00e7usunun xidm\u0259ti f\u0259aliyy\u0259tinin qiym\u0259tl\u0259ndirilm\u0259sini n\u0259z\u0259rd\u0259 tutur. M\u0259hz t\u0259\u015fkil edilmi\u015f t\u0259limin \u0259sas m\u0259qs\u0259di bu d\u0259yi\u015fiklikl\u0259rin izah\u0131 v\u0259 h\u0259yata ke\u00e7irilm\u0259si metodlar\u0131n\u0131n r\u0259hb\u0259r hey\u0259tin diqq\u0259tin\u0259 \u00e7atd\u0131r\u0131lmas\u0131 olub.<\/p>\n\n\n<div class=\"wp-block-image\">\n<figure class=\"aligncenter size-full\"><img loading=\"lazy\" decoding=\"async\" width=\"750\" height=\"421\" src=\"https:\/\/fedai.az\/wp-content\/uploads\/2022\/11\/WhatsApp-Image-2022-11-23-at-23.38.35-1.jpeg\" alt=\"\" class=\"wp-image-86837\" srcset=\"https:\/\/fedai.az\/wp-content\/uploads\/2022\/11\/WhatsApp-Image-2022-11-23-at-23.38.35-1.jpeg 750w, https:\/\/fedai.az\/wp-content\/uploads\/2022\/11\/WhatsApp-Image-2022-11-23-at-23.38.35-1-300x168.jpeg 300w, https:\/\/fedai.az\/wp-content\/uploads\/2022\/11\/WhatsApp-Image-2022-11-23-at-23.38.35-1-150x84.jpeg 150w, https:\/\/fedai.az\/wp-content\/uploads\/2022\/11\/WhatsApp-Image-2022-11-23-at-23.38.35-1-715x400.jpeg 715w\" sizes=\"auto, (max-width: 750px) 100vw, 750px\" \/><\/figure>\n<\/div>\n\n\n<p><br>R.R\u0259himli t\u0259lim i\u015ftirak\u00e7\u0131lar\u0131na \u00f6lk\u0259mizd\u0259 d\u00f6vl\u0259t qullu\u011funun formala\u015fmas\u0131, qanunverici bazas\u0131 haqq\u0131nda m\u0259lumat ver\u0259r\u0259k qeyd edib ki, Az\u0259rbaycanda d\u00f6vl\u0259t qulluq\u00e7ular\u0131n\u0131n xidm\u0259ti f\u0259aliyy\u0259tinin qiym\u0259tl\u0259ndirilm\u0259si \u201cD\u00f6vl\u0259t qullu\u011fu haqq\u0131nda\u201d Az\u0259rbaycan Respublikas\u0131n\u0131n Qanunu v\u0259 Nazirl\u0259r Kabinetinin 2021-ci il 6 aprel tarixli \u201cD\u00f6vl\u0259t qulluq\u00e7usunun xidm\u0259ti f\u0259aliyy\u0259tinin qiym\u0259tl\u0259ndirilm\u0259si Qaydas\u0131\u201dna \u0259sas\u0259n apar\u0131l\u0131r. M\u00fchazir\u0259\u00e7i, h\u0259m\u00e7inin d\u00f6vl\u0259t qulluq\u00e7usunun xidm\u0259ti f\u0259aliyy\u0259tinin qiym\u0259tl\u0259ndirilm\u0259sinin beyn\u0259lxalq t\u0259cr\u00fcb\u0259si, qiym\u0259tl\u0259ndirm\u0259nin m\u0259qs\u0259di, qiym\u0259tl\u0259ndirilm\u0259y\u0259 haz\u0131rl\u0131q, qiym\u0259tl\u0259ndirilm\u0259 d\u00f6vr\u00fc, qiym\u0259tl\u0259ndirilm\u0259nin n\u0259tic\u0259sin\u0259 \u0259sas\u0259n t\u0259tbiq edil\u0259n t\u0259dbirl\u0259r, d\u00f6vl\u0259t qulluq\u00e7ular\u0131n\u0131n f\u0259aliyy\u0259tinin t\u0259kmill\u0259\u015fdirilm\u0259sind\u0259 rotasiyan\u0131n rolu bar\u0259d\u0259 m\u0259lumat verib. R.R\u0259himli bildirib ki, Az\u0259rbaycan Respublikas\u0131nda d\u00f6vl\u0259t qullu\u011funun inki\u015faf\u0131na dair 2019-2025-ci ill\u0259r \u00fc\u00e7\u00fcn Strategiyada da d\u00f6vl\u0259t orqanlar\u0131n\u0131n struktur b\u00f6lm\u0259l\u0259rinin v\u0259 d\u00f6vl\u0259t qulluq\u00e7ular\u0131n\u0131n f\u0259aliyy\u0259tinin qiym\u0259tl\u0259ndirilm\u0259si m\u00fch\u00fcm m\u0259s\u0259l\u0259 kimi qeyd olunur. Strategiya d\u00f6vl\u0259t qullu\u011fu sisteminin inki\u015faf\u0131 m\u0259qs\u0259dil\u0259 institusional quruculuq, kadr siyas\u0259ti, d\u00f6vl\u0259t qulluq\u00e7ular\u0131n\u0131n rotasiyas\u0131, d\u00f6vl\u0259t qullu\u011funda s\u0259ri\u015ft\u0259 (kompetensiya) v\u0259 m\u00fct\u0259r\u0259qqi motivasiya (h\u0259v\u0259sl\u0259ndirm\u0259) modell\u0259rinin t\u0259tbiqi v\u0259 bir s\u0131ra \u0259laq\u0259li sah\u0259l\u0259rd\u0259 \u0259sasl\u0131 islahatlar\u0131n h\u0259yata ke\u00e7irilm\u0259sini n\u0259z\u0259rd\u0259 tutur.<\/p>\n\n\n<div class=\"wp-block-image\">\n<figure class=\"aligncenter size-large is-resized\"><img loading=\"lazy\" decoding=\"async\" src=\"https:\/\/fedai.az\/wp-content\/uploads\/2022\/11\/WhatsApp-Image-2022-11-23-at-23.38.36-1024x768.jpeg\" alt=\"\" class=\"wp-image-86838\" width=\"612\" height=\"459\" srcset=\"https:\/\/fedai.az\/wp-content\/uploads\/2022\/11\/WhatsApp-Image-2022-11-23-at-23.38.36-1024x768.jpeg 1024w, https:\/\/fedai.az\/wp-content\/uploads\/2022\/11\/WhatsApp-Image-2022-11-23-at-23.38.36-300x225.jpeg 300w, https:\/\/fedai.az\/wp-content\/uploads\/2022\/11\/WhatsApp-Image-2022-11-23-at-23.38.36-150x113.jpeg 150w, https:\/\/fedai.az\/wp-content\/uploads\/2022\/11\/WhatsApp-Image-2022-11-23-at-23.38.36-768x576.jpeg 768w, https:\/\/fedai.az\/wp-content\/uploads\/2022\/11\/WhatsApp-Image-2022-11-23-at-23.38.36-1536x1152.jpeg 1536w, https:\/\/fedai.az\/wp-content\/uploads\/2022\/11\/WhatsApp-Image-2022-11-23-at-23.38.36.jpeg 1600w\" sizes=\"auto, (max-width: 612px) 100vw, 612px\" \/><\/figure>\n<\/div>\n\n\n<p><br>M\u00fchazir\u0259\u00e7i Az\u0259rbaycan Prezidenti \u0130lham \u018fliyevin 2021-ci il 2 fevral tarixind\u0259 imzalad\u0131\u011f\u0131 \u201cAz\u0259rbaycan 2030: sosial-iqtisadi inki\u015fafa dair Milli Prioritetl\u0259r\u201din t\u0259sdiq edilm\u0259si haqq\u0131nda S\u0259r\u0259ncam\u0131 qeyd ed\u0259r\u0259k, n\u00f6vb\u0259ti onillikd\u0259 \u00f6lk\u0259mizin sosial-iqtisadi inki\u015faf\u0131na dair Milli Prioritetin realla\u015fd\u0131r\u0131lmas\u0131nda d\u00f6vl\u0259t qulluq\u00e7ular\u0131n\u0131n qar\u015f\u0131s\u0131nda duran m\u00fch\u00fcm v\u0259zif\u0259l\u0259ri vur\u011fulay\u0131b.<br>T\u0259limin sonunda i\u015ftirak\u00e7\u0131lar\u0131n suallar\u0131 cavabland\u0131r\u0131l\u0131b.<\/p>\n","protected":false},"excerpt":{"rendered":"<p>Az\u0259rbaycan Respublikas\u0131n\u0131n Prezidenti yan\u0131nda D\u00f6vl\u0259t \u0130dar\u0259\u00e7ilik Akademiyas\u0131n\u0131n (D\u0130A) R\u0259hb\u0259r D\u00f6vl\u0259t \u0130dar\u0259\u00e7iliyi Kadrlar\u0131n\u0131n \u0130xtisas\u0131n\u0131n Art\u0131r\u0131lmas\u0131 \u0130nstitutu S\u0259f\u0259rb\u0259rlik v\u0259 H\u0259rbi Xidm\u0259t\u0259 \u00c7a\u011f\u0131r\u0131\u015f \u00fczr\u0259 D\u00f6vl\u0259t Xidm\u0259tinin r\u0259hb\u0259r<\/p>\n","protected":false},"author":2,"featured_media":86836,"comment_status":"closed","ping_status":"closed","sticky":false,"template":"","format":"standard","meta":{"footnotes":""},"categories":[12],"tags":[],"class_list":["post-86835","post","type-post","status-publish","format-standard","has-post-thumbnail","hentry","category-sosial"],"aioseo_notices":[],"_links":{"self":[{"href":"https:\/\/fedai.az\/index.php?rest_route=\/wp\/v2\/posts\/86835","targetHints":{"allow":["GET"]}}],"collection":[{"href":"https:\/\/fedai.az\/index.php?rest_route=\/wp\/v2\/posts"}],"about":[{"href":"https:\/\/fedai.az\/index.php?rest_route=\/wp\/v2\/types\/post"}],"author":[{"embeddable":true,"href":"https:\/\/fedai.az\/index.php?rest_route=\/wp\/v2\/users\/2"}],"replies":[{"embeddable":true,"href":"https:\/\/fedai.az\/index.php?rest_route=%2Fwp%2Fv2%2Fcomments&post=86835"}],"version-history":[{"count":1,"href":"https:\/\/fedai.az\/index.php?rest_route=\/wp\/v2\/posts\/86835\/revisions"}],"predecessor-version":[{"id":86839,"href":"https:\/\/fedai.az\/index.php?rest_route=\/wp\/v2\/posts\/86835\/revisions\/86839"}],"wp:featuredmedia":[{"embeddable":true,"href":"https:\/\/fedai.az\/index.php?rest_route=\/wp\/v2\/media\/86836"}],"wp:attachment":[{"href":"https:\/\/fedai.az\/index.php?rest_route=%2Fwp%2Fv2%2Fmedia&parent=86835"}],"wp:term":[{"taxonomy":"category","embeddable":true,"href":"https:\/\/fedai.az\/index.php?rest_route=%2Fwp%2Fv2%2Fcategories&post=86835"},{"taxonomy":"post_tag","embeddable":true,"href":"https:\/\/fedai.az\/index.php?rest_route=%2Fwp%2Fv2%2Ftags&post=86835"}],"curies":[{"name":"wp","href":"https:\/\/api.w.org\/{rel}","templated":true}]}}