{"id":89100,"date":"2023-01-24T12:10:17","date_gmt":"2023-01-24T08:10:17","guid":{"rendered":"https:\/\/fedai.az\/?p=89100"},"modified":"2023-01-24T12:10:19","modified_gmt":"2023-01-24T08:10:19","slug":"pensiyacilara-artiq-od%c9%99nilmis-v%c9%99sait-geri-alinmayacaq","status":"publish","type":"post","link":"https:\/\/fedai.az\/?p=89100","title":{"rendered":"Pensiya\u00e7\u0131lara art\u0131q \u00f6d\u0259nilmi\u015f v\u0259sait geri al\u0131nmayacaq"},"content":{"rendered":"\n<p><strong>Az\u0259rbaycanda pensiya\u00e7\u0131lara 2020-ci ild\u0259n \u0259vv\u0259l veril\u0259n art\u0131q \u00f6d\u0259ni\u015fl\u0259r geri ist\u0259nilm\u0259y\u0259c\u0259k.<\/strong><\/p>\n\n\n\n<p>Bu, Prezident \u0130lham \u018fliyevin \u201c\u018fm\u0259k pensiyalar\u0131 haqq\u0131nda\u201d qanuna d\u0259yi\u015fikliyi t\u0259sdiql\u0259m\u0259si il\u0259 m\u00fcmk\u00fcn olub.<\/p>\n\n\n\n<p>D\u0259yi\u015fiklikl\u0259r \u0259m\u0259k pensiyas\u0131na (\u0259m\u0259k pensiyas\u0131na \u0259lav\u0259y\u0259) g\u00f6r\u0259 art\u0131q \u00f6d\u0259nilmi\u015f m\u0259bl\u0259\u011fin tutulmas\u0131 m\u00fcdd\u0259tinin m\u0259hdudla\u015fd\u0131r\u0131lmas\u0131, bununla da son \u00fc\u00e7 ild\u0259n \u0259vv\u0259lki d\u00f6vrl\u0259 ba\u011fl\u0131 \u00f6d\u0259ni\u015f\u0259 amnistiyan\u0131n (g\u00fcz\u0259\u015ftin) t\u0259tbiq edilm\u0259si m\u0259qs\u0259di da\u015f\u0131y\u0131r. Y\u0259ni art\u0131q \u00f6d\u0259nilmi\u015f \u0259m\u0259k pensiyas\u0131n\u0131n v\u0259 \u0259m\u0259k pensiyas\u0131na \u0259lav\u0259nin m\u0259bl\u0259\u011finin tutulmas\u0131nda m\u00fcdd\u0259tli amnistiyan\u0131n t\u0259tbiqini n\u0259z\u0259rd\u0259 tutur. Y\u0259ni \u0259g\u0259r pensiya\u00e7\u0131ya f\u0259rqli s\u0259b\u0259bl\u0259rd\u0259n 2020-ci ild\u0259n \u0259vv\u0259l art\u0131q \u00f6d\u0259ni\u015f olubsa, yeni d\u0259yi\u015fiklikl\u0259r\u0259 \u0259sas\u0259n h\u0259min \u00f6d\u0259ni\u015f geri ist\u0259nilm\u0259y\u0259c\u0259k. D\u0259yi\u015fiklikl\u0259r 2020-ci ild\u0259n \u0259vv\u0259lki d\u00f6vr\u0259 amnistiyan\u0131n verilm\u0259sini n\u0259z\u0259rd\u0259 tutur.<\/p>\n\n\n\n<p>Qaydalara \u0259sas\u0259n, art\u0131q \u00f6d\u0259nilmi\u015f \u0259m\u0259k pensiyas\u0131 v\u0259 \u0259m\u0259k pensiyas\u0131na \u0259lav\u0259nin m\u0259bl\u0259\u011fi \u0259m\u0259k pensiya\u00e7\u0131s\u0131ndan \u0259m\u0259k pensiya\u00e7\u0131s\u0131n\u0131n raz\u0131l\u0131\u011f\u0131 il\u0259 \u0259m\u0259k pensiyas\u0131n\u0131 t\u0259yin ed\u0259n orqan\u0131n q\u0259rar\u0131 \u0259sas\u0131nda, raz\u0131l\u0131\u011f\u0131 olmad\u0131qda is\u0259 m\u0259hk\u0259m\u0259 qaydas\u0131nda yaln\u0131z a\u015fa\u011f\u0131dak\u0131 hallarda tutulur:<\/p>\n\n\n\n<p>&#8212; r\u00fc\u015fv\u0259t, h\u0259d\u0259-qorxu v\u0259 ya aldatma yolu il\u0259 art\u0131q m\u0259bl\u0259\u011fd\u0259 \u0259m\u0259k pensiyas\u0131n\u0131n v\u0259 \u0259m\u0259k pensiyas\u0131na \u0259lav\u0259nin t\u0259yin olunmas\u0131na nail olduqda;<br>&#8212; q\u0259sd\u0259n t\u0259hrif olunmu\u015f m\u0259lumatlar\u0131 \u0259ks etdir\u0259n s\u0259n\u0259dl\u0259r t\u0259qdim etm\u0259kl\u0259 art\u0131q m\u0259bl\u0259\u011fd\u0259 \u0259m\u0259k pensiyas\u0131n\u0131n v\u0259 \u0259m\u0259k pensiyas\u0131na \u0259lav\u0259nin t\u0259yin olunmas\u0131na nail olduqda;<br>&#8212; inzibati akt\u0131n qanunsuz oldu\u011funu bildiyi v\u0259 ya kobud ehtiyats\u0131zl\u0131q n\u0259tic\u0259sind\u0259 bilm\u0259diyi halda.<\/p>\n\n\n\n<p>Bundan ba\u015fqa, art\u0131q \u00f6d\u0259nilmi\u015f \u0259m\u0259k pensiyas\u0131n\u0131n v\u0259 \u0259m\u0259k pensiyas\u0131na \u0259lav\u0259nin m\u0259bl\u0259\u011finin \u0259m\u0259k pensiya\u00e7\u0131s\u0131ndan tutuldu\u011fu hallar istisna olmaqla, dig\u0259r hallarda v\u0259zif\u0259li \u015f\u0259xsin t\u0259qsiri, y\u0259ni kobud ehtiyats\u0131zl\u0131\u011f\u0131 v\u0259 ya q\u0259sdi n\u0259tic\u0259sind\u0259 art\u0131q \u00f6d\u0259nilmi\u015f \u0259m\u0259k pensiyas\u0131 v\u0259 \u0259m\u0259k pensiyas\u0131na \u0259lav\u0259nin m\u0259bl\u0259\u011fi h\u0259min v\u0259zif\u0259li \u015f\u0259xsd\u0259n onun raz\u0131l\u0131\u011f\u0131 il\u0259, bel\u0259 raz\u0131l\u0131q olmad\u0131qda is\u0259 m\u0259hk\u0259m\u0259 qaydas\u0131nda tutulur.<\/p>\n\n\n\n<p>Eyni zamanda geri \u00f6d\u0259nil\u0259c\u0259k v\u0259sait h\u0259r ay \u0259m\u0259k pensiya\u00e7\u0131s\u0131na \u00f6d\u0259nilm\u0259li olan m\u0259bl\u0259\u011fin 10 faizind\u0259n az, 20 faizind\u0259n art\u0131q ola bilm\u0259z.<br>Qanun 2023-c\u00fc il yanvar\u0131n 1-d\u0259n q\u00fcvv\u0259y\u0259 minib<\/p>\n\n\n\n<p><\/p>\n","protected":false},"excerpt":{"rendered":"<p>Az\u0259rbaycanda pensiya\u00e7\u0131lara 2020-ci ild\u0259n \u0259vv\u0259l veril\u0259n art\u0131q \u00f6d\u0259ni\u015fl\u0259r geri ist\u0259nilm\u0259y\u0259c\u0259k. Bu, Prezident \u0130lham \u018fliyevin \u201c\u018fm\u0259k pensiyalar\u0131 haqq\u0131nda\u201d qanuna d\u0259yi\u015fikliyi t\u0259sdiql\u0259m\u0259si il\u0259 m\u00fcmk\u00fcn olub. D\u0259yi\u015fiklikl\u0259r<\/p>\n","protected":false},"author":2,"featured_media":0,"comment_status":"closed","ping_status":"closed","sticky":false,"template":"","format":"standard","meta":{"footnotes":""},"categories":[12],"tags":[],"class_list":["post-89100","post","type-post","status-publish","format-standard","hentry","category-sosial"],"aioseo_notices":[],"_links":{"self":[{"href":"https:\/\/fedai.az\/index.php?rest_route=\/wp\/v2\/posts\/89100","targetHints":{"allow":["GET"]}}],"collection":[{"href":"https:\/\/fedai.az\/index.php?rest_route=\/wp\/v2\/posts"}],"about":[{"href":"https:\/\/fedai.az\/index.php?rest_route=\/wp\/v2\/types\/post"}],"author":[{"embeddable":true,"href":"https:\/\/fedai.az\/index.php?rest_route=\/wp\/v2\/users\/2"}],"replies":[{"embeddable":true,"href":"https:\/\/fedai.az\/index.php?rest_route=%2Fwp%2Fv2%2Fcomments&post=89100"}],"version-history":[{"count":1,"href":"https:\/\/fedai.az\/index.php?rest_route=\/wp\/v2\/posts\/89100\/revisions"}],"predecessor-version":[{"id":89102,"href":"https:\/\/fedai.az\/index.php?rest_route=\/wp\/v2\/posts\/89100\/revisions\/89102"}],"wp:attachment":[{"href":"https:\/\/fedai.az\/index.php?rest_route=%2Fwp%2Fv2%2Fmedia&parent=89100"}],"wp:term":[{"taxonomy":"category","embeddable":true,"href":"https:\/\/fedai.az\/index.php?rest_route=%2Fwp%2Fv2%2Fcategories&post=89100"},{"taxonomy":"post_tag","embeddable":true,"href":"https:\/\/fedai.az\/index.php?rest_route=%2Fwp%2Fv2%2Ftags&post=89100"}],"curies":[{"name":"wp","href":"https:\/\/api.w.org\/{rel}","templated":true}]}}